{"id":39376,"date":"2025-07-22T11:16:37","date_gmt":"2025-07-22T14:16:37","guid":{"rendered":"https:\/\/guialimeira.com.br\/?p=39376"},"modified":"2025-07-22T11:16:37","modified_gmt":"2025-07-22T14:16:37","slug":"comissao-questiona-medidas-adotadas-pela-prefeitura-na-ceief-prof-flora-de-castro-rodrigues","status":"publish","type":"post","link":"https:\/\/guialimeira.com.br\/news\/comissao-questiona-medidas-adotadas-pela-prefeitura-na-ceief-prof-flora-de-castro-rodrigues\/","title":{"rendered":"Comiss\u00e3o questiona medidas adotadas pela Prefeitura na Ceief Prof. Flora de Castro Rodrigues"},"content":{"rendered":"\n<figure class=\"wp-block-gallery has-nested-images columns-default is-cropped wp-block-gallery-1 is-layout-flex wp-block-gallery-is-layout-flex\"><\/figure>\n \r\n<br><img data-recalc-dims=\"1\" decoding=\"async\" src=\"https:\/\/i0.wp.com\/guialimeira.com.br\/wp-content\/uploads\/2025\/07\/Comissao-questiona-medidas-adotadas-pela-Prefeitura-na-Ceief-Prof-Flora.jpeg?w=696&#038;ssl=1\" \/><br><div>\n\t\t\t\t\t<p>A Comiss\u00e3o de Educa\u00e7\u00e3o voltou a discutir a situa\u00e7\u00e3o do Centro de Educa\u00e7\u00e3o Infantil e Ensino Fundamental (Ceief) Professora Flora de Castro Rodrigues, na reuni\u00e3o desta quarta-feira, 16 de julho. Diante problemas estruturais, os vereadores encaminharam of\u00edcio \u00e0 Prefeitura questionando quais as medidas adotadas para garantir a seguran\u00e7a dos alunos e servidores p\u00fablicos no local.\u00a0<\/p><p>Foi anexada ao of\u00edcio c\u00f3pia de um relat\u00f3rio emitido pela Secretaria Municipal de Urbanismo no ano passado, conforme resposta ao <a href=\"https:\/\/consulta.limeira.sp.leg.br\/Documentos\/Documento\/350807\" rel=\"noopener\">Requerimento N\u00ba 396\/2024<\/a>, no qual consta a proibi\u00e7\u00e3o da circula\u00e7\u00e3o das pessoas nos espa\u00e7os por meio de interdi\u00e7\u00e3o.<\/p><p>Em 2024, o Conselho Municipal de Defesa do Patrim\u00f4nio Hist\u00f3rico e Arquitet\u00f4nico de Limeira (Condephali) informou \u00e0 Prefeitura e \u00e0 Comiss\u00e3o sobre vistoria feita no dia 27 de maio quando constatou que as condi\u00e7\u00f5es estruturais de arcos de varanda do refeit\u00f3rio est\u00e3o com \u201cgrav\u00edssimos problemas estruturais\u201d, que as trincas encontrada em setembro de 2023 aumentaram e impactam a cobertura, \u201capontando que um prov\u00e1vel colapso possa puxar a cobertura do refeit\u00f3rio e cairia possivelmente sobre esse espa\u00e7o coletivo da edifica\u00e7\u00e3o\u201d, evidenciou.<\/p><p>O Condephali tamb\u00e9m indicou no of\u00edcio que a estrutura do pergolado frontal apresenta risco de ruir por causa das fissuras e que os dois pontos constituem \u201crelevante quadro de perigo para seus usu\u00e1rios\u201d.<\/p><p>O assunto foi abordado <a href=\"https:\/\/www.limeira.sp.leg.br\/noticias\/view\/2024-07-03_comissao-de-educacao-pede-providencias-para-garantir-seguranca-na-ceief-flora-de-castro\" rel=\"noopener\">\u00e0 \u00e9poca pela Comiss\u00e3o de Educa\u00e7\u00e3o<\/a> e retomado esta semana com o objetivo de verificar o que houve de evolu\u00e7\u00e3o na ado\u00e7\u00e3o de provid\u00eancias por parte da Prefeitura.\u00a0\u00a0\u00a0<\/p><p><strong>Jardim Roseira<\/strong><\/p><p>O colegiado tamb\u00e9m deliberou envio de of\u00edcio ao Poder Executivo com pedido de c\u00f3pia do or\u00e7amento elaborado para a constru\u00e7\u00e3o de uma nova creche no Jardim Roseira.\u00a0<\/p><p><strong>A Comiss\u00e3o<\/strong><\/p><p>A Comiss\u00e3o de Educa\u00e7\u00e3o da C\u00e2mara tem como compet\u00eancia a fiscaliza\u00e7\u00e3o de assuntos relacionados \u00e0 educa\u00e7\u00e3o e ao ensino. Os membros tamb\u00e9m s\u00e3o respons\u00e1veis por abordar a pol\u00edtica e sistema educacional nos aspectos institucionais, estruturais, funcionais e legais, al\u00e9m de opinarem acerca de projetos da rede municipal de ensino, programas e pol\u00edticas p\u00fablicas que tratem do ambiente escolar, dos professores e estudantes, bem como servidores da rede de ensino, servi\u00e7os, equipamentos e programas educacionais.<\/p><p>Fazem parte do colegiado a vereadora Mariana Calsa\u00a0 (MDB), presidente; Nilton Santos (Republicanos), vice-presidente, e Waguinho da Santa Luzia (PP), secret\u00e1rio.\u00a0\u00a0<\/p><p>A delibera\u00e7\u00f5es dos membros s\u00e3o registradas em <a href=\"https:\/\/consulta.limeira.sp.leg.br\/Sessoes\/Sessao\/4156\" rel=\"noopener\">ata<\/a>.\u00a0\u00a0<\/p>\t\t\t\t<\/div>\r\n<br>\r\n<br><a href=\"https:\/\/www.limeira.sp.leg.br\/noticias\/view\/2025-07-16_comissao-questiona-medidas-adotadas-pela-prefeitura-na-ceief-prof-flora-de-castro-rodrigues\" rel=\"noopener\">Informa\u00e7\u00f5es CML <\/a>","protected":false},"excerpt":{"rendered":"<p>A Comiss\u00e3o de Educa\u00e7\u00e3o voltou a discutir a situa\u00e7\u00e3o do Centro de Educa\u00e7\u00e3o Infantil e Ensino Fundamental (Ceief) Professora Flora de Castro Rodrigues, na reuni\u00e3o desta quarta-feira, 16 de julho. Diante problemas estruturais, os vereadores encaminharam of\u00edcio \u00e0 Prefeitura questionando quais as medidas adotadas para garantir a seguran\u00e7a dos alunos e servidores p\u00fablicos no local.\u00a0 [&hellip;]<\/p>\n","protected":false},"author":1,"featured_media":39375,"comment_status":"open","ping_status":"open","sticky":false,"template":"","format":"standard","meta":{"_jetpack_newsletter_access":"","_jetpack_dont_email_post_to_subs":false,"_jetpack_newsletter_tier_id":0,"_jetpack_memberships_contains_paywalled_content":false,"_mbp_banners":[],"_jetpack_feature_clip_id":0,"_jetpack_memberships_contains_paid_content":false,"footnotes":"","jetpack_publicize_message":"","jetpack_publicize_feature_enabled":true,"jetpack_social_post_already_shared":true,"jetpack_social_options":{"image_generator_settings":{"template":"highway","default_image_id":0,"font":"","enabled":false},"version":2},"jetpack_post_was_ever_published":false},"categories":[19],"tags":[],"class_list":["post-39376","post","type-post","status-publish","format-standard","has-post-thumbnail","category-politica"],"jetpack_publicize_connections":[],"jetpack-related-posts":[],"jetpack_shortlink":"https:\/\/wp.me\/p7Eq1F-af6","jetpack_sharing_enabled":true,"jetpack_featured_media_url":"https:\/\/i0.wp.com\/guialimeira.com.br\/news\/wp-content\/uploads\/2025\/07\/Comissao-questiona-medidas-adotadas-pela-Prefeitura-na-Ceief-Prof-Flora.jpeg?fit=1280%2C640&ssl=1","_links":{"self":[{"href":"https:\/\/guialimeira.com.br\/news\/wp-json\/wp\/v2\/posts\/39376","targetHints":{"allow":["GET"]}}],"collection":[{"href":"https:\/\/guialimeira.com.br\/news\/wp-json\/wp\/v2\/posts"}],"about":[{"href":"https:\/\/guialimeira.com.br\/news\/wp-json\/wp\/v2\/types\/post"}],"author":[{"embeddable":true,"href":"https:\/\/guialimeira.com.br\/news\/wp-json\/wp\/v2\/users\/1"}],"replies":[{"embeddable":true,"href":"https:\/\/guialimeira.com.br\/news\/wp-json\/wp\/v2\/comments?post=39376"}],"version-history":[{"count":1,"href":"https:\/\/guialimeira.com.br\/news\/wp-json\/wp\/v2\/posts\/39376\/revisions"}],"predecessor-version":[{"id":39377,"href":"https:\/\/guialimeira.com.br\/news\/wp-json\/wp\/v2\/posts\/39376\/revisions\/39377"}],"wp:featuredmedia":[{"embeddable":true,"href":"https:\/\/guialimeira.com.br\/news\/wp-json\/wp\/v2\/media\/39375"}],"wp:attachment":[{"href":"https:\/\/guialimeira.com.br\/news\/wp-json\/wp\/v2\/media?parent=39376"}],"wp:term":[{"taxonomy":"category","embeddable":true,"href":"https:\/\/guialimeira.com.br\/news\/wp-json\/wp\/v2\/categories?post=39376"},{"taxonomy":"post_tag","embeddable":true,"href":"https:\/\/guialimeira.com.br\/news\/wp-json\/wp\/v2\/tags?post=39376"}],"curies":[{"name":"wp","href":"https:\/\/api.w.org\/{rel}","templated":true}]}}