{"id":3937,"date":"2024-05-06T19:21:45","date_gmt":"2024-05-06T22:21:45","guid":{"rendered":"https:\/\/guialimeira.com.br\/2024\/05\/06\/capacitacao-de-acss-marca-o-dia-nacional-do-uso-racional-de-medicamentos-portal-do-municipio-de-piracicaba\/"},"modified":"2024-05-06T19:21:45","modified_gmt":"2024-05-06T22:21:45","slug":"capacitacao-de-acss-marca-o-dia-nacional-do-uso-racional-de-medicamentos-portal-do-municipio-de-piracicaba","status":"publish","type":"post","link":"https:\/\/guialimeira.com.br\/news\/capacitacao-de-acss-marca-o-dia-nacional-do-uso-racional-de-medicamentos-portal-do-municipio-de-piracicaba\/","title":{"rendered":"Capacita\u00e7\u00e3o de ACSs marca o Dia Nacional do Uso Racional de Medicamentos \u2013 Portal do Munic\u00edpio de Piracicaba"},"content":{"rendered":"<p> <br \/>\n<\/p>\n<div>\n<figure class=\"text-center\">\n<img data-recalc-dims=\"1\" width=\"696\" height=\"313\" src=\"https:\/\/i0.wp.com\/piracicaba.sp.gov.br\/wp-content\/uploads\/2024\/05\/Cerca-de-150-servidores-da-Saude-partiparam-do-primeiro-dia-de-capacitacao-sobre-uso-racional-de-medicamentos-1024x461.jpg?resize=696%2C313&#038;ssl=1\" class=\"img-fluid img-thumbnail border-1 wp-post-image\" alt=\"Cerca de 150 servidores da Sa\u00fade partiparam do primeiro dia de capacita\u00e7\u00e3o sobre uso racional de medicamentos\" itemprop=\"image\" decoding=\"async\" fetchpriority=\"high\" srcset=\"https:\/\/piracicaba.sp.gov.br\/wp-content\/uploads\/2024\/05\/Cerca-de-150-servidores-da-Saude-partiparam-do-primeiro-dia-de-capacitacao-sobre-uso-racional-de-medicamentos-1024x461.jpg 1024w, https:\/\/piracicaba.sp.gov.br\/wp-content\/uploads\/2024\/05\/Cerca-de-150-servidores-da-Saude-partiparam-do-primeiro-dia-de-capacitacao-sobre-uso-racional-de-medicamentos-300x135.jpg 300w, https:\/\/piracicaba.sp.gov.br\/wp-content\/uploads\/2024\/05\/Cerca-de-150-servidores-da-Saude-partiparam-do-primeiro-dia-de-capacitacao-sobre-uso-racional-de-medicamentos-768x346.jpg 768w, https:\/\/piracicaba.sp.gov.br\/wp-content\/uploads\/2024\/05\/Cerca-de-150-servidores-da-Saude-partiparam-do-primeiro-dia-de-capacitacao-sobre-uso-racional-de-medicamentos-1536x691.jpg 1536w, https:\/\/piracicaba.sp.gov.br\/wp-content\/uploads\/2024\/05\/Cerca-de-150-servidores-da-Saude-partiparam-do-primeiro-dia-de-capacitacao-sobre-uso-racional-de-medicamentos-2048x922.jpg 2048w\" sizes=\"(max-width: 1024px) 100vw, 1024px\"\/><figcaption class=\"text-center small fw-bold fst-italic mt-1\">Cerca de 150 servidores da Sa\u00fade partiparam do primeiro dia de capacita\u00e7\u00e3o sobre uso racional de medicamentos<\/figcaption><\/figure>\n<p>Na tentativa de solucionar um primeiro sinal de dor, a automedica\u00e7\u00e3o pode causar desde a intoxica\u00e7\u00e3o medicamentosa at\u00e9 a piora dos sintomas manifestados. Sem a prescri\u00e7\u00e3o m\u00e9dica, o indiv\u00edduo pode estar ingerindo rem\u00e9dios para a finalidade errada e na quantidade inadequada, o que resulta em uma combina\u00e7\u00e3o bastante perigosa. Para evitar esta e outras situa\u00e7\u00f5es, o Departamento de Assist\u00eancia Farmac\u00eautica (DAF) da Secretaria de Sa\u00fade (SMS) iniciou hoje, 06\/05, uma s\u00e9rie de a\u00e7\u00f5es para marcar o Dia Nacional do Uso Racional de Medicamentos (05\/05) com palestras de capacita\u00e7\u00e3o para Agentes Comunit\u00e1rios de Sa\u00fade (ACS). Nesta segunda-feira, participaram cerca de 140 ACSs e, no pr\u00f3ximo dia 16\/05, outros mais de 150 agentes ser\u00e3o capacitados.<\/p>\n<p>Ana Raquel Passari Faggin de Castro, diretora do DAF\/SMS, refor\u00e7ou que a programa\u00e7\u00e3o diferenciada no m\u00eas de maio busca envolver a comunidade, o profissional farmac\u00eautico e agentes comunit\u00e1rios de sa\u00fade (ACS) sobre a necessidade de utiliza\u00e7\u00e3o correta de medicamentos, conforme a orienta\u00e7\u00e3o de profissionais de sa\u00fade e os riscos da automedica\u00e7\u00e3o. \u201cEstamos discutindo e conscientizando a sociedade piracicabana quanto aos riscos \u00e0 sa\u00fade causados pela automedica\u00e7\u00e3o e uso indiscriminado de medicamentos. Capacitar ACSs \u00e9 muito importante pois eles s\u00e3o as principais ferramentas diretas de informa\u00e7\u00e3o \u00e0 popula\u00e7\u00e3o\u201d, disse.<\/p>\n<figure class=\"wp-block-image size-large\"><img data-recalc-dims=\"1\" loading=\"lazy\" decoding=\"async\" width=\"696\" height=\"332\" src=\"https:\/\/i0.wp.com\/piracicaba.sp.gov.br\/wp-content\/uploads\/2024\/05\/Ana-Raquel-e-diretora-do-Departamento-de-Assistencia-Farmaceutica-da-SMS-1024x489.jpg?resize=696%2C332&#038;ssl=1\" alt=\"Ana Raquel \u00e9 diretora do Departamento de Assist\u00eancia Farmac\u00eautica da SMS\" class=\"wp-image-78496\" srcset=\"https:\/\/piracicaba.sp.gov.br\/wp-content\/uploads\/2024\/05\/Ana-Raquel-e-diretora-do-Departamento-de-Assistencia-Farmaceutica-da-SMS-1024x489.jpg 1024w, https:\/\/piracicaba.sp.gov.br\/wp-content\/uploads\/2024\/05\/Ana-Raquel-e-diretora-do-Departamento-de-Assistencia-Farmaceutica-da-SMS-300x143.jpg 300w, https:\/\/piracicaba.sp.gov.br\/wp-content\/uploads\/2024\/05\/Ana-Raquel-e-diretora-do-Departamento-de-Assistencia-Farmaceutica-da-SMS-768x367.jpg 768w, https:\/\/piracicaba.sp.gov.br\/wp-content\/uploads\/2024\/05\/Ana-Raquel-e-diretora-do-Departamento-de-Assistencia-Farmaceutica-da-SMS-1536x734.jpg 1536w, https:\/\/piracicaba.sp.gov.br\/wp-content\/uploads\/2024\/05\/Ana-Raquel-e-diretora-do-Departamento-de-Assistencia-Farmaceutica-da-SMS-2048x979.jpg 2048w\" sizes=\"auto, (max-width: 1024px) 100vw, 1024px\"\/><figcaption class=\"wp-element-caption\"><strong><em>Ana Raquel \u00e9 diretora do Departamento de Assist\u00eancia Farmac\u00eautica da SMS<\/em><\/strong><\/figcaption><\/figure>\n<p>O assessor de gest\u00e3o em projetos de sa\u00fade, Marcelo Pinto de Carvalho \u2013 que representou o secret\u00e1rio de Sa\u00fade, Augusto Muzilli J\u00fanior \u2013, refor\u00e7ou a import\u00e2ncia da atividade. \u201cO agente de sa\u00fade \u00e9 o cart\u00e3o de visita da Prefeitura e realizada um trabalho muito significativo de mostrar e cuidar da ades\u00e3o da popula\u00e7\u00e3o das a\u00e7\u00f5es de sa\u00fade promovidas pelo poder p\u00fablico. Dar a oportunidade do ACS em conhecer melhor sobre o uso racional de medicamentos e dar a ele o incentivo necess\u00e1rio de alertar a popula\u00e7\u00e3o sobre o assunto podemos evitar muitos problemas ligados \u00e0 automedica\u00e7\u00e3o ou ao uso equivocado de rem\u00e9dios\u201d, pontuou.<\/p>\n<figure class=\"wp-block-image size-large\"><img data-recalc-dims=\"1\" loading=\"lazy\" decoding=\"async\" width=\"696\" height=\"313\" src=\"https:\/\/i0.wp.com\/piracicaba.sp.gov.br\/wp-content\/uploads\/2024\/05\/Marcelo-de-Carvalho-enfatizou-a-importancia-do-ACS-junto-a-comunidade-piracicabana-1024x461.jpg?resize=696%2C313&#038;ssl=1\" alt=\"Marcelo de Carvalho enfatizou a import\u00e2ncia do ACS junto a comunidade piracicabana\" class=\"wp-image-78498\" srcset=\"https:\/\/piracicaba.sp.gov.br\/wp-content\/uploads\/2024\/05\/Marcelo-de-Carvalho-enfatizou-a-importancia-do-ACS-junto-a-comunidade-piracicabana-1024x461.jpg 1024w, https:\/\/piracicaba.sp.gov.br\/wp-content\/uploads\/2024\/05\/Marcelo-de-Carvalho-enfatizou-a-importancia-do-ACS-junto-a-comunidade-piracicabana-300x135.jpg 300w, https:\/\/piracicaba.sp.gov.br\/wp-content\/uploads\/2024\/05\/Marcelo-de-Carvalho-enfatizou-a-importancia-do-ACS-junto-a-comunidade-piracicabana-768x346.jpg 768w, https:\/\/piracicaba.sp.gov.br\/wp-content\/uploads\/2024\/05\/Marcelo-de-Carvalho-enfatizou-a-importancia-do-ACS-junto-a-comunidade-piracicabana-1536x691.jpg 1536w, https:\/\/piracicaba.sp.gov.br\/wp-content\/uploads\/2024\/05\/Marcelo-de-Carvalho-enfatizou-a-importancia-do-ACS-junto-a-comunidade-piracicabana-2048x922.jpg 2048w\" sizes=\"auto, (max-width: 1024px) 100vw, 1024px\"\/><figcaption class=\"wp-element-caption\"><strong><em>Marcelo de Carvalho enfatizou a import\u00e2ncia do ACS junto a comunidade piracicabana<\/em><\/strong><\/figcaption><\/figure>\n<p>As a\u00e7\u00f5es t\u00eam apoio do Conselho Regional de Farm\u00e1cia (CRF-SP) seccional Piracicaba, representada pela delegada regional Rafaela Parolina de Carvalho e o curso de farm\u00e1cia da Universidade Anhembi-Morumbi (UAM), representando pela coordenadora do curso, Josy Goldoni Lazarini.<\/p>\n<figure class=\"wp-block-image size-large\"><img data-recalc-dims=\"1\" loading=\"lazy\" decoding=\"async\" width=\"696\" height=\"313\" src=\"https:\/\/i0.wp.com\/piracicaba.sp.gov.br\/wp-content\/uploads\/2024\/05\/Palestras-aconteceram-no-anfiteatro-da-Secretaria-de-Educacao-nesta-segunda-feira-06-05-1024x461.jpg?resize=696%2C313&#038;ssl=1\" alt=\"Palestras aconteceram no anfiteatro da Secretaria de Educa\u00e7\u00e3o nesta segunda-feira\" class=\"wp-image-78499\" srcset=\"https:\/\/piracicaba.sp.gov.br\/wp-content\/uploads\/2024\/05\/Palestras-aconteceram-no-anfiteatro-da-Secretaria-de-Educacao-nesta-segunda-feira-06-05-1024x461.jpg 1024w, https:\/\/piracicaba.sp.gov.br\/wp-content\/uploads\/2024\/05\/Palestras-aconteceram-no-anfiteatro-da-Secretaria-de-Educacao-nesta-segunda-feira-06-05-300x135.jpg 300w, https:\/\/piracicaba.sp.gov.br\/wp-content\/uploads\/2024\/05\/Palestras-aconteceram-no-anfiteatro-da-Secretaria-de-Educacao-nesta-segunda-feira-06-05-768x346.jpg 768w, https:\/\/piracicaba.sp.gov.br\/wp-content\/uploads\/2024\/05\/Palestras-aconteceram-no-anfiteatro-da-Secretaria-de-Educacao-nesta-segunda-feira-06-05-1536x692.jpg 1536w, https:\/\/piracicaba.sp.gov.br\/wp-content\/uploads\/2024\/05\/Palestras-aconteceram-no-anfiteatro-da-Secretaria-de-Educacao-nesta-segunda-feira-06-05-2048x922.jpg 2048w\" sizes=\"auto, (max-width: 1024px) 100vw, 1024px\"\/><figcaption class=\"wp-element-caption\"><strong><em>Palestras aconteceram no anfiteatro da Secretaria de Educa\u00e7\u00e3o nesta segunda-feira, 06\/05<\/em><\/strong><\/figcaption><\/figure>\n<p><strong>EVENTOS \u2013<\/strong>\u00a0As pr\u00f3ximas atividades s\u00e3o: dia 16\/05, das 13h \u00e0s 16h, no Anfiteatro da Secretaria de Educa\u00e7\u00e3o (rua Cristiano Cleopath, 1.902, bairro dos Alem\u00e3es), segunda turma de ACSs para capacita\u00e7\u00e3o; em 20\/05, acontece palestra para cerca de 130 farmac\u00eauticos e estudantes de farm\u00e1cia com o tema Plano de condutas farmac\u00eauticas frente \u00e0 identifica\u00e7\u00e3o dos PRMs e a interface com o m\u00e9dico. Al\u00e9m de uma a\u00e7\u00e3o cont\u00ednua ao longo do m\u00eas em todas as Unidades B\u00e1sicas de Sa\u00fade de Piracicaba voltada aos pacientes.<\/p>\n<p>Informa\u00e7\u00f5es e dicas para evitar problemas com o uso de medicamentos tamb\u00e9m est\u00e3o dispon\u00edveis no site da <a href=\"https:\/\/abrir.link\/Medicamentos-Anvisa\" rel=\"noopener\">Anvisa (Ag\u00eancia Nacional de Vigil\u00e2ncia Sanit\u00e1ria).<\/a><\/p>\n<figure class=\"wp-block-embed\">\n<p>\nhttps:\/\/abrir.link\/Medicamentos-Anvisa<\/p>\n<\/figure>\n<\/div>\n<p><br \/>\n<br \/><a href=\"https:\/\/piracicaba.sp.gov.br\/noticias\/capacitacao-de-acss-marca-o-dia-nacional-do-uso-racional-de-medicamentos\/\" rel=\"noopener\">Informa\u00e7\u00f5es PMP <\/a><\/p>\n","protected":false},"excerpt":{"rendered":"<p>Cerca de 150 servidores da Sa\u00fade partiparam do primeiro dia de capacita\u00e7\u00e3o sobre uso racional de medicamentos Na tentativa de solucionar um primeiro sinal de dor, a automedica\u00e7\u00e3o pode causar desde a intoxica\u00e7\u00e3o medicamentosa at\u00e9 a piora dos sintomas manifestados. Sem a prescri\u00e7\u00e3o m\u00e9dica, o indiv\u00edduo pode estar ingerindo rem\u00e9dios para a finalidade errada e [&hellip;]<\/p>\n","protected":false},"author":1,"featured_media":3938,"comment_status":"open","ping_status":"open","sticky":false,"template":"","format":"standard","meta":{"_jetpack_newsletter_access":"","_jetpack_dont_email_post_to_subs":false,"_jetpack_newsletter_tier_id":0,"_jetpack_memberships_contains_paywalled_content":false,"_mbp_banners":[],"_jetpack_feature_clip_id":0,"_jetpack_memberships_contains_paid_content":false,"footnotes":"","jetpack_publicize_message":"","jetpack_publicize_feature_enabled":true,"jetpack_social_post_already_shared":true,"jetpack_social_options":{"image_generator_settings":{"template":"highway","default_image_id":0,"font":"","enabled":false},"version":2},"jetpack_post_was_ever_published":false},"categories":[20],"tags":[],"class_list":["post-3937","post","type-post","status-publish","format-standard","has-post-thumbnail","category-regiao"],"jetpack_publicize_connections":[],"jetpack-related-posts":[],"jetpack_shortlink":"https:\/\/wp.me\/p7Eq1F-11v","jetpack_sharing_enabled":true,"jetpack_featured_media_url":"https:\/\/i0.wp.com\/guialimeira.com.br\/news\/wp-content\/uploads\/2024\/05\/Cerca-de-150-servidores-da-Saude-partiparam-do-primeiro-dia-de-capacitacao-sobre-uso-racional-de-medicamentos-scaled.jpg?fit=2560%2C1152&ssl=1","_links":{"self":[{"href":"https:\/\/guialimeira.com.br\/news\/wp-json\/wp\/v2\/posts\/3937","targetHints":{"allow":["GET"]}}],"collection":[{"href":"https:\/\/guialimeira.com.br\/news\/wp-json\/wp\/v2\/posts"}],"about":[{"href":"https:\/\/guialimeira.com.br\/news\/wp-json\/wp\/v2\/types\/post"}],"author":[{"embeddable":true,"href":"https:\/\/guialimeira.com.br\/news\/wp-json\/wp\/v2\/users\/1"}],"replies":[{"embeddable":true,"href":"https:\/\/guialimeira.com.br\/news\/wp-json\/wp\/v2\/comments?post=3937"}],"version-history":[{"count":0,"href":"https:\/\/guialimeira.com.br\/news\/wp-json\/wp\/v2\/posts\/3937\/revisions"}],"wp:featuredmedia":[{"embeddable":true,"href":"https:\/\/guialimeira.com.br\/news\/wp-json\/wp\/v2\/media\/3938"}],"wp:attachment":[{"href":"https:\/\/guialimeira.com.br\/news\/wp-json\/wp\/v2\/media?parent=3937"}],"wp:term":[{"taxonomy":"category","embeddable":true,"href":"https:\/\/guialimeira.com.br\/news\/wp-json\/wp\/v2\/categories?post=3937"},{"taxonomy":"post_tag","embeddable":true,"href":"https:\/\/guialimeira.com.br\/news\/wp-json\/wp\/v2\/tags?post=3937"}],"curies":[{"name":"wp","href":"https:\/\/api.w.org\/{rel}","templated":true}]}}