{"id":39368,"date":"2025-07-22T10:15:38","date_gmt":"2025-07-22T13:15:38","guid":{"rendered":"https:\/\/guialimeira.com.br\/?p=39368"},"modified":"2025-07-22T10:15:38","modified_gmt":"2025-07-22T13:15:38","slug":"deficit-habitacional-e-tema-de-requerimento-do-vereador-waguinho-da-santa-luzia","status":"publish","type":"post","link":"https:\/\/guialimeira.com.br\/news\/deficit-habitacional-e-tema-de-requerimento-do-vereador-waguinho-da-santa-luzia\/","title":{"rendered":"D\u00e9ficit habitacional \u00e9 tema de requerimento do vereador Waguinho da Santa Luzia"},"content":{"rendered":"\n<figure class=\"wp-block-gallery has-nested-images columns-default is-cropped wp-block-gallery-1 is-layout-flex wp-block-gallery-is-layout-flex\"><\/figure>\n \r\n<br><img data-recalc-dims=\"1\" decoding=\"async\" src=\"https:\/\/i0.wp.com\/guialimeira.com.br\/wp-content\/uploads\/2025\/07\/Deficit-habitacional-e-tema-de-requerimento-do-vereador-Waguinho-da.jpg?w=696&#038;ssl=1\" \/><br><div>\n\t\t\t\t\t<p>A C\u00e2mara encaminhou \u00e0 Prefeitura nesta ter\u00e7a-feira, 15 de julho, o<a href=\"https:\/\/consulta.limeira.sp.leg.br\/Documentos\/Documento\/385960\" rel=\"noopener\"> Requerimento N\u00ba 441\/2025<\/a> com questionamentos sobre o d\u00e9ficit habitacional em Limeira. O pedido foi elaborado pelo vereador Waguinho da Santa Luzia (PP).<\/p><p>O parlamentar quer saber qual o d\u00e9ficit habitacional no munic\u00edpio e quando o dado foi atualizado. Al\u00e9m disso, pergunta qual o procedimento para que o mun\u00edcipe fa\u00e7a o cadastro habitacional no site oficial da Secretaria de Habita\u00e7\u00e3o. Ele indagou ainda sobre o procedimento de atualiza\u00e7\u00e3o, se no dia 8 de julho o sistema de cadastramento estava dispon\u00edvel e as devidas justificativas, em caso de nega\u00e7\u00e3o.\u00a0\u00a0<\/p><p>Com rela\u00e7\u00e3o ao plano de governo do prefeito Murilo F\u00e9lix (Podemos), Waguinho questiona se neste primeiro semestre foi realizado um programa de cr\u00e9dito habitacional e se foram definidas as \u00e1reas onde a Prefeitura poder\u00e1 criar lotes urbanizados.\u00a0\u00a0<\/p><p><i>Do Gabinete Parlamentar \u2013 Vereador Waguinho da Santa Luzia (PP)<\/i><\/p><p><strong>As mat\u00e9rias de origem dos Gabinetes Parlamentares s\u00e3o de inteira\u00a0 responsabilidade dos parlamentares e de suas assessorias. S\u00e3o devidamente assinadas e n\u00e3o refletem, necessariamente, a opini\u00e3o institucional da C\u00e2mara Municipal de Limeira.\u00a0<\/strong><\/p><p>\u00a0<\/p>\t\t\t\t<\/div>\r\n<br>\r\n<br><a href=\"https:\/\/www.limeira.sp.leg.br\/noticias\/view\/2025-07-16_deficit-habitacional-e-tema-de-requerimento-do-vereador-waguinho-da-santa-luzia\" rel=\"noopener\">Informa\u00e7\u00f5es CML <\/a>","protected":false},"excerpt":{"rendered":"<p>A C\u00e2mara encaminhou \u00e0 Prefeitura nesta ter\u00e7a-feira, 15 de julho, o Requerimento N\u00ba 441\/2025 com questionamentos sobre o d\u00e9ficit habitacional em Limeira. O pedido foi elaborado pelo vereador Waguinho da Santa Luzia (PP). O parlamentar quer saber qual o d\u00e9ficit habitacional no munic\u00edpio e quando o dado foi atualizado. Al\u00e9m disso, pergunta qual o procedimento [&hellip;]<\/p>\n","protected":false},"author":1,"featured_media":39367,"comment_status":"open","ping_status":"open","sticky":false,"template":"","format":"standard","meta":{"_jetpack_newsletter_access":"","_jetpack_dont_email_post_to_subs":false,"_jetpack_newsletter_tier_id":0,"_jetpack_memberships_contains_paywalled_content":false,"_mbp_banners":[],"_jetpack_feature_clip_id":0,"_jetpack_memberships_contains_paid_content":false,"footnotes":"","jetpack_publicize_message":"","jetpack_publicize_feature_enabled":true,"jetpack_social_post_already_shared":true,"jetpack_social_options":{"image_generator_settings":{"template":"highway","default_image_id":0,"font":"","enabled":false},"version":2},"jetpack_post_was_ever_published":false},"categories":[19],"tags":[],"class_list":["post-39368","post","type-post","status-publish","format-standard","has-post-thumbnail","category-politica"],"jetpack_publicize_connections":[],"jetpack-related-posts":[],"jetpack_shortlink":"https:\/\/wp.me\/p7Eq1F-aeY","jetpack_sharing_enabled":true,"jetpack_featured_media_url":"https:\/\/i0.wp.com\/guialimeira.com.br\/news\/wp-content\/uploads\/2025\/07\/Deficit-habitacional-e-tema-de-requerimento-do-vereador-Waguinho-da.jpg?fit=1280%2C640&ssl=1","_links":{"self":[{"href":"https:\/\/guialimeira.com.br\/news\/wp-json\/wp\/v2\/posts\/39368","targetHints":{"allow":["GET"]}}],"collection":[{"href":"https:\/\/guialimeira.com.br\/news\/wp-json\/wp\/v2\/posts"}],"about":[{"href":"https:\/\/guialimeira.com.br\/news\/wp-json\/wp\/v2\/types\/post"}],"author":[{"embeddable":true,"href":"https:\/\/guialimeira.com.br\/news\/wp-json\/wp\/v2\/users\/1"}],"replies":[{"embeddable":true,"href":"https:\/\/guialimeira.com.br\/news\/wp-json\/wp\/v2\/comments?post=39368"}],"version-history":[{"count":1,"href":"https:\/\/guialimeira.com.br\/news\/wp-json\/wp\/v2\/posts\/39368\/revisions"}],"predecessor-version":[{"id":39369,"href":"https:\/\/guialimeira.com.br\/news\/wp-json\/wp\/v2\/posts\/39368\/revisions\/39369"}],"wp:featuredmedia":[{"embeddable":true,"href":"https:\/\/guialimeira.com.br\/news\/wp-json\/wp\/v2\/media\/39367"}],"wp:attachment":[{"href":"https:\/\/guialimeira.com.br\/news\/wp-json\/wp\/v2\/media?parent=39368"}],"wp:term":[{"taxonomy":"category","embeddable":true,"href":"https:\/\/guialimeira.com.br\/news\/wp-json\/wp\/v2\/categories?post=39368"},{"taxonomy":"post_tag","embeddable":true,"href":"https:\/\/guialimeira.com.br\/news\/wp-json\/wp\/v2\/tags?post=39368"}],"curies":[{"name":"wp","href":"https:\/\/api.w.org\/{rel}","templated":true}]}}