{"id":39359,"date":"2025-07-22T09:14:38","date_gmt":"2025-07-22T12:14:38","guid":{"rendered":"https:\/\/guialimeira.com.br\/?p=39359"},"modified":"2025-07-22T09:14:38","modified_gmt":"2025-07-22T12:14:38","slug":"economia-da-camara-garante-novos-placares-eletronicos-de-led-para-limeirao-pradao-e-ginasio-vo-lucato-4","status":"publish","type":"post","link":"https:\/\/guialimeira.com.br\/news\/economia-da-camara-garante-novos-placares-eletronicos-de-led-para-limeirao-pradao-e-ginasio-vo-lucato-4\/","title":{"rendered":"Economia da C\u00e2mara garante novos placares eletr\u00f4nicos de LED para Limeir\u00e3o, Prad\u00e3o e Gin\u00e1sio V\u00f4 Lucato"},"content":{"rendered":"\n<figure class=\"wp-block-gallery has-nested-images columns-default is-cropped wp-block-gallery-1 is-layout-flex wp-block-gallery-is-layout-flex\"><\/figure>\n \r\n<br><img data-recalc-dims=\"1\" decoding=\"async\" src=\"https:\/\/i0.wp.com\/guialimeira.com.br\/wp-content\/uploads\/2025\/07\/Economia-da-Camara-garante-novos-placares-eletronicos-de-LED-para.jpeg?w=696&#038;ssl=1\" \/><br><div>\n\t\t\t\t\t<p>O presidente da C\u00e2mara Municipal de Limeira, Everton Ferreira (PSD), anunciou que a economia realizada pela Casa de Leis vai beneficiar diretamente o esporte da cidade. Com a redu\u00e7\u00e3o de R$ 300 mil em sua dota\u00e7\u00e3o or\u00e7ament\u00e1ria, oficializada pelo <a href=\"https:\/\/consulta.limeira.sp.leg.br\/Documentos\/Documento\/347231\" rel=\"noopener\">Ato da Mesa n\u00ba 3\/2024<\/a>, a C\u00e2mara deixou de receber da Prefeitura recursos que ser\u00e3o aplicados pela Prefeitura na aquisi\u00e7\u00e3o de placares eletr\u00f4nicos de LED para os est\u00e1dios Major Jos\u00e9 Levy Sobrinho (Limeir\u00e3o) e Comendador Agostinho Prada (Prad\u00e3o), bem como para o Gin\u00e1sio de Esportes Fortunato Lucato Neto (V\u00f4 Lucato). \u00a0<\/p><p>A iniciativa partiu da Mesa Diretora, que analisou o or\u00e7amento e identificou a possibilidade de economia em despesas com equipamentos e materiais permanentes. Do montante, R$30 mil foi destinado \u00e0 Secretaria de Obras e o valor de R$270 mil foi indicado \u00e0 Prefeitura para ser destinado especificamente \u00e0 aquisi\u00e7\u00e3o dos placares, conforme Of\u00edcio N\u00ba2267\/2024, encaminhado ao Poder Executivo em 28 de maio de 2024.\u00a0<\/p><p>O presidente da C\u00e2mara, Everton Ferreira, destacou o compromisso com a gest\u00e3o respons\u00e1vel dos recursos p\u00fablicos e a import\u00e2ncia da parceria com o Executivo para atender demandas da popula\u00e7\u00e3o. \u201cQuando a C\u00e2mara economiza, quem ganha \u00e9 a cidade. Com planejamento e seriedade, conseguimos reduzir despesas e direcionar esse valor para algo que far\u00e1 diferen\u00e7a para os times, atletas e torcedores de Limeira. Quero agradecer ao prefeito Murilo F\u00e9lix e \u00e0 sua equipe por somarem for\u00e7as conosco nesta conquista para o esporte limeirense\u201d, disse.\u00a0<\/p><p>O Processo Administrativo j\u00e1 foi publicado no site da Prefeitura, N\u00ba30903\/2024. O Ato da Mesa foi publicado no Di\u00e1rio Oficial da C\u00e2mara em 27 de maio de 2024 e formaliza a redu\u00e7\u00e3o or\u00e7ament\u00e1ria, garantindo a correta aplica\u00e7\u00e3o dos recursos em benef\u00edcio da popula\u00e7\u00e3o.<\/p><p>A Mesa Diretora da C\u00e2mara \u00e9 composta pelos vereadores Everton Ferreira, presidente; Tatiane Lopes (Avante), vice-presidente; Mara Isa Mattos Silveira (PL), primeira-secret\u00e1ria; e Costa Junior (Podemos), segundo-secret\u00e1rio.\u00a0<\/p><p><i>*Do Gabinete da Presid\u00eancia<\/i><\/p><p><strong>As mat\u00e9rias de origem dos Gabinetes s\u00e3o de inteira responsabilidade de suas assessorias.<\/strong><\/p>\t\t\t\t<\/div>\r\n<br>\r\n<br><a href=\"https:\/\/www.limeira.sp.leg.br\/noticias\/view\/2025-07-17_economia-da-camara-garante-novos-placares-eletronicos-de-led-para-limeirao-pradao-e-ginasio-vo-lucato\" rel=\"noopener\">Informa\u00e7\u00f5es CML <\/a>","protected":false},"excerpt":{"rendered":"<p>O presidente da C\u00e2mara Municipal de Limeira, Everton Ferreira (PSD), anunciou que a economia realizada pela Casa de Leis vai beneficiar diretamente o esporte da cidade. Com a redu\u00e7\u00e3o de R$ 300 mil em sua dota\u00e7\u00e3o or\u00e7ament\u00e1ria, oficializada pelo Ato da Mesa n\u00ba 3\/2024, a C\u00e2mara deixou de receber da Prefeitura recursos que ser\u00e3o aplicados [&hellip;]<\/p>\n","protected":false},"author":1,"featured_media":39358,"comment_status":"open","ping_status":"open","sticky":false,"template":"","format":"standard","meta":{"_jetpack_newsletter_access":"","_jetpack_dont_email_post_to_subs":false,"_jetpack_newsletter_tier_id":0,"_jetpack_memberships_contains_paywalled_content":false,"_mbp_banners":[],"_jetpack_feature_clip_id":0,"_jetpack_memberships_contains_paid_content":false,"footnotes":"","jetpack_publicize_message":"","jetpack_publicize_feature_enabled":true,"jetpack_social_post_already_shared":true,"jetpack_social_options":{"image_generator_settings":{"template":"highway","default_image_id":0,"font":"","enabled":false},"version":2},"jetpack_post_was_ever_published":false},"categories":[19],"tags":[],"class_list":["post-39359","post","type-post","status-publish","format-standard","has-post-thumbnail","category-politica"],"jetpack_publicize_connections":[],"jetpack-related-posts":[],"jetpack_shortlink":"https:\/\/wp.me\/p7Eq1F-aeP","jetpack_sharing_enabled":true,"jetpack_featured_media_url":"https:\/\/i0.wp.com\/guialimeira.com.br\/news\/wp-content\/uploads\/2025\/07\/Economia-da-Camara-garante-novos-placares-eletronicos-de-LED-para.jpeg?fit=1280%2C640&ssl=1","_links":{"self":[{"href":"https:\/\/guialimeira.com.br\/news\/wp-json\/wp\/v2\/posts\/39359","targetHints":{"allow":["GET"]}}],"collection":[{"href":"https:\/\/guialimeira.com.br\/news\/wp-json\/wp\/v2\/posts"}],"about":[{"href":"https:\/\/guialimeira.com.br\/news\/wp-json\/wp\/v2\/types\/post"}],"author":[{"embeddable":true,"href":"https:\/\/guialimeira.com.br\/news\/wp-json\/wp\/v2\/users\/1"}],"replies":[{"embeddable":true,"href":"https:\/\/guialimeira.com.br\/news\/wp-json\/wp\/v2\/comments?post=39359"}],"version-history":[{"count":1,"href":"https:\/\/guialimeira.com.br\/news\/wp-json\/wp\/v2\/posts\/39359\/revisions"}],"predecessor-version":[{"id":39360,"href":"https:\/\/guialimeira.com.br\/news\/wp-json\/wp\/v2\/posts\/39359\/revisions\/39360"}],"wp:featuredmedia":[{"embeddable":true,"href":"https:\/\/guialimeira.com.br\/news\/wp-json\/wp\/v2\/media\/39358"}],"wp:attachment":[{"href":"https:\/\/guialimeira.com.br\/news\/wp-json\/wp\/v2\/media?parent=39359"}],"wp:term":[{"taxonomy":"category","embeddable":true,"href":"https:\/\/guialimeira.com.br\/news\/wp-json\/wp\/v2\/categories?post=39359"},{"taxonomy":"post_tag","embeddable":true,"href":"https:\/\/guialimeira.com.br\/news\/wp-json\/wp\/v2\/tags?post=39359"}],"curies":[{"name":"wp","href":"https:\/\/api.w.org\/{rel}","templated":true}]}}