{"id":39354,"date":"2025-07-22T08:13:36","date_gmt":"2025-07-22T11:13:36","guid":{"rendered":"https:\/\/guialimeira.com.br\/?p=39354"},"modified":"2025-07-22T08:13:36","modified_gmt":"2025-07-22T11:13:36","slug":"camara-promove-2a-fase-do-curso-de-educacao-empreendedora-para-mulheres-2","status":"publish","type":"post","link":"https:\/\/guialimeira.com.br\/news\/camara-promove-2a-fase-do-curso-de-educacao-empreendedora-para-mulheres-2\/","title":{"rendered":"C\u00e2mara promove 2\u00aa fase do curso de educa\u00e7\u00e3o empreendedora para mulheres"},"content":{"rendered":"\n<figure class=\"wp-block-gallery has-nested-images columns-default is-cropped wp-block-gallery-1 is-layout-flex wp-block-gallery-is-layout-flex\"><\/figure>\n \r\n<br><img data-recalc-dims=\"1\" decoding=\"async\" src=\"https:\/\/i0.wp.com\/guialimeira.com.br\/wp-content\/uploads\/2025\/07\/Camara-promove-2a-fase-do-curso-de-educacao-empreendedora-para.jpg?w=696&#038;ssl=1\" \/><br><div>\n\t\t\t\t\t<p>Aconteceu nesta quarta-feira, 16 de julho, a 2\u00aa fase do curso \u201cEduca\u00e7\u00e3o empreendedora para mulheres\u201d, promovido pela Escola Legislativa Paulo Freire. A pr\u00f3xima aula ser\u00e1 realizada no Plen\u00e1rio Vereador Vit\u00f3rio Bortolan, na C\u00e2mara de Limeira, no dia 23 de julho, \u00e0s 19h, com o tema \u201cGest\u00e3o: Organiza\u00e7\u00e3o e Crescimento Sustent\u00e1vel\u201d.\u00a0\u00a0\u00a0\u00a0<\/p><p>O curso \u00e9 voltado para mulheres empreendedoras, aut\u00f4nomas ou empres\u00e1rias, oferecendo conhecimentos fundamentais nas \u00e1reas de administra\u00e7\u00e3o em vendas, marketing, gest\u00e3o estrat\u00e9gica, planejamento e administra\u00e7\u00e3o financeira, com foco no crescimento s\u00f3lido e sustent\u00e1vel dos empreendimentos, que contribui tamb\u00e9m na gera\u00e7\u00e3o de empregos na comunidade.\u00a0<\/p><p>Ministrado por Andreza Leite, mentora de empres\u00e1rias, formada em psicologia e marketing, com especializa\u00e7\u00e3o em varejo, consumo e neuroci\u00eancia, ela tamb\u00e9m \u00e9 coach, analista comportamental, escritora e consultora em crescimento e cultura organizacional. Nesta terceira aula Andreza abordar\u00e1 gest\u00e3o de tempo e produtividade, processos internos para escalar o neg\u00f3cio e fluxo de caixa e gest\u00e3o financeira.\u00a0\u00a0\u00a0<\/p><p>As aulas ser\u00e3o presenciais, semanais e com duas horas de dura\u00e7\u00e3o, unindo teoria e pr\u00e1tica para para garantir a assimila\u00e7\u00e3o e aplica\u00e7\u00e3o dos conhecimentos adquiridos. Confira mais informa\u00e7\u00f5es sobre o curso neste <a href=\"https:\/\/www.limeira.sp.leg.br\/noticias\/view\/2025-05-05_camara-abre-inscricao-para-curso-sobre-educacao-empreendedora-para-mulheres\" rel=\"noopener\">link<\/a>.<\/p>\t\t\t\t<\/div>\r\n<br>\r\n<br><a href=\"https:\/\/www.limeira.sp.leg.br\/noticias\/view\/2025-07-17_camara-promove-2-fase-do-curso-de-educacao-empreendedora-para-mulheres\" rel=\"noopener\">Informa\u00e7\u00f5es CML <\/a>","protected":false},"excerpt":{"rendered":"<p>Aconteceu nesta quarta-feira, 16 de julho, a 2\u00aa fase do curso \u201cEduca\u00e7\u00e3o empreendedora para mulheres\u201d, promovido pela Escola Legislativa Paulo Freire. A pr\u00f3xima aula ser\u00e1 realizada no Plen\u00e1rio Vereador Vit\u00f3rio Bortolan, na C\u00e2mara de Limeira, no dia 23 de julho, \u00e0s 19h, com o tema \u201cGest\u00e3o: Organiza\u00e7\u00e3o e Crescimento Sustent\u00e1vel\u201d.\u00a0\u00a0\u00a0\u00a0 O curso \u00e9 voltado para [&hellip;]<\/p>\n","protected":false},"author":1,"featured_media":39353,"comment_status":"open","ping_status":"open","sticky":false,"template":"","format":"standard","meta":{"_jetpack_newsletter_access":"","_jetpack_dont_email_post_to_subs":false,"_jetpack_newsletter_tier_id":0,"_jetpack_memberships_contains_paywalled_content":false,"_mbp_banners":[],"_jetpack_feature_clip_id":0,"_jetpack_memberships_contains_paid_content":false,"footnotes":"","jetpack_publicize_message":"","jetpack_publicize_feature_enabled":true,"jetpack_social_post_already_shared":true,"jetpack_social_options":{"image_generator_settings":{"template":"highway","default_image_id":0,"font":"","enabled":false},"version":2},"jetpack_post_was_ever_published":false},"categories":[19],"tags":[],"class_list":["post-39354","post","type-post","status-publish","format-standard","has-post-thumbnail","category-politica"],"jetpack_publicize_connections":[],"jetpack-related-posts":[],"jetpack_shortlink":"https:\/\/wp.me\/p7Eq1F-aeK","jetpack_sharing_enabled":true,"jetpack_featured_media_url":"https:\/\/i0.wp.com\/guialimeira.com.br\/news\/wp-content\/uploads\/2025\/07\/Camara-promove-2a-fase-do-curso-de-educacao-empreendedora-para.jpg?fit=1280%2C640&ssl=1","_links":{"self":[{"href":"https:\/\/guialimeira.com.br\/news\/wp-json\/wp\/v2\/posts\/39354","targetHints":{"allow":["GET"]}}],"collection":[{"href":"https:\/\/guialimeira.com.br\/news\/wp-json\/wp\/v2\/posts"}],"about":[{"href":"https:\/\/guialimeira.com.br\/news\/wp-json\/wp\/v2\/types\/post"}],"author":[{"embeddable":true,"href":"https:\/\/guialimeira.com.br\/news\/wp-json\/wp\/v2\/users\/1"}],"replies":[{"embeddable":true,"href":"https:\/\/guialimeira.com.br\/news\/wp-json\/wp\/v2\/comments?post=39354"}],"version-history":[{"count":1,"href":"https:\/\/guialimeira.com.br\/news\/wp-json\/wp\/v2\/posts\/39354\/revisions"}],"predecessor-version":[{"id":39355,"href":"https:\/\/guialimeira.com.br\/news\/wp-json\/wp\/v2\/posts\/39354\/revisions\/39355"}],"wp:featuredmedia":[{"embeddable":true,"href":"https:\/\/guialimeira.com.br\/news\/wp-json\/wp\/v2\/media\/39353"}],"wp:attachment":[{"href":"https:\/\/guialimeira.com.br\/news\/wp-json\/wp\/v2\/media?parent=39354"}],"wp:term":[{"taxonomy":"category","embeddable":true,"href":"https:\/\/guialimeira.com.br\/news\/wp-json\/wp\/v2\/categories?post=39354"},{"taxonomy":"post_tag","embeddable":true,"href":"https:\/\/guialimeira.com.br\/news\/wp-json\/wp\/v2\/tags?post=39354"}],"curies":[{"name":"wp","href":"https:\/\/api.w.org\/{rel}","templated":true}]}}