{"id":3935,"date":"2024-05-06T19:01:45","date_gmt":"2024-05-06T22:01:45","guid":{"rendered":"https:\/\/guialimeira.com.br\/2024\/05\/06\/mais-de-800-monitores-da-rede-de-ensino-de-limeira-participam-de-formacao\/"},"modified":"2024-05-06T19:01:45","modified_gmt":"2024-05-06T22:01:45","slug":"mais-de-800-monitores-da-rede-de-ensino-de-limeira-participam-de-formacao","status":"publish","type":"post","link":"https:\/\/guialimeira.com.br\/news\/mais-de-800-monitores-da-rede-de-ensino-de-limeira-participam-de-formacao\/","title":{"rendered":"Mais de 800 monitores da rede de ensino de Limeira participam de forma\u00e7\u00e3o"},"content":{"rendered":"<p> <br \/>\n<\/p>\n<div>\n            <main class=\"\">&#13;<br \/>\n                &#13;<br \/>\n&#13;<br \/>\n&#13;<br \/>\n&#13;<br \/>\n    <img data-recalc-dims=\"1\" decoding=\"async\" src=\"https:\/\/i0.wp.com\/ecrie.com.br\/sistema\/conteudos\/imagem\/m_137_1_1_06052024164847.jpg?w=696&#038;ssl=1\" alt=\"Mais de 800 monitores da rede de ensino de Limeira participam de forma\u00e7\u00e3o\"\/>&#13;<br \/>\n&#13;<\/p>\n<p style=\"text-align: justify;\" align=\"justify\">Mais de 800 monitores da rede municipal de ensino participaram, nesta segunda-feira (6), de uma forma\u00e7\u00e3o na Secretaria de Educa\u00e7\u00e3o de Limeira. Os profissionais passaram por capacita\u00e7\u00f5es espec\u00edficas para as idades que atendem na educa\u00e7\u00e3o infantil e na educa\u00e7\u00e3o especial \u2013 para crian\u00e7as com defici\u00eancia. O prefeito Mario Botion, a vice-prefeita Erika Tank e o secret\u00e1rio Andr\u00e9 De Francesco acompanharam a iniciativa.<\/p>\n<p>&#13;<\/p>\n<p style=\"text-align: justify;\" align=\"justify\">Esse \u00e9 o segundo encontro formativo de 2024, dos quatro programados para o ano letivo. \u201cA forma\u00e7\u00e3o dos profissionais da nossa rede de ensino tem sido permanente desde 2017. \u00c9 um momento de troca de experi\u00eancias e de obter novos conhecimentos para atender, ainda melhor, nossas crian\u00e7as. Isso reflete em resultados bastante positivos na \u00e1rea, como no \u00cdndice de Desenvolvimento da Educa\u00e7\u00e3o B\u00e1sica (Ideb)\u201d, afirmou Botion.<\/p>\n<p>&#13;<\/p>\n<p style=\"text-align: justify;\" align=\"justify\">Erika Tank, por sua vez, destacou a import\u00e2ncia dos profissionais na garantia de uma educa\u00e7\u00e3o de qualidade aos estudantes. \u201cO conhecimento que voc\u00eas [monitores] adquirem faz a diferen\u00e7a no atendimento \u00e0s crian\u00e7as, especialmente aquelas com defici\u00eancia. A nossa administra\u00e7\u00e3o sabe a dedica\u00e7\u00e3o com que voc\u00eas realizam esse trabalho, dando o melhor que t\u00eam\u201d, destacou a vice-prefeita.<\/p>\n<p>&#13;<\/p>\n<p style=\"text-align: justify;\" align=\"justify\">Segundo Andr\u00e9 De Francesco, a iniciativa \u00e9 um investimento na forma\u00e7\u00e3o dos monitores para mant\u00ea-los atualizados. \u201cNesse processo, os profissionais s\u00e3o capacitados sobre como lidar e estimular os beb\u00eas e outros tipos de a\u00e7\u00f5es. Tamb\u00e9m trabalhamos o desenvolvimento das crian\u00e7as por meio da m\u00fasica e da linguagem, al\u00e9m da forma\u00e7\u00e3o espec\u00edfica para aqueles que cuidam das crian\u00e7as com defici\u00eancia\u201d, explicou.<\/p>\n<p>&#13;<\/p>\n<p style=\"text-align: justify;\" align=\"justify\"><span style=\"font-size: 13.33px;\">Outras duas forma\u00e7\u00f5es est\u00e3o previstas para o segundo semestre de 2024.<\/span><\/p>\n<p>&#13;<br \/>\n&#13;<br \/>\n    &#13;<\/p>\n<div class=\"gallery__container\">\n            <a class=\"gallery__item\" href=\"https:\/\/i0.wp.com\/ecrie.com.br\/sistema\/conteudos\/imagem\/g_137_0_2_06052024164847.jpg?ssl=1\" target=\"_blank\" title=\"03\" rel=\"noopener\">&#13;<br \/>\n                <img data-recalc-dims=\"1\" decoding=\"async\" class=\"gallery__img\" src=\"https:\/\/i0.wp.com\/ecrie.com.br\/sistema\/conteudos\/imagem\/p_137_0_2_06052024164847.jpg?w=696&#038;ssl=1\" alt=\"03\" onload=\"resizePhoto(this);\"\/>&#13;<br \/>\n            <\/a>\n    <\/div>\n<p>&#13;<br \/>\n&#13;<br \/>\n&#13;<\/p>\n<aside class=\"list-related no-print\">&#13;<br \/>\n        &#13;<br \/>\n&#13;<\/p>\n<article class=\"list-item noticias \">&#13;<br \/>\n                    <a class=\"list-item__img\" href=\"https:\/\/limeira.sp.gov.br\/imprensa\/noticias\/gabinete-do-prefeito\/drive-thru-dacampanha-de-ajuda-ao-rio-grande-do-sul-arrecada-mil-pecas-de-roupa-e-353-litros-de-aguano-primeiro-dia-de-operacao\" tabindex=\"-1\" aria-hidden=\"true\" rel=\"noopener\">&#13;<br \/>\n                        <img data-recalc-dims=\"1\" decoding=\"async\" src=\"https:\/\/i0.wp.com\/ecrie.com.br\/sistema\/conteudos\/imagem\/m_137_0_1_06052024174615.jpg?w=696&#038;ssl=1\" alt=\"Drive-thru da\u00a0campanha de ajuda ao Rio Grande do Sul arrecada mil pe\u00e7as de roupa e 353 litros de \u00e1gua\u00a0no primeiro dia de opera\u00e7\u00e3o\"\/>&#13;<br \/>\n                    <\/a>&#13;<br \/>\n&#13;<br \/>\n                &#13;<br \/>\n            <\/article>\n<p>&#13;<\/p>\n<article class=\"list-item noticias \">&#13;<br \/>\n                    <a class=\"list-item__img\" href=\"https:\/\/limeira.sp.gov.br\/imprensa\/noticias\/gabinete-do-prefeito\/ubss-e-centros-comunitarios-vao-receber-doacoes-para-campanha-solidariedade-sem-fronteiras-praca-toledo-barros-tera-drive-thru\" tabindex=\"-1\" aria-hidden=\"true\" rel=\"noopener\">&#13;<br \/>\n                        <img data-recalc-dims=\"1\" decoding=\"async\" src=\"https:\/\/i0.wp.com\/ecrie.com.br\/sistema\/conteudos\/imagem\/m_137_0_1_04052024143014.jpg?w=696&#038;ssl=1\" alt=\"UBSs e Centros Comunit\u00e1rios v\u00e3o receber doa\u00e7\u00f5es para campanha \u201cSolidariedade Sem Fronteiras\u201d; Pra\u00e7a Toledo Barros ter\u00e1 drive-thru\"\/>&#13;<br \/>\n                    <\/a>&#13;<br \/>\n&#13;<br \/>\n                &#13;<br \/>\n            <\/article>\n<p>&#13;<\/p>\n<article class=\"list-item noticias \">&#13;<br \/>\n                    <a class=\"list-item__img\" href=\"https:\/\/limeira.sp.gov.br\/imprensa\/noticias\/gabinete-do-prefeito\/fundo-social-faz-campanha-para-familias-atingidas-por-chuva-no-rio-grande-do-sul\" tabindex=\"-1\" aria-hidden=\"true\" rel=\"noopener\">&#13;<br \/>\n                        <img data-recalc-dims=\"1\" decoding=\"async\" src=\"https:\/\/i0.wp.com\/ecrie.com.br\/sistema\/conteudos\/imagem\/m_137_0_1_04052024143014.jpg?w=696&#038;ssl=1\" alt=\"Fundo Social faz campanha para fam\u00edlias atingidas por chuva no Rio Grande do Sul\"\/>&#13;<br \/>\n                    <\/a>&#13;<br \/>\n&#13;<br \/>\n                &#13;<br \/>\n            <\/article>\n<p>&#13;<br \/>\n    <\/aside>\n<p>&#13;<br \/>\n&#13;<br \/>\n            <\/main><\/p><\/div>\n<p><br \/>\n<br \/><a href=\"https:\/\/limeira.sp.gov.br\/mais-de-800-monitores-da-rede-de-ensino-de-limeira-participam-de-formacao\" rel=\"noopener\">Informa\u00e7\u00f5es da PML <\/a><\/p>\n","protected":false},"excerpt":{"rendered":"<p>&#13; &#13; &#13; &#13; &#13; &#13; &#13; Mais de 800 monitores da rede municipal de ensino participaram, nesta segunda-feira (6), de uma forma\u00e7\u00e3o na Secretaria de Educa\u00e7\u00e3o de Limeira. Os profissionais passaram por capacita\u00e7\u00f5es espec\u00edficas para as idades que atendem na educa\u00e7\u00e3o infantil e na educa\u00e7\u00e3o especial \u2013 para crian\u00e7as com defici\u00eancia. O prefeito Mario [&hellip;]<\/p>\n","protected":false},"author":1,"featured_media":3936,"comment_status":"open","ping_status":"open","sticky":false,"template":"","format":"standard","meta":{"_jetpack_newsletter_access":"","_jetpack_dont_email_post_to_subs":false,"_jetpack_newsletter_tier_id":0,"_jetpack_memberships_contains_paywalled_content":false,"_mbp_banners":[],"_jetpack_feature_clip_id":0,"_jetpack_memberships_contains_paid_content":false,"footnotes":"","jetpack_publicize_message":"","jetpack_publicize_feature_enabled":true,"jetpack_social_post_already_shared":true,"jetpack_social_options":{"image_generator_settings":{"template":"highway","default_image_id":0,"font":"","enabled":false},"version":2},"jetpack_post_was_ever_published":false},"categories":[16],"tags":[],"class_list":["post-3935","post","type-post","status-publish","format-standard","has-post-thumbnail","category-local"],"jetpack_publicize_connections":[],"jetpack-related-posts":[],"jetpack_shortlink":"https:\/\/wp.me\/p7Eq1F-11t","jetpack_sharing_enabled":true,"jetpack_featured_media_url":"https:\/\/i0.wp.com\/guialimeira.com.br\/news\/wp-content\/uploads\/2024\/05\/m_137_1_1_06052024164847.jpg?fit=1280%2C852&ssl=1","_links":{"self":[{"href":"https:\/\/guialimeira.com.br\/news\/wp-json\/wp\/v2\/posts\/3935","targetHints":{"allow":["GET"]}}],"collection":[{"href":"https:\/\/guialimeira.com.br\/news\/wp-json\/wp\/v2\/posts"}],"about":[{"href":"https:\/\/guialimeira.com.br\/news\/wp-json\/wp\/v2\/types\/post"}],"author":[{"embeddable":true,"href":"https:\/\/guialimeira.com.br\/news\/wp-json\/wp\/v2\/users\/1"}],"replies":[{"embeddable":true,"href":"https:\/\/guialimeira.com.br\/news\/wp-json\/wp\/v2\/comments?post=3935"}],"version-history":[{"count":0,"href":"https:\/\/guialimeira.com.br\/news\/wp-json\/wp\/v2\/posts\/3935\/revisions"}],"wp:featuredmedia":[{"embeddable":true,"href":"https:\/\/guialimeira.com.br\/news\/wp-json\/wp\/v2\/media\/3936"}],"wp:attachment":[{"href":"https:\/\/guialimeira.com.br\/news\/wp-json\/wp\/v2\/media?parent=3935"}],"wp:term":[{"taxonomy":"category","embeddable":true,"href":"https:\/\/guialimeira.com.br\/news\/wp-json\/wp\/v2\/categories?post=3935"},{"taxonomy":"post_tag","embeddable":true,"href":"https:\/\/guialimeira.com.br\/news\/wp-json\/wp\/v2\/tags?post=3935"}],"curies":[{"name":"wp","href":"https:\/\/api.w.org\/{rel}","templated":true}]}}