{"id":39347,"date":"2025-07-22T07:12:37","date_gmt":"2025-07-22T10:12:37","guid":{"rendered":"https:\/\/guialimeira.com.br\/?p=39347"},"modified":"2025-07-22T07:12:37","modified_gmt":"2025-07-22T10:12:37","slug":"comissao-de-obras-questiona-sobre-instalacao-de-playgrounds-comprados-pela-prefeitura-2","status":"publish","type":"post","link":"https:\/\/guialimeira.com.br\/news\/comissao-de-obras-questiona-sobre-instalacao-de-playgrounds-comprados-pela-prefeitura-2\/","title":{"rendered":"Comiss\u00e3o de Obras questiona sobre instala\u00e7\u00e3o de playgrounds comprados pela Prefeitura"},"content":{"rendered":"\n<figure class=\"wp-block-gallery has-nested-images columns-default is-cropped wp-block-gallery-1 is-layout-flex wp-block-gallery-is-layout-flex\"><\/figure>\n \r\n<br><img data-recalc-dims=\"1\" decoding=\"async\" src=\"https:\/\/i0.wp.com\/guialimeira.com.br\/wp-content\/uploads\/2025\/07\/Comissao-de-Obras-questiona-sobre-instalacao-de-playgrounds-comprados-pela.j.jpeg?w=696&#038;ssl=1\" \/><br><div>\n\t\t\t\t\t<p>A Comiss\u00e3o de Obras recebeu, na reuni\u00e3o desta quinta-feira, 17 de julho, uma demanda encaminhada pelo gabinete da vereadora Mariana Calsa (MDB), relacionada \u00e0s bases de instala\u00e7\u00e3o dos brinquedos comprados pela Prefeitura para playgrounds da cidade.<\/p><p>De acordo com o documento, as bases de concreto n\u00e3o atendem \u00e0s determina\u00e7\u00f5es da NBR 16.071, norma t\u00e9cnica que define\u00a0 requisitos de seguran\u00e7a para pisos de playgrounds e parquinhos. A parlamentar encaminhou tamb\u00e9m a resposta do Executivo aos questionamentos feitos por ela. No texto, informam que realmente as regras n\u00e3o foram observadas na constru\u00e7\u00e3o, mas que a base de concreto seria a estrutura necess\u00e1ria para a fixa\u00e7\u00e3o dos equipamentos.<\/p><p>Diante disto, os parlamentares querem saber por que n\u00e3o foi feita a instala\u00e7\u00e3o ainda, uma vez que as bases est\u00e3o prontas e os equipamentos est\u00e3o guardados h\u00e1 mais de um ano. \u201cEstamos em per\u00edodo de f\u00e9rias escolares e as fam\u00edlias est\u00e3o cobrando espa\u00e7os para levarem seus filhos&#8221;, disse a Comiss\u00e3o.<\/p><p>Os parlamentares tamb\u00e9m encaminharam a demanda da vereadora para que a Prefeitura se manifeste sobre os apontamentos.<\/p><p><strong>Zeladoria<\/strong><\/p><p>O colegiado recebeu resposta aos <a href=\"https:\/\/www.limeira.sp.leg.br\/noticias\/view\/2025-06-12_comissao-de-obras-questiona-prefeitura-sobre-servicos-de-zeladoria-urbana\" rel=\"noopener\">questionamentos sobre os servi\u00e7os de zeladoria urbana<\/a> feitos \u00e0 Prefeitura por of\u00edcio em junho. Nem todas as perguntas foram respondidas, somente os valores da hora e do metro2 de cada atividade. Para a jardinagem, por exemplo, o custo \u00e9 de R$ 39,40\/h; recomposi\u00e7\u00e3o de cal\u00e7ada em concreto R$180,00 o m2; e erradica\u00e7\u00e3o e controle de pragas R$ 7,00 o m2. Quanto ao nome da empresa que assumir\u00e1 o servi\u00e7o, n\u00e3o foi informado.<\/p><p>Um novo questionamento ser\u00e1 enviado pelos vereadores para obter esta informa\u00e7\u00e3o, solicitando o nome da empresa que assumir\u00e1 os servi\u00e7os que eram prestados pela empresa Forty, cujo contrato se encerra em agosto.\u00a0<\/p><p><strong>Comiss\u00e3o<\/strong><\/p><p>A Comiss\u00e3o de Obras e Planejamento Urbano \u00e9 respons\u00e1vel por temas como servi\u00e7os p\u00fablicos, uso, ocupa\u00e7\u00e3o e parcelamento do solo, e \u00e9 formada pelos vereadores Helder do T\u00e1xi (PSD), presidente; M\u00e1rcio do Estacionamento (DC), vice-presidente; e Jo\u00e3o Antunes Bano (SD), secret\u00e1rio. Eles se re\u00fanem ordinariamente \u00e0s quintas-feiras, a partir das 13h30. Todas as delibera\u00e7\u00f5es s\u00e3o registradas em <a href=\"https:\/\/consulta.limeira.sp.leg.br\/arquivo?Id=516123\" rel=\"noopener\">ata<\/a>.<\/p>\t\t\t\t<\/div>\r\n<br>\r\n<br><a href=\"https:\/\/www.limeira.sp.leg.br\/noticias\/view\/2025-07-17_comissao-de-obras-questiona-sobre-instalacao-de-playgrounds-comprados-pela-prefeitura\" rel=\"noopener\">Informa\u00e7\u00f5es CML <\/a>","protected":false},"excerpt":{"rendered":"<p>A Comiss\u00e3o de Obras recebeu, na reuni\u00e3o desta quinta-feira, 17 de julho, uma demanda encaminhada pelo gabinete da vereadora Mariana Calsa (MDB), relacionada \u00e0s bases de instala\u00e7\u00e3o dos brinquedos comprados pela Prefeitura para playgrounds da cidade. De acordo com o documento, as bases de concreto n\u00e3o atendem \u00e0s determina\u00e7\u00f5es da NBR 16.071, norma t\u00e9cnica que [&hellip;]<\/p>\n","protected":false},"author":1,"featured_media":39348,"comment_status":"open","ping_status":"open","sticky":false,"template":"","format":"standard","meta":{"_jetpack_newsletter_access":"","_jetpack_dont_email_post_to_subs":false,"_jetpack_newsletter_tier_id":0,"_jetpack_memberships_contains_paywalled_content":false,"_mbp_banners":[],"_jetpack_feature_clip_id":0,"_jetpack_memberships_contains_paid_content":false,"footnotes":"","jetpack_publicize_message":"","jetpack_publicize_feature_enabled":true,"jetpack_social_post_already_shared":true,"jetpack_social_options":{"image_generator_settings":{"template":"highway","default_image_id":0,"font":"","enabled":false},"version":2},"jetpack_post_was_ever_published":false},"categories":[19],"tags":[],"class_list":["post-39347","post","type-post","status-publish","format-standard","has-post-thumbnail","category-politica"],"jetpack_publicize_connections":[],"jetpack-related-posts":[],"jetpack_shortlink":"https:\/\/wp.me\/p7Eq1F-aeD","jetpack_sharing_enabled":true,"jetpack_featured_media_url":"https:\/\/i0.wp.com\/guialimeira.com.br\/news\/wp-content\/uploads\/2025\/07\/Comissao-de-Obras-questiona-sobre-instalacao-de-playgrounds-comprados-pela.jpeg?fit=1280%2C640&ssl=1","_links":{"self":[{"href":"https:\/\/guialimeira.com.br\/news\/wp-json\/wp\/v2\/posts\/39347","targetHints":{"allow":["GET"]}}],"collection":[{"href":"https:\/\/guialimeira.com.br\/news\/wp-json\/wp\/v2\/posts"}],"about":[{"href":"https:\/\/guialimeira.com.br\/news\/wp-json\/wp\/v2\/types\/post"}],"author":[{"embeddable":true,"href":"https:\/\/guialimeira.com.br\/news\/wp-json\/wp\/v2\/users\/1"}],"replies":[{"embeddable":true,"href":"https:\/\/guialimeira.com.br\/news\/wp-json\/wp\/v2\/comments?post=39347"}],"version-history":[{"count":1,"href":"https:\/\/guialimeira.com.br\/news\/wp-json\/wp\/v2\/posts\/39347\/revisions"}],"predecessor-version":[{"id":39349,"href":"https:\/\/guialimeira.com.br\/news\/wp-json\/wp\/v2\/posts\/39347\/revisions\/39349"}],"wp:featuredmedia":[{"embeddable":true,"href":"https:\/\/guialimeira.com.br\/news\/wp-json\/wp\/v2\/media\/39348"}],"wp:attachment":[{"href":"https:\/\/guialimeira.com.br\/news\/wp-json\/wp\/v2\/media?parent=39347"}],"wp:term":[{"taxonomy":"category","embeddable":true,"href":"https:\/\/guialimeira.com.br\/news\/wp-json\/wp\/v2\/categories?post=39347"},{"taxonomy":"post_tag","embeddable":true,"href":"https:\/\/guialimeira.com.br\/news\/wp-json\/wp\/v2\/tags?post=39347"}],"curies":[{"name":"wp","href":"https:\/\/api.w.org\/{rel}","templated":true}]}}