{"id":39344,"date":"2025-07-22T06:11:37","date_gmt":"2025-07-22T09:11:37","guid":{"rendered":"https:\/\/guialimeira.com.br\/?p=39344"},"modified":"2025-07-22T06:11:37","modified_gmt":"2025-07-22T09:11:37","slug":"estevao-nogueira-sugere-escalonamento-na-aplicacao-da-nova-aliquota-do-itbi-2","status":"publish","type":"post","link":"https:\/\/guialimeira.com.br\/news\/estevao-nogueira-sugere-escalonamento-na-aplicacao-da-nova-aliquota-do-itbi-2\/","title":{"rendered":"Estev\u00e3o Nogueira sugere escalonamento na aplica\u00e7\u00e3o da nova al\u00edquota do ITBI"},"content":{"rendered":"\n<figure class=\"wp-block-gallery has-nested-images columns-default is-cropped wp-block-gallery-1 is-layout-flex wp-block-gallery-is-layout-flex\"><\/figure>\n \r\n<br><img data-recalc-dims=\"1\" decoding=\"async\" src=\"https:\/\/i0.wp.com\/guialimeira.com.br\/wp-content\/uploads\/2025\/07\/Estevao-Nogueira-sugere-escalonamento-na-aplicacao-da-nova-aliquota-do.jpg?w=696&#038;ssl=1\" \/><br><div>\n\t\t\t\t\t<p>Por meio da<a href=\"https:\/\/consulta.limeira.sp.leg.br\/Documentos\/Documento\/386305\" rel=\"noopener\"> Indica\u00e7\u00e3o N\u00ba 2744\/2025<\/a>, o vereador Estev\u00e3o Nogueira (Avante) sugere \u00e0 Prefeitura que estabele\u00e7a o escalonamento na aplica\u00e7\u00e3o da nova al\u00edquota do Imposto sobre a Transmiss\u00e3o de Bens Im\u00f3veis (ITBI) e crie mecanismos de garantia de isen\u00e7\u00e3o para a popula\u00e7\u00e3o de baixa renda e empreendimentos de interesse social. A propositura foi apresentada nesta segunda-feira, 14 de julho.\u00a0<\/p><p>O parlamentar considerou a recente aprova\u00e7\u00e3o do<a href=\"https:\/\/consulta.limeira.sp.leg.br\/Documentos\/Documento\/386147\" rel=\"noopener\"> Projeto de Lei Complementar N\u00ba 15\/2025<\/a>, de autoria do Executivo, pela C\u00e2mara esta semana, que disp\u00f5e sobre a majora\u00e7\u00e3o da al\u00edquota do ITBI em Limeira. Ele sugeriu que as medidas de escalonamento sejam consideradas na regulamenta\u00e7\u00e3o da lei, com base no princ\u00edpio da justi\u00e7a fiscal e a fun\u00e7\u00e3o social da propriedade e da cidade.\u00a0<\/p><p>Na indica\u00e7\u00e3o, Estev\u00e3o Nogueira prop\u00f5e que o reajuste da al\u00edquota do ITBI n\u00e3o seja aplicado na totalidade de forma imediata, mas sim gradualmente ao longo de um per\u00edodo, permitindo a adapta\u00e7\u00e3o do mercado imobili\u00e1rio e o planejamento financeiro dos cidad\u00e3os; e a cria\u00e7\u00e3o de uma faixa de isen\u00e7\u00e3o total do ITBI para a aquisi\u00e7\u00e3o do primeiro im\u00f3vel residencial por fam\u00edlias comprovadamente de baixa renda, cujos crit\u00e9rios seriam definidos com base no Cadastro \u00danico para Programas Sociais (Cad\u00danico) ou em faixas de renda familiar estabelecidas pela municipalidade.\u00a0\u00a0<\/p><p>Tamb\u00e9m \u00e9 defendida pelo vereador a isen\u00e7\u00e3o total do ITBI para a primeira transmiss\u00e3o de im\u00f3veis vinculados a empreendimentos de habita\u00e7\u00e3o de interesse social (EHIS) que sejam desenvolvidos em parceria com o poder p\u00fablico ou por ele chancelados. Por fim, Estev\u00e3o indica que fiquem isentos do imposto todos os benefici\u00e1rios de empreendimentos do Programa Minha Casa, Minha Vida (MCMV), especificamente para as Faixas 1 e 2, que atendem \u00e0s popula\u00e7\u00f5es com menor capacidade de financiamento.\u00a0<\/p><p>Estev\u00e3o justificou que as isen\u00e7\u00f5es propostas possuem um car\u00e1ter social fundamental. &#8220;Dessa forma, ao regulamentar a lei com os mecanismos aqui sugeridos, a Prefeitura de Limeira demonstrar\u00e1 sensibilidade social, promovendo justi\u00e7a fiscal e garantindo que o desenvolvimento econ\u00f4mico caminhe ao lado do desenvolvimento humano e da inclus\u00e3o social&#8221;, argumentou o parlamentar.<\/p><p>Para ele, a majora\u00e7\u00e3o do ITBI, embora possa representar um incremento na receita municipal, n\u00e3o pode se tornar um obst\u00e1culo intranspon\u00edvel para a realiza\u00e7\u00e3o do sonho da casa pr\u00f3pria, sobretudo para os trabalhadores e fam\u00edlias de baixa renda. &#8220;A aplica\u00e7\u00e3o imediata do aumento pode desacelerar o mercado imobili\u00e1rio e onerar excessivamente quem mais precisa do apoio do poder p\u00fablico&#8221;, ponderou.<\/p><p><i>Do Gabinete Parlamentar \u2013 Vereador Estev\u00e3o Nogueira (Avante)<\/i><\/p><p><strong>As mat\u00e9rias de origem dos Gabinetes Parlamentares s\u00e3o de inteira\u00a0 responsabilidade dos parlamentares e de suas assessorias. S\u00e3o devidamente assinadas e n\u00e3o refletem, necessariamente, a opini\u00e3o institucional da C\u00e2mara Municipal de Limeira.<\/strong><\/p>\t\t\t\t<\/div>\r\n<br>\r\n<br><a href=\"https:\/\/www.limeira.sp.leg.br\/noticias\/view\/2025-07-17_estevao-nogueira-sugere-escalonamento-na-aplicacao-da-nova-aliquota-do-itbi\" rel=\"noopener\">Informa\u00e7\u00f5es CML <\/a>","protected":false},"excerpt":{"rendered":"<p>Por meio da Indica\u00e7\u00e3o N\u00ba 2744\/2025, o vereador Estev\u00e3o Nogueira (Avante) sugere \u00e0 Prefeitura que estabele\u00e7a o escalonamento na aplica\u00e7\u00e3o da nova al\u00edquota do Imposto sobre a Transmiss\u00e3o de Bens Im\u00f3veis (ITBI) e crie mecanismos de garantia de isen\u00e7\u00e3o para a popula\u00e7\u00e3o de baixa renda e empreendimentos de interesse social. A propositura foi apresentada nesta [&hellip;]<\/p>\n","protected":false},"author":1,"featured_media":39343,"comment_status":"open","ping_status":"open","sticky":false,"template":"","format":"standard","meta":{"_jetpack_newsletter_access":"","_jetpack_dont_email_post_to_subs":false,"_jetpack_newsletter_tier_id":0,"_jetpack_memberships_contains_paywalled_content":false,"_mbp_banners":[],"_jetpack_feature_clip_id":0,"_jetpack_memberships_contains_paid_content":false,"footnotes":"","jetpack_publicize_message":"","jetpack_publicize_feature_enabled":true,"jetpack_social_post_already_shared":true,"jetpack_social_options":{"image_generator_settings":{"template":"highway","default_image_id":0,"font":"","enabled":false},"version":2},"jetpack_post_was_ever_published":false},"categories":[19],"tags":[],"class_list":["post-39344","post","type-post","status-publish","format-standard","has-post-thumbnail","category-politica"],"jetpack_publicize_connections":[],"jetpack-related-posts":[],"jetpack_shortlink":"https:\/\/wp.me\/p7Eq1F-aeA","jetpack_sharing_enabled":true,"jetpack_featured_media_url":"https:\/\/i0.wp.com\/guialimeira.com.br\/news\/wp-content\/uploads\/2025\/07\/Estevao-Nogueira-sugere-escalonamento-na-aplicacao-da-nova-aliquota-do.jpg?fit=1280%2C640&ssl=1","_links":{"self":[{"href":"https:\/\/guialimeira.com.br\/news\/wp-json\/wp\/v2\/posts\/39344","targetHints":{"allow":["GET"]}}],"collection":[{"href":"https:\/\/guialimeira.com.br\/news\/wp-json\/wp\/v2\/posts"}],"about":[{"href":"https:\/\/guialimeira.com.br\/news\/wp-json\/wp\/v2\/types\/post"}],"author":[{"embeddable":true,"href":"https:\/\/guialimeira.com.br\/news\/wp-json\/wp\/v2\/users\/1"}],"replies":[{"embeddable":true,"href":"https:\/\/guialimeira.com.br\/news\/wp-json\/wp\/v2\/comments?post=39344"}],"version-history":[{"count":1,"href":"https:\/\/guialimeira.com.br\/news\/wp-json\/wp\/v2\/posts\/39344\/revisions"}],"predecessor-version":[{"id":39345,"href":"https:\/\/guialimeira.com.br\/news\/wp-json\/wp\/v2\/posts\/39344\/revisions\/39345"}],"wp:featuredmedia":[{"embeddable":true,"href":"https:\/\/guialimeira.com.br\/news\/wp-json\/wp\/v2\/media\/39343"}],"wp:attachment":[{"href":"https:\/\/guialimeira.com.br\/news\/wp-json\/wp\/v2\/media?parent=39344"}],"wp:term":[{"taxonomy":"category","embeddable":true,"href":"https:\/\/guialimeira.com.br\/news\/wp-json\/wp\/v2\/categories?post=39344"},{"taxonomy":"post_tag","embeddable":true,"href":"https:\/\/guialimeira.com.br\/news\/wp-json\/wp\/v2\/tags?post=39344"}],"curies":[{"name":"wp","href":"https:\/\/api.w.org\/{rel}","templated":true}]}}