{"id":39339,"date":"2025-07-22T05:10:38","date_gmt":"2025-07-22T08:10:38","guid":{"rendered":"https:\/\/guialimeira.com.br\/?p=39339"},"modified":"2025-07-22T05:10:38","modified_gmt":"2025-07-22T08:10:38","slug":"horto-florestal-comissao-aponta-conflitos-ambientais-se-ampliacao-da-area-do-assentamento-for-consolidada-2","status":"publish","type":"post","link":"https:\/\/guialimeira.com.br\/news\/horto-florestal-comissao-aponta-conflitos-ambientais-se-ampliacao-da-area-do-assentamento-for-consolidada-2\/","title":{"rendered":"Horto Florestal: Comiss\u00e3o aponta conflitos ambientais se amplia\u00e7\u00e3o da \u00e1rea do assentamento for consolidada"},"content":{"rendered":"\n<figure class=\"wp-block-gallery has-nested-images columns-default is-cropped wp-block-gallery-1 is-layout-flex wp-block-gallery-is-layout-flex\"><\/figure>\n \r\n<br><img data-recalc-dims=\"1\" decoding=\"async\" src=\"https:\/\/i0.wp.com\/guialimeira.com.br\/wp-content\/uploads\/2025\/07\/Horto-Florestal-Comissao-aponta-conflitos-ambientais-se-ampliacao-da-area.jpeg?w=696&#038;ssl=1\" \/><br><div>\n\t\t\t\t\t<p>Uma notifica\u00e7\u00e3o \u00e0 Secretaria do Patrim\u00f4nio da Uni\u00e3o (SPU) foi encaminhada pela Comiss\u00e3o de Meio Ambiente da C\u00e2mara na reuni\u00e3o desta quinta-feira, 17 de julho. O objetivo \u00e9 informar que, se a <a href=\"https:\/\/www.in.gov.br\/en\/web\/dou\/-\/portaria-spu\/mgi-n-4.913-de-23-de-junho-de-2025-640222189\" rel=\"noopener\">Portaria 4913\/2025<\/a>, emitida pelo \u00f3rg\u00e3o em favor do Instituto Nacional de Coloniza\u00e7\u00e3o e Reforma Agr\u00e1ria (Incra), for consolidada, haver\u00e1 conflito ambiental, uma vez que o Aterro Sanit\u00e1rio da cidade est\u00e1 localizado dentro da \u00e1rea cedida.\u00a0<\/p><p>A Portaria autoriza a cess\u00e3o provis\u00f3ria da \u00e1rea do Horto Florestal Tatu (total de 602,8676 hectares) ao Incra, destinando-o \u00e0 regulariza\u00e7\u00e3o fundi\u00e1ria e amplia\u00e7\u00e3o do assentamento da reforma agr\u00e1ria Elizabeth Teixeira, em benef\u00edcio de aproximadamente 105 fam\u00edlias. A norma aponta que o local \u00e9 de propriedade da Uni\u00e3o.<\/p><p>Na reuni\u00e3o, os parlamentares demonstraram preocupa\u00e7\u00e3o com a determina\u00e7\u00e3o da Portaria, porque al\u00e9m do munic\u00edpio perder o Horto Florestal, a cess\u00e3o geraria um conflito ambiental, uma vez que o Aterro Sanit\u00e1rio da cidade est\u00e1 dentro da \u00e1rea especificada e com licenciamento prevendo a amplia\u00e7\u00e3o.\u00a0<\/p><p>\u201cO Aterro est\u00e1 consolidado h\u00e1 d\u00e9cadas no local e devidamente licenciado. A urbaniza\u00e7\u00e3o do seu entorno gerar\u00e1 conflitos ambientais severos e uma poss\u00edvel insalubridade aos que ali possam ocupar. S\u00e3o terras que certamente n\u00e3o seriam apropriadas para a agricultura\u201d, disse o presidente da Comiss\u00e3o, Felipe Penedo (PL).\u00a0<\/p><p>Al\u00e9m de Felipe, tamb\u00e9m fazem parte da Comiss\u00e3o de Meio Ambiente os vereadores Tatiane Lopes (Avante), vice-presidente; e Helder do T\u00e1xi (PSD), secret\u00e1rio.<\/p><p>S\u00e3o atribui\u00e7\u00f5es dos membros fiscalizar a implementa\u00e7\u00e3o de pol\u00edticas p\u00fablicas com tem\u00e1tica relacionada \u00e0 legisla\u00e7\u00e3o de defesa do meio ambiente, agricultura, recursos h\u00eddricos, saneamento, polui\u00e7\u00e3o ambiental, flora, fauna, controle e prote\u00e7\u00e3o animal, solo e desenvolvimento sustent\u00e1vel. Compete ainda ao colegiado receber den\u00fancias de viola\u00e7\u00e3o dos direitos dos animais, al\u00e9m de estudar e propor altera\u00e7\u00f5es na legisla\u00e7\u00e3o ambiental. Todas as delibera\u00e7\u00f5es foram registradas em <a href=\"https:\/\/consulta.limeira.sp.leg.br\/arquivo?Id=516185\" rel=\"noopener\">ata<\/a>.<\/p>\t\t\t\t<\/div>\r\n<br>\r\n<br><a href=\"https:\/\/www.limeira.sp.leg.br\/noticias\/view\/2025-07-17_horto-florestal-comissao-aponta-conflitos-ambientais-se-ampliacao-da-area-do-assentamento-for-consolidada\" rel=\"noopener\">Informa\u00e7\u00f5es CML <\/a>","protected":false},"excerpt":{"rendered":"<p>Uma notifica\u00e7\u00e3o \u00e0 Secretaria do Patrim\u00f4nio da Uni\u00e3o (SPU) foi encaminhada pela Comiss\u00e3o de Meio Ambiente da C\u00e2mara na reuni\u00e3o desta quinta-feira, 17 de julho. O objetivo \u00e9 informar que, se a Portaria 4913\/2025, emitida pelo \u00f3rg\u00e3o em favor do Instituto Nacional de Coloniza\u00e7\u00e3o e Reforma Agr\u00e1ria (Incra), for consolidada, haver\u00e1 conflito ambiental, uma vez [&hellip;]<\/p>\n","protected":false},"author":1,"featured_media":39338,"comment_status":"open","ping_status":"open","sticky":false,"template":"","format":"standard","meta":{"_jetpack_newsletter_access":"","_jetpack_dont_email_post_to_subs":false,"_jetpack_newsletter_tier_id":0,"_jetpack_memberships_contains_paywalled_content":false,"_mbp_banners":[],"_jetpack_feature_clip_id":0,"_jetpack_memberships_contains_paid_content":false,"footnotes":"","jetpack_publicize_message":"","jetpack_publicize_feature_enabled":true,"jetpack_social_post_already_shared":true,"jetpack_social_options":{"image_generator_settings":{"template":"highway","default_image_id":0,"font":"","enabled":false},"version":2},"jetpack_post_was_ever_published":false},"categories":[19],"tags":[],"class_list":["post-39339","post","type-post","status-publish","format-standard","has-post-thumbnail","category-politica"],"jetpack_publicize_connections":[],"jetpack-related-posts":[],"jetpack_shortlink":"https:\/\/wp.me\/p7Eq1F-aev","jetpack_sharing_enabled":true,"jetpack_featured_media_url":"https:\/\/i0.wp.com\/guialimeira.com.br\/news\/wp-content\/uploads\/2025\/07\/Horto-Florestal-Comissao-aponta-conflitos-ambientais-se-ampliacao-da-area.jpeg?fit=1280%2C640&ssl=1","_links":{"self":[{"href":"https:\/\/guialimeira.com.br\/news\/wp-json\/wp\/v2\/posts\/39339","targetHints":{"allow":["GET"]}}],"collection":[{"href":"https:\/\/guialimeira.com.br\/news\/wp-json\/wp\/v2\/posts"}],"about":[{"href":"https:\/\/guialimeira.com.br\/news\/wp-json\/wp\/v2\/types\/post"}],"author":[{"embeddable":true,"href":"https:\/\/guialimeira.com.br\/news\/wp-json\/wp\/v2\/users\/1"}],"replies":[{"embeddable":true,"href":"https:\/\/guialimeira.com.br\/news\/wp-json\/wp\/v2\/comments?post=39339"}],"version-history":[{"count":1,"href":"https:\/\/guialimeira.com.br\/news\/wp-json\/wp\/v2\/posts\/39339\/revisions"}],"predecessor-version":[{"id":39340,"href":"https:\/\/guialimeira.com.br\/news\/wp-json\/wp\/v2\/posts\/39339\/revisions\/39340"}],"wp:featuredmedia":[{"embeddable":true,"href":"https:\/\/guialimeira.com.br\/news\/wp-json\/wp\/v2\/media\/39338"}],"wp:attachment":[{"href":"https:\/\/guialimeira.com.br\/news\/wp-json\/wp\/v2\/media?parent=39339"}],"wp:term":[{"taxonomy":"category","embeddable":true,"href":"https:\/\/guialimeira.com.br\/news\/wp-json\/wp\/v2\/categories?post=39339"},{"taxonomy":"post_tag","embeddable":true,"href":"https:\/\/guialimeira.com.br\/news\/wp-json\/wp\/v2\/tags?post=39339"}],"curies":[{"name":"wp","href":"https:\/\/api.w.org\/{rel}","templated":true}]}}