{"id":39334,"date":"2025-07-22T04:09:38","date_gmt":"2025-07-22T07:09:38","guid":{"rendered":"https:\/\/guialimeira.com.br\/?p=39334"},"modified":"2025-07-22T04:09:38","modified_gmt":"2025-07-22T07:09:38","slug":"vereadores-questionam-possibilidade-de-transferencia-do-centro-pop-para-a-area-do-centro-de-acolhida-2","status":"publish","type":"post","link":"https:\/\/guialimeira.com.br\/news\/vereadores-questionam-possibilidade-de-transferencia-do-centro-pop-para-a-area-do-centro-de-acolhida-2\/","title":{"rendered":"Vereadores questionam possibilidade de transfer\u00eancia do Centro Pop para a \u00e1rea do Centro de Acolhida"},"content":{"rendered":"\n<figure class=\"wp-block-gallery has-nested-images columns-default is-cropped wp-block-gallery-1 is-layout-flex wp-block-gallery-is-layout-flex\"><\/figure>\n \r\n<br><img data-recalc-dims=\"1\" decoding=\"async\" src=\"https:\/\/i0.wp.com\/guialimeira.com.br\/wp-content\/uploads\/2025\/07\/Vereadores-questionam-possibilidade-de-transferencia-do-Centro-Pop-para-a.jpeg?w=696&#038;ssl=1\" \/><br><div>\n\t\t\t\t\t<p>Na reuni\u00e3o desta quinta-feira, 17 de julho, a Comiss\u00e3o de Seguran\u00e7a P\u00fablica da C\u00e2mara deliberou o encaminhamento de of\u00edcio \u00e0 Prefeitura questionando a possibilidade de transfer\u00eancia do Centro Pop para o mesmo local onde funciona o Centro de Acolhida.<\/p><p>De acordo com os vereadores, existe uma densa \u00e1rea de preserva\u00e7\u00e3o permanente entre os bairros Jardim Ibirapuera e Parque Novo Mundo, e moradores reclamam da aglomera\u00e7\u00e3o de usu\u00e1rios de drogas, bem como do descarte de ve\u00edculos e outros il\u00edcitos cometidos no local.\u00a0<\/p><p>Por esse motivo, sugeriram a transfer\u00eancia do Centro Pop, localizado na regi\u00e3o, para a mesma \u00e1rea do Centro de Acolhida e a instala\u00e7\u00e3o de uma base da Guarda Civil Municipal no local. Al\u00e9m de melhorar a seguran\u00e7a, o colegiado acredita que a medida facilitaria a presta\u00e7\u00e3o dos servi\u00e7os \u00e0s pessoas em situa\u00e7\u00e3o de rua, uma vez que hoje \u00e9 necess\u00e1rio que a Prefeitura fa\u00e7a o translado destes entre os dois pr\u00e9dios para receberem atendimento e alimenta\u00e7\u00e3o. \u201cTamb\u00e9m haveria a otimiza\u00e7\u00e3o dos recursos do Executivo\u201d, destacaram.<\/p><p>A Comiss\u00e3o de Seguran\u00e7a P\u00fablica \u00e9 respons\u00e1vel por opinar sobre proposituras relativas \u00e0 \u00e1rea, bem como promover estudos e reuni\u00f5es sobre a criminalidade, a viol\u00eancia e a seguran\u00e7a p\u00fablica, propondo medidas necess\u00e1rias \u00e0 melhoria da preven\u00e7\u00e3o e prote\u00e7\u00e3o da comunidade; atuar junto \u00e0s esferas governamentais a fim de implementar pol\u00edticas de seguran\u00e7a p\u00fablica no Munic\u00edpio; e apresentar sugest\u00f5es para o aperfei\u00e7oamento da legisla\u00e7\u00e3o municipal pertinente \u00e0 seguran\u00e7a p\u00fablica.<\/p><p>Fazem parte do colegiado os vereadores Costa J\u00fanior (Podemos), presidente; Felipe Penedo (PL), vice-presidente, e Carlinhos do Grotta (PL), secret\u00e1rio. Todas as delibera\u00e7\u00f5es podem ser conferidas em <a href=\"https:\/\/consulta.limeira.sp.leg.br\/arquivo?Id=516328\" rel=\"noopener\">ata<\/a>.<\/p>\t\t\t\t<\/div>\r\n<br>\r\n<br><a href=\"https:\/\/www.limeira.sp.leg.br\/noticias\/view\/2025-07-17_vereadores-questionam-possibilidade-de-transferencia-do-centro-pop-para-a-area-do-centro-de-acolhida\" rel=\"noopener\">Informa\u00e7\u00f5es CML <\/a>","protected":false},"excerpt":{"rendered":"<p>Na reuni\u00e3o desta quinta-feira, 17 de julho, a Comiss\u00e3o de Seguran\u00e7a P\u00fablica da C\u00e2mara deliberou o encaminhamento de of\u00edcio \u00e0 Prefeitura questionando a possibilidade de transfer\u00eancia do Centro Pop para o mesmo local onde funciona o Centro de Acolhida. De acordo com os vereadores, existe uma densa \u00e1rea de preserva\u00e7\u00e3o permanente entre os bairros Jardim [&hellip;]<\/p>\n","protected":false},"author":1,"featured_media":39333,"comment_status":"open","ping_status":"open","sticky":false,"template":"","format":"standard","meta":{"_jetpack_newsletter_access":"","_jetpack_dont_email_post_to_subs":false,"_jetpack_newsletter_tier_id":0,"_jetpack_memberships_contains_paywalled_content":false,"_mbp_banners":[],"_jetpack_feature_clip_id":0,"_jetpack_memberships_contains_paid_content":false,"footnotes":"","jetpack_publicize_message":"","jetpack_publicize_feature_enabled":true,"jetpack_social_post_already_shared":true,"jetpack_social_options":{"image_generator_settings":{"template":"highway","default_image_id":0,"font":"","enabled":false},"version":2},"jetpack_post_was_ever_published":false},"categories":[19],"tags":[],"class_list":["post-39334","post","type-post","status-publish","format-standard","has-post-thumbnail","category-politica"],"jetpack_publicize_connections":[],"jetpack-related-posts":[],"jetpack_shortlink":"https:\/\/wp.me\/p7Eq1F-aeq","jetpack_sharing_enabled":true,"jetpack_featured_media_url":"https:\/\/i0.wp.com\/guialimeira.com.br\/news\/wp-content\/uploads\/2025\/07\/Vereadores-questionam-possibilidade-de-transferencia-do-Centro-Pop-para-a.jpeg?fit=1280%2C640&ssl=1","_links":{"self":[{"href":"https:\/\/guialimeira.com.br\/news\/wp-json\/wp\/v2\/posts\/39334","targetHints":{"allow":["GET"]}}],"collection":[{"href":"https:\/\/guialimeira.com.br\/news\/wp-json\/wp\/v2\/posts"}],"about":[{"href":"https:\/\/guialimeira.com.br\/news\/wp-json\/wp\/v2\/types\/post"}],"author":[{"embeddable":true,"href":"https:\/\/guialimeira.com.br\/news\/wp-json\/wp\/v2\/users\/1"}],"replies":[{"embeddable":true,"href":"https:\/\/guialimeira.com.br\/news\/wp-json\/wp\/v2\/comments?post=39334"}],"version-history":[{"count":1,"href":"https:\/\/guialimeira.com.br\/news\/wp-json\/wp\/v2\/posts\/39334\/revisions"}],"predecessor-version":[{"id":39335,"href":"https:\/\/guialimeira.com.br\/news\/wp-json\/wp\/v2\/posts\/39334\/revisions\/39335"}],"wp:featuredmedia":[{"embeddable":true,"href":"https:\/\/guialimeira.com.br\/news\/wp-json\/wp\/v2\/media\/39333"}],"wp:attachment":[{"href":"https:\/\/guialimeira.com.br\/news\/wp-json\/wp\/v2\/media?parent=39334"}],"wp:term":[{"taxonomy":"category","embeddable":true,"href":"https:\/\/guialimeira.com.br\/news\/wp-json\/wp\/v2\/categories?post=39334"},{"taxonomy":"post_tag","embeddable":true,"href":"https:\/\/guialimeira.com.br\/news\/wp-json\/wp\/v2\/tags?post=39334"}],"curies":[{"name":"wp","href":"https:\/\/api.w.org\/{rel}","templated":true}]}}