{"id":39329,"date":"2025-07-22T03:08:35","date_gmt":"2025-07-22T06:08:35","guid":{"rendered":"https:\/\/guialimeira.com.br\/?p=39329"},"modified":"2025-07-22T03:08:35","modified_gmt":"2025-07-22T06:08:35","slug":"presidencia-vereadora-tatiane-lopes-assume-cargo-interinamente","status":"publish","type":"post","link":"https:\/\/guialimeira.com.br\/news\/presidencia-vereadora-tatiane-lopes-assume-cargo-interinamente\/","title":{"rendered":"Presid\u00eancia: vereadora Tatiane Lopes assume cargo interinamente"},"content":{"rendered":"\n<figure class=\"wp-block-gallery has-nested-images columns-default is-cropped wp-block-gallery-1 is-layout-flex wp-block-gallery-is-layout-flex\"><\/figure>\n \r\n<br><img data-recalc-dims=\"1\" decoding=\"async\" src=\"https:\/\/i0.wp.com\/guialimeira.com.br\/wp-content\/uploads\/2025\/07\/Presidencia-vereadora-Tatiane-Lopes-assume-cargo-interinamente.jpg?w=696&#038;ssl=1\" \/><br><div>\n\t\t\t\t\t<p>A vereadora Tatiane Lopes (Avante) assume a Presid\u00eancia da C\u00e2mara Municipal de Limeira interinamente a partir desta sexta-feira, 18 de julho. A parlamentar substitui o presidente da Casa, Everton Ferreira (PSD), que se ausenta da cidade devido a quest\u00f5es de sa\u00fade na fam\u00edlia.<\/p><p>De acordo com o <a href=\"https:\/\/legislacao.limeira.sp.leg.br\/Limeira-SP\/Resolucoes\/889-2024\" rel=\"noopener\">Regimento Interno<\/a> da Casa, sempre que o presidente precisa se ausentar do munic\u00edpio por per\u00edodo superior a 72 horas, o exerc\u00edcio do cargo \u00e9 transmitido ao vice-presidente. Tatiane Lopes permanece na Presid\u00eancia interinamente at\u00e9 a pr\u00f3xima quarta-feira, 23 de julho.<\/p>\t\t\t\t<\/div>\r\n<br>\r\n<br><a href=\"https:\/\/www.limeira.sp.leg.br\/noticias\/view\/2025-07-17_presidencia-vereadora-tatiane-lopes-assume-cargo-interinamente\" rel=\"noopener\">Informa\u00e7\u00f5es CML <\/a>","protected":false},"excerpt":{"rendered":"<p>A vereadora Tatiane Lopes (Avante) assume a Presid\u00eancia da C\u00e2mara Municipal de Limeira interinamente a partir desta sexta-feira, 18 de julho. A parlamentar substitui o presidente da Casa, Everton Ferreira (PSD), que se ausenta da cidade devido a quest\u00f5es de sa\u00fade na fam\u00edlia. De acordo com o Regimento Interno da Casa, sempre que o presidente [&hellip;]<\/p>\n","protected":false},"author":1,"featured_media":39328,"comment_status":"open","ping_status":"open","sticky":false,"template":"","format":"standard","meta":{"_jetpack_newsletter_access":"","_jetpack_dont_email_post_to_subs":false,"_jetpack_newsletter_tier_id":0,"_jetpack_memberships_contains_paywalled_content":false,"_mbp_banners":[],"_jetpack_feature_clip_id":0,"_jetpack_memberships_contains_paid_content":false,"footnotes":"","jetpack_publicize_message":"","jetpack_publicize_feature_enabled":true,"jetpack_social_post_already_shared":true,"jetpack_social_options":{"image_generator_settings":{"template":"highway","default_image_id":0,"font":"","enabled":false},"version":2},"jetpack_post_was_ever_published":false},"categories":[19],"tags":[],"class_list":["post-39329","post","type-post","status-publish","format-standard","has-post-thumbnail","category-politica"],"jetpack_publicize_connections":[],"jetpack-related-posts":[],"jetpack_shortlink":"https:\/\/wp.me\/p7Eq1F-ael","jetpack_sharing_enabled":true,"jetpack_featured_media_url":"https:\/\/i0.wp.com\/guialimeira.com.br\/news\/wp-content\/uploads\/2025\/07\/Presidencia-vereadora-Tatiane-Lopes-assume-cargo-interinamente.jpg?fit=1280%2C640&ssl=1","_links":{"self":[{"href":"https:\/\/guialimeira.com.br\/news\/wp-json\/wp\/v2\/posts\/39329","targetHints":{"allow":["GET"]}}],"collection":[{"href":"https:\/\/guialimeira.com.br\/news\/wp-json\/wp\/v2\/posts"}],"about":[{"href":"https:\/\/guialimeira.com.br\/news\/wp-json\/wp\/v2\/types\/post"}],"author":[{"embeddable":true,"href":"https:\/\/guialimeira.com.br\/news\/wp-json\/wp\/v2\/users\/1"}],"replies":[{"embeddable":true,"href":"https:\/\/guialimeira.com.br\/news\/wp-json\/wp\/v2\/comments?post=39329"}],"version-history":[{"count":1,"href":"https:\/\/guialimeira.com.br\/news\/wp-json\/wp\/v2\/posts\/39329\/revisions"}],"predecessor-version":[{"id":39330,"href":"https:\/\/guialimeira.com.br\/news\/wp-json\/wp\/v2\/posts\/39329\/revisions\/39330"}],"wp:featuredmedia":[{"embeddable":true,"href":"https:\/\/guialimeira.com.br\/news\/wp-json\/wp\/v2\/media\/39328"}],"wp:attachment":[{"href":"https:\/\/guialimeira.com.br\/news\/wp-json\/wp\/v2\/media?parent=39329"}],"wp:term":[{"taxonomy":"category","embeddable":true,"href":"https:\/\/guialimeira.com.br\/news\/wp-json\/wp\/v2\/categories?post=39329"},{"taxonomy":"post_tag","embeddable":true,"href":"https:\/\/guialimeira.com.br\/news\/wp-json\/wp\/v2\/tags?post=39329"}],"curies":[{"name":"wp","href":"https:\/\/api.w.org\/{rel}","templated":true}]}}