{"id":39323,"date":"2025-07-22T02:07:49","date_gmt":"2025-07-22T05:07:49","guid":{"rendered":"https:\/\/guialimeira.com.br\/?p=39323"},"modified":"2025-07-22T02:07:49","modified_gmt":"2025-07-22T05:07:49","slug":"lu-bogo-requer-volta-das-carretinhas-na-limpeza-publica-2","status":"publish","type":"post","link":"https:\/\/guialimeira.com.br\/news\/lu-bogo-requer-volta-das-carretinhas-na-limpeza-publica-2\/","title":{"rendered":"Lu Bogo requer volta das carretinhas na limpeza p\u00fablica"},"content":{"rendered":"\n<figure class=\"wp-block-gallery has-nested-images columns-default is-cropped wp-block-gallery-1 is-layout-flex wp-block-gallery-is-layout-flex\"><\/figure>\n \r\n<br><img data-recalc-dims=\"1\" decoding=\"async\" src=\"https:\/\/i0.wp.com\/guialimeira.com.br\/wp-content\/uploads\/2025\/07\/Lu-Bogo-requer-volta-das-carretinhas-na-limpeza-publica.jpg?w=696&#038;ssl=1\" \/><br><div>\n\t\t\t\t\t<p>A vereadora Lu Bogo (PL) protocolou nesta quinta-feira, 17 de julho, o <a href=\"https:\/\/consulta.limeira.sp.leg.br\/Documentos\/Documento\/386913\" rel=\"noopener\">Requerimento N\u00b0473\/2025<\/a> acerca dos servi\u00e7os de varri\u00e7\u00e3o, limpeza no entorno dos pr\u00e9dios p\u00fablicos, \u00e1reas p\u00fablicas, escolas, secretarias municipais, hospitais, pra\u00e7as e est\u00e1dios.<\/p><p>\u201cMuitos locais p\u00fablicos precisam de uma aten\u00e7\u00e3o quanto \u00e0 limpeza e \u00e0 varri\u00e7\u00e3o. No entorno do Limeir\u00e3o, por exemplo, onde as pessoas fazem caminhada, \u00e9 necess\u00e1rio que seja mais constante este servi\u00e7o. Para auxiliar os trabalhos o requerimento traz questionamento sobre a volta das carretinhas com equipe de varredores para auxiliar na realiza\u00e7\u00e3o deste servi\u00e7o, de locais que recebem grande n\u00famero de pessoas diariamente\u201d, explicou a vereadora.\u00a0<\/p><p>\u201cA inten\u00e7\u00e3o deste Requerimento \u00e9 voltar o olhar do Poder P\u00fablico para a limpeza destes locais, que s\u00e3o o cart\u00e3o de visitas de nossa cidade. O espa\u00e7o estando mais limpo fica convidativo e mostra o zelo da administra\u00e7\u00e3o pelos espa\u00e7os p\u00fablicos, pelo cuidado com a nossa cidade, nossa popula\u00e7\u00e3o. Ser\u00e3o muitos os benef\u00edcios\u201d, completou Lu Bogo.\u00a0\u00a0<\/p><p>A propositura protocolada ser\u00e1 lida, discutida e encaminhada para o Executivo ap\u00f3s o recesso parlamentar.<\/p><p><i>Do Gabinete Parlamentar \u2013 Vereadora Lu Bogo (PL)<\/i><\/p><p><i>*Fotos do Gabinete parlamentar<\/i><\/p><p><strong>As mat\u00e9rias de origem dos Gabinetes Parlamentares s\u00e3o de inteira\u00a0 responsabilidade dos parlamentares e de suas assessorias. S\u00e3o devidamente assinadas e n\u00e3o refletem, necessariamente, a opini\u00e3o institucional da C\u00e2mara Municipal de Limeira.<\/strong><\/p>\t\t\t\t<\/div>\r\n<br>\r\n<br><a href=\"https:\/\/www.limeira.sp.leg.br\/noticias\/view\/2025-07-18_lu-bogo-requer-volta-das-carretinhas-na-limpeza-publica\" rel=\"noopener\">Informa\u00e7\u00f5es CML <\/a>","protected":false},"excerpt":{"rendered":"<p>A vereadora Lu Bogo (PL) protocolou nesta quinta-feira, 17 de julho, o Requerimento N\u00b0473\/2025 acerca dos servi\u00e7os de varri\u00e7\u00e3o, limpeza no entorno dos pr\u00e9dios p\u00fablicos, \u00e1reas p\u00fablicas, escolas, secretarias municipais, hospitais, pra\u00e7as e est\u00e1dios. \u201cMuitos locais p\u00fablicos precisam de uma aten\u00e7\u00e3o quanto \u00e0 limpeza e \u00e0 varri\u00e7\u00e3o. No entorno do Limeir\u00e3o, por exemplo, onde as [&hellip;]<\/p>\n","protected":false},"author":1,"featured_media":39322,"comment_status":"open","ping_status":"open","sticky":false,"template":"","format":"standard","meta":{"_jetpack_newsletter_access":"","_jetpack_dont_email_post_to_subs":false,"_jetpack_newsletter_tier_id":0,"_jetpack_memberships_contains_paywalled_content":false,"_mbp_banners":[],"_jetpack_feature_clip_id":0,"_jetpack_memberships_contains_paid_content":false,"footnotes":"","jetpack_publicize_message":"","jetpack_publicize_feature_enabled":true,"jetpack_social_post_already_shared":true,"jetpack_social_options":{"image_generator_settings":{"template":"highway","default_image_id":0,"font":"","enabled":false},"version":2},"jetpack_post_was_ever_published":false},"categories":[19],"tags":[],"class_list":["post-39323","post","type-post","status-publish","format-standard","has-post-thumbnail","category-politica"],"jetpack_publicize_connections":[],"jetpack-related-posts":[],"jetpack_shortlink":"https:\/\/wp.me\/p7Eq1F-aef","jetpack_sharing_enabled":true,"jetpack_featured_media_url":"https:\/\/i0.wp.com\/guialimeira.com.br\/news\/wp-content\/uploads\/2025\/07\/Lu-Bogo-requer-volta-das-carretinhas-na-limpeza-publica.jpg?fit=1280%2C640&ssl=1","_links":{"self":[{"href":"https:\/\/guialimeira.com.br\/news\/wp-json\/wp\/v2\/posts\/39323","targetHints":{"allow":["GET"]}}],"collection":[{"href":"https:\/\/guialimeira.com.br\/news\/wp-json\/wp\/v2\/posts"}],"about":[{"href":"https:\/\/guialimeira.com.br\/news\/wp-json\/wp\/v2\/types\/post"}],"author":[{"embeddable":true,"href":"https:\/\/guialimeira.com.br\/news\/wp-json\/wp\/v2\/users\/1"}],"replies":[{"embeddable":true,"href":"https:\/\/guialimeira.com.br\/news\/wp-json\/wp\/v2\/comments?post=39323"}],"version-history":[{"count":1,"href":"https:\/\/guialimeira.com.br\/news\/wp-json\/wp\/v2\/posts\/39323\/revisions"}],"predecessor-version":[{"id":39324,"href":"https:\/\/guialimeira.com.br\/news\/wp-json\/wp\/v2\/posts\/39323\/revisions\/39324"}],"wp:featuredmedia":[{"embeddable":true,"href":"https:\/\/guialimeira.com.br\/news\/wp-json\/wp\/v2\/media\/39322"}],"wp:attachment":[{"href":"https:\/\/guialimeira.com.br\/news\/wp-json\/wp\/v2\/media?parent=39323"}],"wp:term":[{"taxonomy":"category","embeddable":true,"href":"https:\/\/guialimeira.com.br\/news\/wp-json\/wp\/v2\/categories?post=39323"},{"taxonomy":"post_tag","embeddable":true,"href":"https:\/\/guialimeira.com.br\/news\/wp-json\/wp\/v2\/tags?post=39323"}],"curies":[{"name":"wp","href":"https:\/\/api.w.org\/{rel}","templated":true}]}}