{"id":39312,"date":"2025-07-22T00:05:35","date_gmt":"2025-07-22T03:05:35","guid":{"rendered":"https:\/\/guialimeira.com.br\/?p=39312"},"modified":"2025-07-22T00:05:35","modified_gmt":"2025-07-22T03:05:35","slug":"alunos-do-senac-participam-de-visita-guiada-a-camara-municipal-2","status":"publish","type":"post","link":"https:\/\/guialimeira.com.br\/news\/alunos-do-senac-participam-de-visita-guiada-a-camara-municipal-2\/","title":{"rendered":"Alunos do SENAC participam de visita guiada \u00e0 C\u00e2mara Municipal"},"content":{"rendered":"\n<figure class=\"wp-block-gallery has-nested-images columns-default is-cropped wp-block-gallery-1 is-layout-flex wp-block-gallery-is-layout-flex\"><\/figure>\n \r\n<br><img data-recalc-dims=\"1\" decoding=\"async\" src=\"https:\/\/i0.wp.com\/guialimeira.com.br\/wp-content\/uploads\/2025\/07\/Alunos-do-SENAC-participam-de-visita-guiada-a-Camara-Municipal.jpg?w=696&#038;ssl=1\" \/><br><div>\n\t\t\t\t\t<p>Na tarde desta quinta-feira, 17 de julho, alunos do Servi\u00e7o Nacional de Aprendizagem Comercial (Senac) participaram de uma visita guiada \u00e0 C\u00e2mara Municipal, por meio da Escola Legislativa Paulo Freire. A atividade faz parte do projeto C\u00e2mara-Escola e teve como objetivo apresentar aos estudantes o funcionamento do Poder Legislativo e proporcionar um contato direto com o ambiente onde s\u00e3o debatidas e votadas as leis da cidade.<\/p><p>Durante a visita, estiveram presentes cerca de 16 alunos acompanhados pelos professores: Wanderlei Reginaldo, N\u00e1dia Santos e Thayn\u00e1 Lucio. Os estudantes foram recepcionados por servidores da C\u00e2mara e acompanharam uma palestra sobre a diferen\u00e7a entre os poderes Legislativo, Executivo e Judici\u00e1rio. Al\u00e9m de conhecerem os vereadores Carlinhos do Grotta (PL), Elias Barbosa (PRTB) e Jo\u00e3o Antunes Bano (Solidariedade), aprenderam sobre a hist\u00f3ria da C\u00e2mara Municipal e o papel exercido pelos vereadores.<\/p><p><strong>C\u00e2mara-Escola<\/strong><\/p><p>O projeto C\u00e2mara-Escola tem como objetivo promover cidadania e conhecimento a respeito das demandas do munic\u00edpio a crian\u00e7as, adolescentes e jovens. De autoria da Mesa Diretora, a <a href=\"https:\/\/legislacao.limeira.sp.leg.br\/Limeira-SP\/Resolucoes\/843-2023\" rel=\"noopener\">Resolu\u00e7\u00e3o N\u00b0 843\/2023<\/a> prop\u00f5e o despertar do interesse pela pol\u00edtica no \u00e2mbito municipal.<\/p><p>A C\u00e2mara Municipal est\u00e1 aberta para visita\u00e7\u00e3o; todas as escolas de Limeira podem agendar uma visita guiada pelo telefone: (19) 3404-7533 ou pelo e-mail: escolalegislativa@limeira.sp.leg.br.<\/p>\t\t\t\t<\/div>\r\n<br>\r\n<br><a href=\"https:\/\/www.limeira.sp.leg.br\/noticias\/view\/2025-07-18_alunos-do-senac-participam-de-visita-guiada-a-camara-municipal\" rel=\"noopener\">Informa\u00e7\u00f5es CML <\/a>","protected":false},"excerpt":{"rendered":"<p>Na tarde desta quinta-feira, 17 de julho, alunos do Servi\u00e7o Nacional de Aprendizagem Comercial (Senac) participaram de uma visita guiada \u00e0 C\u00e2mara Municipal, por meio da Escola Legislativa Paulo Freire. A atividade faz parte do projeto C\u00e2mara-Escola e teve como objetivo apresentar aos estudantes o funcionamento do Poder Legislativo e proporcionar um contato direto com [&hellip;]<\/p>\n","protected":false},"author":1,"featured_media":39311,"comment_status":"open","ping_status":"open","sticky":false,"template":"","format":"standard","meta":{"_jetpack_newsletter_access":"","_jetpack_dont_email_post_to_subs":false,"_jetpack_newsletter_tier_id":0,"_jetpack_memberships_contains_paywalled_content":false,"_mbp_banners":[],"_jetpack_feature_clip_id":0,"_jetpack_memberships_contains_paid_content":false,"footnotes":"","jetpack_publicize_message":"","jetpack_publicize_feature_enabled":true,"jetpack_social_post_already_shared":true,"jetpack_social_options":{"image_generator_settings":{"template":"highway","default_image_id":0,"font":"","enabled":false},"version":2},"jetpack_post_was_ever_published":false},"categories":[19],"tags":[],"class_list":["post-39312","post","type-post","status-publish","format-standard","has-post-thumbnail","category-politica"],"jetpack_publicize_connections":[],"jetpack-related-posts":[],"jetpack_shortlink":"https:\/\/wp.me\/p7Eq1F-ae4","jetpack_sharing_enabled":true,"jetpack_featured_media_url":"https:\/\/i0.wp.com\/guialimeira.com.br\/news\/wp-content\/uploads\/2025\/07\/Alunos-do-SENAC-participam-de-visita-guiada-a-Camara-Municipal.jpg?fit=1280%2C640&ssl=1","_links":{"self":[{"href":"https:\/\/guialimeira.com.br\/news\/wp-json\/wp\/v2\/posts\/39312","targetHints":{"allow":["GET"]}}],"collection":[{"href":"https:\/\/guialimeira.com.br\/news\/wp-json\/wp\/v2\/posts"}],"about":[{"href":"https:\/\/guialimeira.com.br\/news\/wp-json\/wp\/v2\/types\/post"}],"author":[{"embeddable":true,"href":"https:\/\/guialimeira.com.br\/news\/wp-json\/wp\/v2\/users\/1"}],"replies":[{"embeddable":true,"href":"https:\/\/guialimeira.com.br\/news\/wp-json\/wp\/v2\/comments?post=39312"}],"version-history":[{"count":1,"href":"https:\/\/guialimeira.com.br\/news\/wp-json\/wp\/v2\/posts\/39312\/revisions"}],"predecessor-version":[{"id":39313,"href":"https:\/\/guialimeira.com.br\/news\/wp-json\/wp\/v2\/posts\/39312\/revisions\/39313"}],"wp:featuredmedia":[{"embeddable":true,"href":"https:\/\/guialimeira.com.br\/news\/wp-json\/wp\/v2\/media\/39311"}],"wp:attachment":[{"href":"https:\/\/guialimeira.com.br\/news\/wp-json\/wp\/v2\/media?parent=39312"}],"wp:term":[{"taxonomy":"category","embeddable":true,"href":"https:\/\/guialimeira.com.br\/news\/wp-json\/wp\/v2\/categories?post=39312"},{"taxonomy":"post_tag","embeddable":true,"href":"https:\/\/guialimeira.com.br\/news\/wp-json\/wp\/v2\/tags?post=39312"}],"curies":[{"name":"wp","href":"https:\/\/api.w.org\/{rel}","templated":true}]}}