{"id":39299,"date":"2025-07-21T22:03:46","date_gmt":"2025-07-22T01:03:46","guid":{"rendered":"https:\/\/guialimeira.com.br\/?p=39299"},"modified":"2025-07-21T22:03:46","modified_gmt":"2025-07-22T01:03:46","slug":"vereadoras-sugerem-o-onibus-sp-por-todas-durante-eventos-de-grande-porte-em-limeira-2","status":"publish","type":"post","link":"https:\/\/guialimeira.com.br\/news\/vereadoras-sugerem-o-onibus-sp-por-todas-durante-eventos-de-grande-porte-em-limeira-2\/","title":{"rendered":"Vereadoras sugerem o \u201c\u00d4nibus SP por Todas\u201d durante eventos de grande porte em Limeira"},"content":{"rendered":"\n<figure class=\"wp-block-gallery has-nested-images columns-default is-cropped wp-block-gallery-1 is-layout-flex wp-block-gallery-is-layout-flex\"><\/figure>\n \r\n<br><img data-recalc-dims=\"1\" decoding=\"async\" src=\"https:\/\/i0.wp.com\/guialimeira.com.br\/wp-content\/uploads\/2025\/07\/Vereadoras-sugerem-o-Onibus-SP-por-Todas-durante-eventos-de.jpg?w=696&#038;ssl=1\" \/><br><div>\n\t\t\t\t\t<p>A vereadora Mariana Calsa (MDB) protocolou a <a href=\"https:\/\/consulta.limeira.sp.leg.br\/Documentos\/Documento\/386836\" rel=\"noopener\">Indica\u00e7\u00e3o N\u00ba 2798\/2025<\/a> solicitando a presen\u00e7a do \u201c\u00d4nibus SP por Todas\u201d em eventos p\u00fablicos e\/ou privados de Limeira. A a\u00e7\u00e3o, promovida pela Secretaria de Pol\u00edticas para a Mulher do Estado de S\u00e3o Paulo, foi lan\u00e7ada em 6 de julho e tem o objetivo de oferecer atendimento humanizado, sigiloso e descentralizado para mulheres em situa\u00e7\u00e3o de vulnerabilidade, segundo a parlamentar.<\/p><p>Mariana informou que o \u00f4nibus \u00e9 equipado para prestar servi\u00e7os integrados nas \u00e1reas psicossocial, jur\u00eddica e assistencial, podendo ser instalado em locais com grande circula\u00e7\u00e3o de pessoas, como festas e eventos populares. A vereadora ressaltou que Limeira realiza anualmente grandes eventos, como o Rodeio, a Festa da Coxinha e a Festa da Laranja, o que a torna uma cidade estrat\u00e9gica para receber a iniciativa.<\/p><p>\u201cTemos uma rede de prote\u00e7\u00e3o atuante e muito respeitada, a rede Elza Tank, mas entendemos que unir for\u00e7as com o Governo do Estado pode potencializar o que j\u00e1 fazemos com excel\u00eancia aqui. O \u00f4nibus \u00e9 mais uma porta de entrada para mulheres que precisam de acolhimento, orienta\u00e7\u00e3o e prote\u00e7\u00e3o\u201d, destacou Mariana Calsa.<\/p><p>A vereadora tamb\u00e9m refor\u00e7ou o pedido junto ao Governo Estadual, somando-se a outras parlamentares que j\u00e1 manifestaram interesse em trazer o servi\u00e7o para Limeira, assinando o documento em conjunto. At\u00e9 o momento, assinaram a indica\u00e7\u00e3o as vereadoras Tatiane Lopes (Avante), Mara Isa Mattos Silveira (PL), Bruna Magalh\u00e3es (PRTB) e Isabelly Carvalho (PT).<\/p><p><i>Do Gabinete Parlamentar &#8211; Vereadora Mariana Calsa (MDB)<\/i><\/p><p><i>*Foto do Gabinete Parlamentar<\/i><\/p><p><strong>As mat\u00e9rias de origem dos Gabinetes Parlamentares s\u00e3o de inteira\u00a0 responsabilidade dos parlamentares e de suas assessorias. S\u00e3o devidamente assinadas e n\u00e3o refletem, necessariamente, a opini\u00e3o institucional da C\u00e2mara Municipal de Limeira.<\/strong><\/p>\t\t\t\t<\/div>\r\n<br>\r\n<br><a href=\"https:\/\/www.limeira.sp.leg.br\/noticias\/view\/2025-07-18_vereadoras-sugerem-o-onibus-sp-por-todas-durante-eventos-de-grande-porte-em-limeira\" rel=\"noopener\">Informa\u00e7\u00f5es CML <\/a>","protected":false},"excerpt":{"rendered":"<p>A vereadora Mariana Calsa (MDB) protocolou a Indica\u00e7\u00e3o N\u00ba 2798\/2025 solicitando a presen\u00e7a do \u201c\u00d4nibus SP por Todas\u201d em eventos p\u00fablicos e\/ou privados de Limeira. A a\u00e7\u00e3o, promovida pela Secretaria de Pol\u00edticas para a Mulher do Estado de S\u00e3o Paulo, foi lan\u00e7ada em 6 de julho e tem o objetivo de oferecer atendimento humanizado, sigiloso [&hellip;]<\/p>\n","protected":false},"author":1,"featured_media":39298,"comment_status":"open","ping_status":"open","sticky":false,"template":"","format":"standard","meta":{"_jetpack_newsletter_access":"","_jetpack_dont_email_post_to_subs":false,"_jetpack_newsletter_tier_id":0,"_jetpack_memberships_contains_paywalled_content":false,"_mbp_banners":[],"_jetpack_feature_clip_id":0,"_jetpack_memberships_contains_paid_content":false,"footnotes":"","jetpack_publicize_message":"","jetpack_publicize_feature_enabled":true,"jetpack_social_post_already_shared":true,"jetpack_social_options":{"image_generator_settings":{"template":"highway","default_image_id":0,"font":"","enabled":false},"version":2},"jetpack_post_was_ever_published":false},"categories":[19],"tags":[],"class_list":["post-39299","post","type-post","status-publish","format-standard","has-post-thumbnail","category-politica"],"jetpack_publicize_connections":[],"jetpack-related-posts":[],"jetpack_shortlink":"https:\/\/wp.me\/p7Eq1F-adR","jetpack_sharing_enabled":true,"jetpack_featured_media_url":"https:\/\/i0.wp.com\/guialimeira.com.br\/news\/wp-content\/uploads\/2025\/07\/Vereadoras-sugerem-o-Onibus-SP-por-Todas-durante-eventos-de.jpg?fit=1280%2C640&ssl=1","_links":{"self":[{"href":"https:\/\/guialimeira.com.br\/news\/wp-json\/wp\/v2\/posts\/39299","targetHints":{"allow":["GET"]}}],"collection":[{"href":"https:\/\/guialimeira.com.br\/news\/wp-json\/wp\/v2\/posts"}],"about":[{"href":"https:\/\/guialimeira.com.br\/news\/wp-json\/wp\/v2\/types\/post"}],"author":[{"embeddable":true,"href":"https:\/\/guialimeira.com.br\/news\/wp-json\/wp\/v2\/users\/1"}],"replies":[{"embeddable":true,"href":"https:\/\/guialimeira.com.br\/news\/wp-json\/wp\/v2\/comments?post=39299"}],"version-history":[{"count":1,"href":"https:\/\/guialimeira.com.br\/news\/wp-json\/wp\/v2\/posts\/39299\/revisions"}],"predecessor-version":[{"id":39300,"href":"https:\/\/guialimeira.com.br\/news\/wp-json\/wp\/v2\/posts\/39299\/revisions\/39300"}],"wp:featuredmedia":[{"embeddable":true,"href":"https:\/\/guialimeira.com.br\/news\/wp-json\/wp\/v2\/media\/39298"}],"wp:attachment":[{"href":"https:\/\/guialimeira.com.br\/news\/wp-json\/wp\/v2\/media?parent=39299"}],"wp:term":[{"taxonomy":"category","embeddable":true,"href":"https:\/\/guialimeira.com.br\/news\/wp-json\/wp\/v2\/categories?post=39299"},{"taxonomy":"post_tag","embeddable":true,"href":"https:\/\/guialimeira.com.br\/news\/wp-json\/wp\/v2\/tags?post=39299"}],"curies":[{"name":"wp","href":"https:\/\/api.w.org\/{rel}","templated":true}]}}