{"id":3929,"date":"2024-05-06T18:42:44","date_gmt":"2024-05-06T21:42:44","guid":{"rendered":"https:\/\/guialimeira.com.br\/2024\/05\/06\/paris-2024-brasil-leva-vaga-no-revezamento-4x400-m-e-volei-de-praia\/"},"modified":"2024-05-06T18:42:44","modified_gmt":"2024-05-06T21:42:44","slug":"paris-2024-brasil-leva-vaga-no-revezamento-4x400-m-e-volei-de-praia","status":"publish","type":"post","link":"https:\/\/guialimeira.com.br\/news\/paris-2024-brasil-leva-vaga-no-revezamento-4x400-m-e-volei-de-praia\/","title":{"rendered":"Paris 2024: Brasil leva vaga no revezamento 4&#215;400 m e v\u00f4lei de praia"},"content":{"rendered":"<p> <br \/>\n<\/p>\n<div>\n<p><a href=\"https:\/\/www.cob.org.br\/pt\/galerias\/noticias\/lista-de-vagas-garantidas-pelo-time-brasil-nos-jogos-olimpicos-paris-2024\/\" rel=\"noopener\"><strong>O Brasil chegou \u00e0 216 vagas ol\u00edmpicas nos Jogos de Paris<\/strong><\/a> neste fim de semana ap\u00f3s classifica\u00e7\u00e3o na prova do revezamento 4x400m do atletismo e \u00a0no v\u00f4lei de praia. Em Bahamas, No Mundial de Revezamento, o pa\u00eds carimbou a vaga\u00a0 ao vencer a repescagem com velocistas da nova gera\u00e7\u00e3o: \u00a0Lucas Carvalho, Lucas Vilas, Vitor Hugo Miranda e Matheus Lima. \u00a0J\u00e1 no v\u00f4lei de praia, a experi\u00eancia fez a diferen\u00e7a: a dupla Evandro e Arthur Lanci arrebatou a quarta e \u00faltima vaga do pa\u00eds na modalidade ao faturarem o t\u00edtulo na etapa de Bras\u00edlia (elite 16) do circuito mundial.<img data-recalc-dims=\"1\" decoding=\"async\" src=\"https:\/\/i0.wp.com\/agenciabrasil.ebc.com.br\/ebc.png?w=696&#038;ssl=1\" style=\"width:1px; height:1px; display:inline;\"\/><img data-recalc-dims=\"1\" decoding=\"async\" src=\"https:\/\/i0.wp.com\/agenciabrasil.ebc.com.br\/ebc.gif?w=696&#038;ssl=1\" style=\"width:1px; height:1px; display:inline;\"\/><\/p>\n<blockquote class=\"instagram-media\" data-instgrm-captioned=\"\" data-instgrm-permalink=\"https:\/\/www.instagram.com\/reel\/C6nDAevrezG\/?utm_source=ig_embed&amp;utm_campaign=loading\" data-instgrm-version=\"14\" style=\" background:#FFF; border:0; border-radius:3px; box-shadow:0 0 1px 0 rgba(0,0,0,0.5),0 1px 10px 0 rgba(0,0,0,0.15); margin: 1px; max-width:540px; min-width:326px; padding:0; width:99.375%; width:-webkit-calc(100% - 2px); width:calc(100% - 2px);\">\n<\/blockquote>\n<p>Em Bahamas, o Brasil come\u00e7ou bem a bateria da repescagem com Lucas Carvalho, seguido de Lucas Vilas. Ambos mantiveram a lideran\u00e7a at\u00e9 a entrega do bast\u00e3o a Vitor de Miranda, que perdeu ritmo mas conseguiu recuperar a dianteira para entregar o bast\u00e3o a Matheus Lima. \u00daltimo do quarteto, o cearense de 20 anos fechou a prova em primeiro lugar, garantindo a vaga em Paris. As outras cinco vagas no Mundial ficaram com Estados Unidos (tamb\u00e9m na repescagem), Trinidad e Tobago, Espanha, Pol\u00f4nia e \u00cdndia.<\/p>\n<p>Como n\u00e3o houve classifica\u00e7\u00e3o nas provas dos revezamentos 4&#215;100 (feminino e masculino) e 4x400m (feminino e misto), o Brasil ter\u00e1 de aguardar o fechamento do ranking mundial em 30 de junho, para saber se ir\u00e1 ou n\u00e3o a Paris.<\/p>\n<div class=\"dnd-widget-wrapper context-cheio_8colunas type-image\">\n<div class=\"dnd-atom-rendered\"><!-- scald=383769:cheio_8colunas --><\/p>\n<div class=\"shadow overflow-hidden rounded-lg d-block w-100\">\n            <img data-recalc-dims=\"1\" decoding=\"async\" src=\"https:\/\/i0.wp.com\/agenciabrasil.ebc.com.br\/sites\/default\/files\/thumbnails\/image\/loading_v2.gif?w=696&#038;ssl=1\" data-echo=\"https:\/\/imagens.ebc.com.br\/-yjWySId7DxtRPaQPnOZwnBdIUQ=\/754x0\/smart\/https:\/\/agenciabrasil.ebc.com.br\/sites\/default\/files\/thumbnails\/image\/2024\/05\/06\/arthur_lanci_e_evandro_volei_de_praia_vaga_paris.jpg?itok=onHKWabJ\" alt=\"Arthur Lanci e Evandro vencem etapa elite 16 em Bras\u00edlia do circuito mundial e garantem vaga ol\u00edmpica em Paris 2024, em 05\/05\/2024\" title=\"Reprodu\u00e7\u00e3o X\/V\u00f4lei Brasil\" class=\"flex-fill img-cover\"\/><br \/>\n        <img data-recalc-dims=\"1\" decoding=\"async\" src=\"https:\/\/i0.wp.com\/imagens.ebc.com.br\/-yjWySId7DxtRPaQPnOZwnBdIUQ%3D\/754x0\/smart\/https%3A\/\/agenciabrasil.ebc.com.br\/sites\/default\/files\/thumbnails\/image\/2024\/05\/06\/arthur_lanci_e_evandro_volei_de_praia_vaga_paris.jpg?w=696&#038;ssl=1\" alt=\"Arthur Lanci e Evandro vencem etapa elite 16 em Bras\u00edlia do circuito mundial e garantem vaga ol\u00edmpica em Paris 2024, em 05\/05\/2024\" title=\"Reprodu\u00e7\u00e3o X\/V\u00f4lei Brasil\" class=\"flex-fill img-cover\"\/>\n    <\/div>\n<p><!-- END scald=383769 --><\/div>\n<div class=\"dnd-caption-wrapper\">\n<p><!--copyright=383769-->Arthur Lanci e Evandro carimbaram a \u00faltima vaga do v\u00f4lei de praia brasileiro ao avan\u00e7ar a decis\u00e3o de t\u00edtulo\u00a0na etapa de Bras\u00edlia do circuito mundial &#8211; <strong>Reprodu\u00e7\u00e3o X\/V\u00f4lei Brasil<\/strong><!--END copyright=383769--><\/p>\n<\/div>\n<\/div>\n<h2>V\u00f4lei de praia carimba \u00faltima vaga<\/h2>\n<p>Evandro e Arthur precisavam avan\u00e7ar \u00e0 final da etapa de Bras\u00edlia do circuito mundial para assegurar a vaga ol\u00edmpica \u2013 a \u00faltima do pa\u00eds &#8211; mas eles foram al\u00e9m disso. Confirmaram a vaga, superando os compatriotas Andr\u00e9 e George, por 2 a 1 (21\/18, 16\/21 e 15\/1) e, horas depois, \u00a0venceram a decis\u00e3o do t\u00edtulo ao derrotarem os holandeses Immer e Van der Velde por 2 sets a 1 (17\/21, 23\/21, 15\/09) na decis\u00e3o.\u00a0<\/p>\n<p>Outras duas duplas j\u00e1 garantidas em Paris subiram ao p\u00f3dio na\u00a0etapa de Bras\u00edlia. Lideres do ranking,\u00a0<a href=\"https:\/\/agenciabrasil.ebc.com.br\/esportes\/noticia\/2024-03\/volei-de-praia-duda-e-ana-patricia-garantem-vaga-nos-jogos-de-paris\" rel=\"noopener\"><strong>Duda e Ana Patr\u00edcia<\/strong><\/a> foram campe\u00e3s ap\u00f3s derrotarem na final as\u00a0norte-americanas Nuss e Kloth por 2 sets a 0 (21\/17, 21\/14). No masculino,<a href=\"https:\/\/agenciabrasil.ebc.com.br\/esportes\/noticia\/2024-05\/volei-de-praia-andre-e-george-se-garantem-nos-jogos-de-paris\" rel=\"noopener\"><strong> Andr\u00e9 e George<\/strong><\/a> foram bronze ap\u00f3s triunfo sobre os alem\u00e3es Ehlers e Wickler por 2 sets a 1 (17\/21, 21\/17, 15\/12).\u00a0<\/p>\n<p><a href=\"https:\/\/agenciabrasil.ebc.com.br\/esportes\/noticia\/2024-04\/barbara-seixas-e-carol-solberg-garantem-vaga-nos-jogos-de-paris\" rel=\"noopener\"><strong>B\u00e1rbara Seixas e Carol Solberg<\/strong><\/a>, tamb\u00e9m confirmadas em Paris, se despediram da etapa de Bras\u00edlia ap\u00f3s derrota\u00a0na quartas de final.\u00a0<\/p>\n<\/p><\/div>\n<p><script async src=\"\/\/www.instagram.com\/embed.js\"><\/script><br \/>\n<br \/><br \/>\n<br \/><a href=\"https:\/\/agenciabrasil.ebc.com.br\/esportes\/noticia\/2024-05\/paris-2024-brasil-leva-vaga-no-revezamento-4x400-m-e-volei-de-praia\" rel=\"noopener\">Ag\u00eancia Brasil<\/a><\/p>\n","protected":false},"excerpt":{"rendered":"<p>O Brasil chegou \u00e0 216 vagas ol\u00edmpicas nos Jogos de Paris neste fim de semana ap\u00f3s classifica\u00e7\u00e3o na prova do revezamento 4x400m do atletismo e \u00a0no v\u00f4lei de praia. Em Bahamas, No Mundial de Revezamento, o pa\u00eds carimbou a vaga\u00a0 ao vencer a repescagem com velocistas da nova gera\u00e7\u00e3o: \u00a0Lucas Carvalho, Lucas Vilas, Vitor Hugo [&hellip;]<\/p>\n","protected":false},"author":1,"featured_media":3930,"comment_status":"open","ping_status":"open","sticky":false,"template":"","format":"standard","meta":{"_jetpack_newsletter_access":"","_jetpack_dont_email_post_to_subs":false,"_jetpack_newsletter_tier_id":0,"_jetpack_memberships_contains_paywalled_content":false,"_mbp_banners":[],"_jetpack_feature_clip_id":0,"_jetpack_memberships_contains_paid_content":false,"footnotes":"","jetpack_publicize_message":"","jetpack_publicize_feature_enabled":true,"jetpack_social_post_already_shared":true,"jetpack_social_options":{"image_generator_settings":{"template":"highway","default_image_id":0,"font":"","enabled":false},"version":2},"jetpack_post_was_ever_published":false},"categories":[23],"tags":[],"class_list":["post-3929","post","type-post","status-publish","format-standard","has-post-thumbnail","category-esportes"],"jetpack_publicize_connections":[],"jetpack-related-posts":[],"jetpack_shortlink":"https:\/\/wp.me\/p7Eq1F-11n","jetpack_sharing_enabled":true,"jetpack_featured_media_url":"https:\/\/i0.wp.com\/guialimeira.com.br\/news\/wp-content\/uploads\/2024\/05\/vaga_4x400m_paris_atletismo_brasil.jpg?fit=1600%2C800&ssl=1","_links":{"self":[{"href":"https:\/\/guialimeira.com.br\/news\/wp-json\/wp\/v2\/posts\/3929","targetHints":{"allow":["GET"]}}],"collection":[{"href":"https:\/\/guialimeira.com.br\/news\/wp-json\/wp\/v2\/posts"}],"about":[{"href":"https:\/\/guialimeira.com.br\/news\/wp-json\/wp\/v2\/types\/post"}],"author":[{"embeddable":true,"href":"https:\/\/guialimeira.com.br\/news\/wp-json\/wp\/v2\/users\/1"}],"replies":[{"embeddable":true,"href":"https:\/\/guialimeira.com.br\/news\/wp-json\/wp\/v2\/comments?post=3929"}],"version-history":[{"count":0,"href":"https:\/\/guialimeira.com.br\/news\/wp-json\/wp\/v2\/posts\/3929\/revisions"}],"wp:featuredmedia":[{"embeddable":true,"href":"https:\/\/guialimeira.com.br\/news\/wp-json\/wp\/v2\/media\/3930"}],"wp:attachment":[{"href":"https:\/\/guialimeira.com.br\/news\/wp-json\/wp\/v2\/media?parent=3929"}],"wp:term":[{"taxonomy":"category","embeddable":true,"href":"https:\/\/guialimeira.com.br\/news\/wp-json\/wp\/v2\/categories?post=3929"},{"taxonomy":"post_tag","embeddable":true,"href":"https:\/\/guialimeira.com.br\/news\/wp-json\/wp\/v2\/tags?post=3929"}],"curies":[{"name":"wp","href":"https:\/\/api.w.org\/{rel}","templated":true}]}}