{"id":39275,"date":"2025-07-21T20:01:21","date_gmt":"2025-07-21T23:01:21","guid":{"rendered":"https:\/\/guialimeira.com.br\/?p=39275"},"modified":"2025-07-21T20:46:00","modified_gmt":"2025-07-21T23:46:00","slug":"dengue-mariana-calsa-alerta-para-baixa-cobertura-vacinal-2","status":"publish","type":"post","link":"https:\/\/guialimeira.com.br\/news\/dengue-mariana-calsa-alerta-para-baixa-cobertura-vacinal-2\/","title":{"rendered":"Dengue: Mariana Calsa alerta para baixa cobertura vacinal"},"content":{"rendered":"\n<div>\n<p>Em resposta ao <a href=\"https:\/\/consulta.limeira.sp.leg.br\/Documentos\/Documento\/386218\" rel=\"noopener\">Requerimento N\u00ba 318\/2025<\/a> de autoria da vereadora Mariana Calsa <i>(MDB)<\/i>, recebida no dia 14 de julho, a Prefeitura de Limeira informou que 3.231 alunos entre 10 e 14 anos est\u00e3o matriculados na rede municipal de ensino. No entanto, o documento aponta que apenas 578 foram vacinados contra a dengue, o que representa apenas 17% dos alunos. Ainda h\u00e1 620 doses dispon\u00edveis para aplica\u00e7\u00e3o.<\/p>\n<p>Para Mariana, os dados preocupam, especialmente diante do avan\u00e7o da doen\u00e7a na cidade. Segundo a pr\u00f3pria Prefeitura, Limeira j\u00e1 registrou 4.149 casos confirmados de dengue em 2025, com 25.830 notifica\u00e7\u00f5es no total e 11.897 casos ainda em investiga\u00e7\u00e3o. Al\u00e9m disso, sete mortes foram confirmadas e outras 15 seguem em investiga\u00e7\u00e3o.<\/p>\n<p>Diante desse cen\u00e1rio, a vereadora Mariana Calsa cobra a\u00e7\u00f5es mais efetivas de mobiliza\u00e7\u00e3o. \u201cTemos vacinas dispon\u00edveis, mas a baixa ades\u00e3o mostra que \u00e9 preciso intensificar a conscientiza\u00e7\u00e3o. A preven\u00e7\u00e3o passa pela informa\u00e7\u00e3o, pela atua\u00e7\u00e3o das escolas, dos pais e pela responsabilidade do poder p\u00fablico. Cada dose aplicada \u00e9 uma vida protegida\u201d, disse.<\/p>\n<p>De acordo com a parlamentar, ela segue fiscalizando os dados da sa\u00fade p\u00fablica e refor\u00e7ando a import\u00e2ncia da vacina\u00e7\u00e3o como ferramenta fundamental para enfrentar o surto da doen\u00e7a na cidade.<\/p>\n<p><i>Do Gabinete Parlamentar \u2013 Vereadora Mariana Calsa (MDB)<\/i><\/p>\n<p><strong>As mat\u00e9rias de origem dos Gabinetes Parlamentares s\u00e3o de inteira\u00a0 responsabilidade dos parlamentares e de suas assessorias. S\u00e3o devidamente assinadas e n\u00e3o refletem, necessariamente, a opini\u00e3o institucional da C\u00e2mara Municipal de Limeira.<\/strong><\/p>\n<\/div>\n\n<p><a href=\"https:\/\/www.limeira.sp.leg.br\/noticias\/view\/2025-07-21_dengue-mariana-calsa-alerta-para-baixa-cobertura-vacinal\" rel=\"noopener\">Informa\u00e7\u00f5es CML <\/a><\/p>\n","protected":false},"excerpt":{"rendered":"<p>Em resposta ao Requerimento N\u00ba 318\/2025 de autoria da vereadora Mariana Calsa (MDB), recebida no dia 14 de julho, a Prefeitura de Limeira informou que 3.231 alunos entre 10 e 14 anos est\u00e3o matriculados na rede municipal de ensino. No entanto, o documento aponta que apenas 578 foram vacinados contra a dengue, o que representa [&hellip;]<\/p>\n","protected":false},"author":1,"featured_media":39279,"comment_status":"open","ping_status":"open","sticky":false,"template":"","format":"standard","meta":{"_jetpack_newsletter_access":"","_jetpack_dont_email_post_to_subs":false,"_jetpack_newsletter_tier_id":0,"_jetpack_memberships_contains_paywalled_content":false,"_mbp_banners":[],"_jetpack_feature_clip_id":0,"_jetpack_memberships_contains_paid_content":false,"footnotes":"","jetpack_publicize_message":"","jetpack_publicize_feature_enabled":true,"jetpack_social_post_already_shared":true,"jetpack_social_options":{"image_generator_settings":{"template":"highway","default_image_id":0,"enabled":false},"version":2},"jetpack_post_was_ever_published":false},"categories":[19],"tags":[],"class_list":["post-39275","post","type-post","status-publish","format-standard","has-post-thumbnail","category-politica"],"jetpack_publicize_connections":[],"jetpack-related-posts":[],"jetpack_shortlink":"https:\/\/wp.me\/p7Eq1F-adt","jetpack_sharing_enabled":true,"jetpack_featured_media_url":"https:\/\/i0.wp.com\/guialimeira.com.br\/news\/wp-content\/uploads\/2025\/07\/cover-image-39277.jpeg?fit=1280%2C640&ssl=1","_links":{"self":[{"href":"https:\/\/guialimeira.com.br\/news\/wp-json\/wp\/v2\/posts\/39275","targetHints":{"allow":["GET"]}}],"collection":[{"href":"https:\/\/guialimeira.com.br\/news\/wp-json\/wp\/v2\/posts"}],"about":[{"href":"https:\/\/guialimeira.com.br\/news\/wp-json\/wp\/v2\/types\/post"}],"author":[{"embeddable":true,"href":"https:\/\/guialimeira.com.br\/news\/wp-json\/wp\/v2\/users\/1"}],"replies":[{"embeddable":true,"href":"https:\/\/guialimeira.com.br\/news\/wp-json\/wp\/v2\/comments?post=39275"}],"version-history":[{"count":2,"href":"https:\/\/guialimeira.com.br\/news\/wp-json\/wp\/v2\/posts\/39275\/revisions"}],"predecessor-version":[{"id":39284,"href":"https:\/\/guialimeira.com.br\/news\/wp-json\/wp\/v2\/posts\/39275\/revisions\/39284"}],"wp:featuredmedia":[{"embeddable":true,"href":"https:\/\/guialimeira.com.br\/news\/wp-json\/wp\/v2\/media\/39279"}],"wp:attachment":[{"href":"https:\/\/guialimeira.com.br\/news\/wp-json\/wp\/v2\/media?parent=39275"}],"wp:term":[{"taxonomy":"category","embeddable":true,"href":"https:\/\/guialimeira.com.br\/news\/wp-json\/wp\/v2\/categories?post=39275"},{"taxonomy":"post_tag","embeddable":true,"href":"https:\/\/guialimeira.com.br\/news\/wp-json\/wp\/v2\/tags?post=39275"}],"curies":[{"name":"wp","href":"https:\/\/api.w.org\/{rel}","templated":true}]}}