{"id":3924,"date":"2024-05-06T18:20:44","date_gmt":"2024-05-06T21:20:44","guid":{"rendered":"https:\/\/guialimeira.com.br\/2024\/05\/06\/saude-segue-com-acoes-de-modernizacao-da-upa-vila-rezende-portal-do-municipio-de-piracicaba\/"},"modified":"2024-05-06T18:20:44","modified_gmt":"2024-05-06T21:20:44","slug":"saude-segue-com-acoes-de-modernizacao-da-upa-vila-rezende-portal-do-municipio-de-piracicaba","status":"publish","type":"post","link":"https:\/\/guialimeira.com.br\/news\/saude-segue-com-acoes-de-modernizacao-da-upa-vila-rezende-portal-do-municipio-de-piracicaba\/","title":{"rendered":"Sa\u00fade segue com a\u00e7\u00f5es de moderniza\u00e7\u00e3o da UPA Vila Rezende \u2013 Portal do Munic\u00edpio de Piracicaba"},"content":{"rendered":"<p> <br \/>\n<\/p>\n<div>\n<figure class=\"text-center\">\n<img data-recalc-dims=\"1\" width=\"696\" height=\"464\" src=\"https:\/\/i0.wp.com\/piracicaba.sp.gov.br\/wp-content\/uploads\/2024\/05\/Novos-equipamentos-ja-foram-instalados-na-UPA-Vila-Rezende-1024x683.jpg?resize=696%2C464&#038;ssl=1\" class=\"img-fluid img-thumbnail border-1 wp-post-image\" alt=\"Novos equipamentos j\u00e1 foram instalados na UPA Vila Rezende\" itemprop=\"image\" decoding=\"async\" fetchpriority=\"high\" srcset=\"https:\/\/piracicaba.sp.gov.br\/wp-content\/uploads\/2024\/05\/Novos-equipamentos-ja-foram-instalados-na-UPA-Vila-Rezende-1024x683.jpg 1024w, https:\/\/piracicaba.sp.gov.br\/wp-content\/uploads\/2024\/05\/Novos-equipamentos-ja-foram-instalados-na-UPA-Vila-Rezende-300x200.jpg 300w, https:\/\/piracicaba.sp.gov.br\/wp-content\/uploads\/2024\/05\/Novos-equipamentos-ja-foram-instalados-na-UPA-Vila-Rezende-768x512.jpg 768w, https:\/\/piracicaba.sp.gov.br\/wp-content\/uploads\/2024\/05\/Novos-equipamentos-ja-foram-instalados-na-UPA-Vila-Rezende-1536x1024.jpg 1536w, https:\/\/piracicaba.sp.gov.br\/wp-content\/uploads\/2024\/05\/Novos-equipamentos-ja-foram-instalados-na-UPA-Vila-Rezende-2048x1365.jpg 2048w\" sizes=\"(max-width: 1024px) 100vw, 1024px\"\/><figcaption class=\"text-center small fw-bold fst-italic mt-1\">Novos equipamentos j\u00e1 foram instalados na UPA Vila Rezende<\/figcaption><\/figure>\n<p>Comitiva da Secretaria de Sa\u00fade visitou na manh\u00e3 de hoje, 06\/05, a Unidade de Pronto Atendimento (UPA) Vila Rezende que iniciou na semana passada o processo de moderniza\u00e7\u00e3o total da unidade para atendimento \u00e0 popula\u00e7\u00e3o. Formada pelo assessor de gest\u00e3o em projetos de sa\u00fade, Marcelo Pinto de Carvalho \u2013 que representou o secret\u00e1rio de Sa\u00fade, Augusto Muzilli J\u00fanior \u2013, o diretor do N\u00facleo Administrativo da SMS, Gustavo Laposta Aguiar, e o assessor de Desenvolvimento Organizacional, Hugo Nogueira Luz, o grupo conversou com servidores e popula\u00e7\u00e3o sobre as a\u00e7\u00f5es que acontecer\u00e3o nas pr\u00f3ximas semanas.<\/p>\n<p>\u201c\u00c9 uma a\u00e7\u00e3o necess\u00e1ria, por isso pedimos a colabora\u00e7\u00e3o de todos, de servidores que est\u00e3o passando pelo processo de capacita\u00e7\u00e3o no novo sistema e da popula\u00e7\u00e3o que passa a contar com um moderno programa de atendimento igual ao disponibilizado em grandes planos de sa\u00fade. Neste momento, devido ao processo de implanta\u00e7\u00e3o pode ser que o atendimento seja um pouco mais lento, por\u00e9m, nas pr\u00f3ximas semanas tudo j\u00e1 estar\u00e1 mais \u00e1gil, assim como foram nas outras quatro unidades de urg\u00eancia que j\u00e1 est\u00e3o com novo modelo de opera\u00e7\u00e3o ativo\u201d, destacou Marcelo Carvalho.<\/p>\n<figure class=\"wp-block-image size-large\"><img data-recalc-dims=\"1\" loading=\"lazy\" decoding=\"async\" width=\"696\" height=\"464\" src=\"https:\/\/i0.wp.com\/piracicaba.sp.gov.br\/wp-content\/uploads\/2024\/05\/Chamada-dos-pacientes-para-atendimento-acontece-por-meio-de-paineis-instalados-na-recepcao-da-UPA-1024x683.jpg?resize=696%2C464&#038;ssl=1\" alt=\"Chamada dos pacientes para atendimento acontece por meio de pain\u00e9is instalados na recep\u00e7\u00e3o da UPA\" class=\"wp-image-78502\" srcset=\"https:\/\/piracicaba.sp.gov.br\/wp-content\/uploads\/2024\/05\/Chamada-dos-pacientes-para-atendimento-acontece-por-meio-de-paineis-instalados-na-recepcao-da-UPA-1024x683.jpg 1024w, https:\/\/piracicaba.sp.gov.br\/wp-content\/uploads\/2024\/05\/Chamada-dos-pacientes-para-atendimento-acontece-por-meio-de-paineis-instalados-na-recepcao-da-UPA-300x200.jpg 300w, https:\/\/piracicaba.sp.gov.br\/wp-content\/uploads\/2024\/05\/Chamada-dos-pacientes-para-atendimento-acontece-por-meio-de-paineis-instalados-na-recepcao-da-UPA-768x512.jpg 768w, https:\/\/piracicaba.sp.gov.br\/wp-content\/uploads\/2024\/05\/Chamada-dos-pacientes-para-atendimento-acontece-por-meio-de-paineis-instalados-na-recepcao-da-UPA-1536x1024.jpg 1536w, https:\/\/piracicaba.sp.gov.br\/wp-content\/uploads\/2024\/05\/Chamada-dos-pacientes-para-atendimento-acontece-por-meio-de-paineis-instalados-na-recepcao-da-UPA-2048x1365.jpg 2048w\" sizes=\"auto, (max-width: 1024px) 100vw, 1024px\"\/><figcaption class=\"wp-element-caption\"><strong><em>Chamada dos pacientes para atendimento acontece por meio de pain\u00e9is instalados na recep\u00e7\u00e3o da UPA<\/em><\/strong><\/figcaption><\/figure>\n<p>Desde o dia 02\/05, quinta-feira passada, as a\u00e7\u00f5es para a informatiza\u00e7\u00e3o, moderniza\u00e7\u00e3o e digitaliza\u00e7\u00e3o do sistema municipal de Sa\u00fade chegou a UPA Vila Rezende por meio da implementa\u00e7\u00e3o do novo software SISS Sa\u00fade j\u00e1 ligado \u00e0s informa\u00e7\u00f5es do cart\u00e3o Pira Cidad\u00e3o, que est\u00e1 substituindo o cart\u00e3o azul do SUS municipal. A unidade tamb\u00e9m recebeu novos computadores e impressoras, pain\u00e9is e totem para distribui\u00e7\u00e3o de senhas de triagem e atendimento m\u00e9dico.<\/p>\n<p>Com a moderniza\u00e7\u00e3o da UPA Vila Rezende, todas as unidades de urg\u00eancia e emerg\u00eancia da cidade j\u00e1 est\u00e3o integradas com o novo sistema: j\u00e1 fizeram o processo de integra\u00e7\u00e3o a COT (Central de Ortopedia e Traumatologia) e as UPAs Vila S\u00f4nia e Vila Cristina, sob gest\u00e3o da Organiza\u00e7\u00e3o Social de Sa\u00fade (OSS) Associa\u00e7\u00e3o Mahatma Gandhi, a UPA e Anexo Piracicamirim.<\/p>\n<p>A partir de agora, com esta implementa\u00e7\u00e3o, o atendimento nas unidades ser\u00e1 exclusivamente regido pela classifica\u00e7\u00e3o de riscos baseado no Protocolo de Manchester \u2013 preconizado pelo Minist\u00e9rio da Sa\u00fade \u2013, que utiliza cinco cores para identificar o grau de cada paciente (vermelho, laranja, amarelo, verde e azul), onde a cor vermelha representa os casos mais graves e a azul, os mais leves e n\u00e3o priorit\u00e1rios. \u201cCerca de 80% dos atendimentos nas nossas UPAs s\u00e3o de pacientes com classifica\u00e7\u00e3o de risco menos urgentes, ou seja, sem gravidade ou com risco de morte. Este novo sistema vem para priorizar o atendimento dos casos que realmente s\u00e3o priorit\u00e1rios e deixar claro \u00e0 popula\u00e7\u00e3o que estes atendimentos ser\u00e3o atendidos de forma imediata e os casos menos graves dever\u00e3o aguardar conforme preconizam os protocolos do Minist\u00e9rio da Sa\u00fade\u201d, completou Marcelo de Carvalho.<\/p>\n<figure class=\"wp-block-image size-large\"><img data-recalc-dims=\"1\" loading=\"lazy\" decoding=\"async\" width=\"696\" height=\"464\" src=\"https:\/\/i0.wp.com\/piracicaba.sp.gov.br\/wp-content\/uploads\/2024\/05\/Totem-para-retirada-de-senhas-colabora-com-a-organizacao-e-agilidade-no-atendimento-1024x683.jpg?resize=696%2C464&#038;ssl=1\" alt=\"Totem para retirada de senhas colabora com a organiza\u00e7\u00e3o e agilidade no atendimento\" class=\"wp-image-78504\" srcset=\"https:\/\/piracicaba.sp.gov.br\/wp-content\/uploads\/2024\/05\/Totem-para-retirada-de-senhas-colabora-com-a-organizacao-e-agilidade-no-atendimento-1024x683.jpg 1024w, https:\/\/piracicaba.sp.gov.br\/wp-content\/uploads\/2024\/05\/Totem-para-retirada-de-senhas-colabora-com-a-organizacao-e-agilidade-no-atendimento-300x200.jpg 300w, https:\/\/piracicaba.sp.gov.br\/wp-content\/uploads\/2024\/05\/Totem-para-retirada-de-senhas-colabora-com-a-organizacao-e-agilidade-no-atendimento-768x512.jpg 768w, https:\/\/piracicaba.sp.gov.br\/wp-content\/uploads\/2024\/05\/Totem-para-retirada-de-senhas-colabora-com-a-organizacao-e-agilidade-no-atendimento-1536x1024.jpg 1536w, https:\/\/piracicaba.sp.gov.br\/wp-content\/uploads\/2024\/05\/Totem-para-retirada-de-senhas-colabora-com-a-organizacao-e-agilidade-no-atendimento-2048x1365.jpg 2048w\" sizes=\"auto, (max-width: 1024px) 100vw, 1024px\"\/><figcaption class=\"wp-element-caption\"><strong><em>Totem para retirada de senhas colabora com a organiza\u00e7\u00e3o e agilidade no atendimento<\/em><\/strong><\/figcaption><\/figure>\n<p><strong>ALTERNATIVA \u2013<\/strong>\u00a0Para as pessoas que precisam de um atendimento mais r\u00e1pido, por\u00e9m apresentam sintomas leves \u2013 como os de s\u00edndrome gripal, por exemplo \u2013 a Prefeitura de Piracicaba j\u00e1 disponibiliza o atendimento via telemedicina, que oferta comodidade e seguran\u00e7a aos pacientes por meio de consultas online, assim, podendo cuidar da sa\u00fade sem precisar sair de casa e com menos tempo de espera, por meio do cadastro\u00a0no\u00a0cart\u00e3o Pira Cidad\u00e3o.<\/p>\n<p>A consulta pode ser realizada pelo site\u00a0<a href=\"https:\/\/portal.piracicaba.sissonline.com.br\/\" target=\"_blank\" rel=\"noreferrer noopener\">https:\/\/portal.piracicaba.sissonline.com.br\/<\/a>\u00a0\u2013 recomenda-se a utiliza\u00e7\u00e3o do navegador Google Chrome \u2013 ou pelo aplicativo do cart\u00e3o Pira Cidad\u00e3o de segunda a sexta-feira, das 17h \u00e0s 8h, e aos s\u00e1bados, domingos e feriados, 24h por dia. Os servi\u00e7os de atendimento m\u00e9dico s\u00e3o via internet, por videoconfer\u00eancia e orienta\u00e7\u00e3o m\u00e9dica realizada por cl\u00ednico geral e pediatra para baixa complexidade. Ao final da consulta, de forma digital, o paciente recebe atestado m\u00e9dico, receitu\u00e1rio de medica\u00e7\u00e3o e os devidos encaminhamentos para exames (para realiza\u00e7\u00e3o na unidade de sa\u00fade em que est\u00e1 cadastrado).<\/p>\n<p><strong>PIRA CIDAD\u00c3O \u2013\u00a0<\/strong>A Prefeitura de Piracicaba lembra que, para obter o cart\u00e3o Pira Cidad\u00e3o, o cadastro deve ser feito no site\u00a0<a href=\"http:\/\/www.cidadao.piracicaba.sp.gov.br\/\" target=\"_blank\" rel=\"noreferrer noopener\">www.cidadao.piracicaba.sp.gov.br<\/a>\u00a0ou pelo aplicativo Pira Cidad\u00e3o para celular e tablet, dispon\u00edvel para Android e IOS. Al\u00e9m disso, a SMS disponibiliza pontos fixos para cadastramento: no Poupatempo Municipal\/Centrus \u2013 ao lado do Terminal Central de Integra\u00e7\u00e3o (TCI) \u2013, das 8h \u00e0s 16h, e o Centro de Especialidades M\u00e9dicas (CEM) \u2013 o Post\u00e3o, atr\u00e1s do Mercado Municipal \u2013, das 8h \u00e0s 17h; e na sede do Cart\u00e3o Pira Cidad\u00e3o \u00e0 travessa Oleg\u00e1rio Mariano, 327, Vila Monteiro \u2013 de segunda a sexta-feira, das 8h \u00e0s 17h; e s\u00e1bados, das 8h \u00e0s 12h. Em caso de d\u00favidas, o contato \u00e9 (19) 9.9458-3813.<\/p>\n<\/div>\n<p><br \/>\n<br \/><a href=\"https:\/\/piracicaba.sp.gov.br\/noticias\/saude-segue-com-acoes-de-modernizacao-da-upa-vila-rezende\/\" rel=\"noopener\">Informa\u00e7\u00f5es PMP <\/a><\/p>\n","protected":false},"excerpt":{"rendered":"<p>Novos equipamentos j\u00e1 foram instalados na UPA Vila Rezende Comitiva da Secretaria de Sa\u00fade visitou na manh\u00e3 de hoje, 06\/05, a Unidade de Pronto Atendimento (UPA) Vila Rezende que iniciou na semana passada o processo de moderniza\u00e7\u00e3o total da unidade para atendimento \u00e0 popula\u00e7\u00e3o. Formada pelo assessor de gest\u00e3o em projetos de sa\u00fade, Marcelo Pinto [&hellip;]<\/p>\n","protected":false},"author":1,"featured_media":3925,"comment_status":"open","ping_status":"open","sticky":false,"template":"","format":"standard","meta":{"_jetpack_newsletter_access":"","_jetpack_dont_email_post_to_subs":false,"_jetpack_newsletter_tier_id":0,"_jetpack_memberships_contains_paywalled_content":false,"_mbp_banners":[],"_jetpack_feature_clip_id":0,"_jetpack_memberships_contains_paid_content":false,"footnotes":"","jetpack_publicize_message":"","jetpack_publicize_feature_enabled":true,"jetpack_social_post_already_shared":true,"jetpack_social_options":{"image_generator_settings":{"template":"highway","default_image_id":0,"font":"","enabled":false},"version":2},"jetpack_post_was_ever_published":false},"categories":[20],"tags":[],"class_list":["post-3924","post","type-post","status-publish","format-standard","has-post-thumbnail","category-regiao"],"jetpack_publicize_connections":[],"jetpack-related-posts":[],"jetpack_shortlink":"https:\/\/wp.me\/p7Eq1F-11i","jetpack_sharing_enabled":true,"jetpack_featured_media_url":"https:\/\/i0.wp.com\/guialimeira.com.br\/news\/wp-content\/uploads\/2024\/05\/Novos-equipamentos-ja-foram-instalados-na-UPA-Vila-Rezende-scaled.jpg?fit=2560%2C1706&ssl=1","_links":{"self":[{"href":"https:\/\/guialimeira.com.br\/news\/wp-json\/wp\/v2\/posts\/3924","targetHints":{"allow":["GET"]}}],"collection":[{"href":"https:\/\/guialimeira.com.br\/news\/wp-json\/wp\/v2\/posts"}],"about":[{"href":"https:\/\/guialimeira.com.br\/news\/wp-json\/wp\/v2\/types\/post"}],"author":[{"embeddable":true,"href":"https:\/\/guialimeira.com.br\/news\/wp-json\/wp\/v2\/users\/1"}],"replies":[{"embeddable":true,"href":"https:\/\/guialimeira.com.br\/news\/wp-json\/wp\/v2\/comments?post=3924"}],"version-history":[{"count":0,"href":"https:\/\/guialimeira.com.br\/news\/wp-json\/wp\/v2\/posts\/3924\/revisions"}],"wp:featuredmedia":[{"embeddable":true,"href":"https:\/\/guialimeira.com.br\/news\/wp-json\/wp\/v2\/media\/3925"}],"wp:attachment":[{"href":"https:\/\/guialimeira.com.br\/news\/wp-json\/wp\/v2\/media?parent=3924"}],"wp:term":[{"taxonomy":"category","embeddable":true,"href":"https:\/\/guialimeira.com.br\/news\/wp-json\/wp\/v2\/categories?post=3924"},{"taxonomy":"post_tag","embeddable":true,"href":"https:\/\/guialimeira.com.br\/news\/wp-json\/wp\/v2\/tags?post=3924"}],"curies":[{"name":"wp","href":"https:\/\/api.w.org\/{rel}","templated":true}]}}