{"id":39223,"date":"2025-07-21T09:04:48","date_gmt":"2025-07-21T12:04:48","guid":{"rendered":"https:\/\/guialimeira.com.br\/?p=39223"},"modified":"2025-07-21T09:04:50","modified_gmt":"2025-07-21T12:04:50","slug":"mais-de-17-mil-atletas-participam-da-4a-corrida-e-caminhada-suzano-faz-bem-em-celebracao-ao-aniversario-de-americana","status":"publish","type":"post","link":"https:\/\/guialimeira.com.br\/news\/mais-de-17-mil-atletas-participam-da-4a-corrida-e-caminhada-suzano-faz-bem-em-celebracao-ao-aniversario-de-americana\/","title":{"rendered":"Mais de 1,7 mil atletas participam da 4\u00aa Corrida e Caminhada Suzano Faz Bem em celebra\u00e7\u00e3o ao anivers\u00e1rio de Americana"},"content":{"rendered":"\n<h2 class=\"wp-block-heading\"><a><\/a><em>Evento realizado neste domingo (20) arrecadou mais de R$ 75 mil para institui\u00e7\u00f5es locais, refor\u00e7ando o compromisso social da empresa com a cidade<\/em><em><\/em><\/h2>\n\n\n\n<p class=\"wp-block-paragraph\">Mais de 1.700 pessoas acordaram cedo neste domingo (20) para participar da 4\u00aa edi\u00e7\u00e3o da Corrida e Caminhada Suzano Faz Bem, promovida em Americana pela Suzano, maior produtora mundial de celulose e refer\u00eancia global na fabrica\u00e7\u00e3o de bioprodutos desenvolvidos a partir do eucalipto. Aberto \u00e0 comunidade, colaboradores(as) da companhia e seus familiares, o evento teve como objetivo promover a pr\u00e1tica esportiva, qualidade de vida e a solidariedade. A a\u00e7\u00e3o integrou o calend\u00e1rio de a\u00e7\u00f5es da empresa em celebra\u00e7\u00e3o aos 150 anos do munic\u00edpio e contou com tr\u00eas modalidades: corrida (5 km e 10 km) e caminhada (5 km).<\/p>\n\n\n\n<p class=\"wp-block-paragraph\">Com car\u00e1ter solid\u00e1rio, a iniciativa destinou integralmente a renda obtida com as inscri\u00e7\u00f5es para tr\u00eas institui\u00e7\u00f5es locais: a APAE (Associa\u00e7\u00e3o de Pais e Amigos dos Excepcionais) de Americana, o Lar dos Velhinhos S\u00e3o Vicente de Paulo e o Fundo Social de Solidariedade do munic\u00edpio. Ao todo, foram arrecadados mais de R$ 75 mil, valor que foi dividido igualmente entre as entidades, contribuindo diretamente para a manuten\u00e7\u00e3o de servi\u00e7os essenciais oferecidos \u00e0 popula\u00e7\u00e3o americanense. A Corrida e Caminhada Suzano Faz Bem \u00e9 realizada pela Suzano em parceria com a Chelso Sports e com o apoio da Prefeitura de Americana.<\/p>\n\n\n\n<p class=\"wp-block-paragraph\">\u201cMais uma vez, comemoramos a realiza\u00e7\u00e3o bem-sucedida deste evento, que, neste ano, ganha uma import\u00e2ncia ainda maior para a companhia, uma vez que integra nosso calend\u00e1rio de a\u00e7\u00f5es em celebra\u00e7\u00e3o aos 150 anos de Americana. Na Suzano, acreditamos que s\u00f3 \u00e9 bom para n\u00f3s se for bom para o mundo, e a Corrida e Caminhada Suzano Faz Bem representa com clareza esse direcionador. A iniciativa \u00e9 uma verdadeira celebra\u00e7\u00e3o da sa\u00fade, da qualidade de vida e da solidariedade. Foi marcante ver o envolvimento das pessoas, tanto pela pr\u00e1tica esportiva quanto pelo prop\u00f3sito social do evento\u201d, afirma Marcelo de Mello, diretor de Seguran\u00e7a, Sa\u00fade, Qualidade de Vida e&nbsp;<em>Facilities<\/em>&nbsp;Suzano.<\/p>\n\n\n\n<p class=\"wp-block-paragraph\">Todos(as) os(as) participantes que completaram o percurso receberam uma medalha de participa\u00e7\u00e3o. Os(as) cinco primeiros(as) colocados(as) no ranking geral da corrida, de 5km e 10km, e os(as) tr\u00eas primeiros(as) por cada categoria (masculino, feminino e por faixa et\u00e1ria a cada 10 anos) tamb\u00e9m foram premiados com trof\u00e9us.<\/p>\n\n\n\n<p class=\"wp-block-paragraph\"><strong><u>Confira o ranking geral da prova:<\/u><\/strong><strong><u><\/u><\/strong><\/p>\n\n\n\n<p class=\"wp-block-paragraph\"><strong>10 KM FEMININO<\/strong><strong><\/strong><\/p>\n\n\n\n<p class=\"wp-block-paragraph\">1\u00ba ANDRESSA A DA SILVA \u2013 tempo: 00:41:47.722<\/p>\n\n\n\n<p class=\"wp-block-paragraph\">2\u00ba CAROLINI GOMES DE LIMA \u2013 tempo: 00:42:28.582<\/p>\n\n\n\n<p class=\"wp-block-paragraph\">3\u00ba FATIMA SILVEIRA \u2013 tempo: 00:43:02.091<\/p>\n\n\n\n<p class=\"wp-block-paragraph\">4\u00ba GISELE CRISTINA GONCALVES SOARES \u2013 tempo: &nbsp;00:43:26.973<\/p>\n\n\n\n<p class=\"wp-block-paragraph\">5\u00ba ALESSANDRA WENZEL \u2013 tempo: 00:44:12.385<\/p>\n\n\n\n<p class=\"wp-block-paragraph\"><strong>10 KM MASCULINO<\/strong><strong><\/strong><\/p>\n\n\n\n<p class=\"wp-block-paragraph\">1\u00ba GUILHERME HENRIQUE CIBENE \u2013 tempo: 00:33:28.696<\/p>\n\n\n\n<p class=\"wp-block-paragraph\">2\u00ba JOSE GUSTAVO DA SILVA \u2013 tempo: 00:33:37.298<\/p>\n\n\n\n<p class=\"wp-block-paragraph\">3\u00ba LUCAS VIEIRA CANAVESI \u2013 tempo: 00:34:10.811<\/p>\n\n\n\n<p class=\"wp-block-paragraph\">4\u00ba ANDERSON ALVES DE OLIVEIRA \u2013 tempo: 00:34:38.071<\/p>\n\n\n\n<p class=\"wp-block-paragraph\">5\u00ba THIAGO COSTA ALBANEZ \u2013 tempo: 00:35:30.120<\/p>\n\n\n\n<p class=\"wp-block-paragraph\"><strong>5 KM FEMININO<\/strong><strong><\/strong><\/p>\n\n\n\n<p class=\"wp-block-paragraph\">1\u00ba MIRIAN DE FARIAS \u2013 tempo: 00:18:46.940<\/p>\n\n\n\n<p class=\"wp-block-paragraph\">2\u00ba MAJU XAVIER \u2013 tempo: 00:20:17.201<\/p>\n\n\n\n<p class=\"wp-block-paragraph\">3\u00ba KELLI HARUMI KOSHIKUMO \u2013 tempo: 00:20:21.575<\/p>\n\n\n\n<p class=\"wp-block-paragraph\">4\u00ba PATRICIA NOGUEIRA MORO \u2013 tempo: 00:20:39.984<\/p>\n\n\n\n<p class=\"wp-block-paragraph\">5\u00ba FERNANDA RODRIGUES DA ROCHA \u2013 tempo: 00:20:51.594<\/p>\n\n\n\n<p class=\"wp-block-paragraph\"><strong>5 KM MASCULINO<\/strong><strong><\/strong><\/p>\n\n\n\n<p class=\"wp-block-paragraph\">1\u00ba RODRIGO DANTAS DE CAMPOS \u2013 tempo: 00:15:12.321<\/p>\n\n\n\n<p class=\"wp-block-paragraph\">2\u00ba VICTOR LUIZ DOS SANTOS \u2013 tempo: 00:16:36.094<\/p>\n\n\n\n<p class=\"wp-block-paragraph\">3\u00ba LEONARDO DOS SANTOS ROMERA \u2013 tempo: 00:17:16.212<\/p>\n\n\n\n<p class=\"wp-block-paragraph\">4\u00ba VALDEIR DIAS DO PRADO PRADO \u2013 tempo: 00:17:24.157<\/p>\n\n\n\n<p class=\"wp-block-paragraph\">5\u00ba NICOLAS SAGGIORO OLIVEIRA \u2013 tempo: 00:17:29.711<\/p>\n\n\n\n<p class=\"wp-block-paragraph\"><strong>Parceria com a cidade<\/strong><strong><\/strong><\/p>\n\n\n\n<p class=\"wp-block-paragraph\">Em 2025, ano em que Americana celebra 150 anos de hist\u00f3ria, a Suzano amplia sua atua\u00e7\u00e3o e presen\u00e7a na cidade por meio de investimentos e apoios a uma s\u00e9rie de iniciativas culturais, ambientais, sociais e esportivas locais. Al\u00e9m da corrida, cujas doa\u00e7\u00f5es beneficiaram institui\u00e7\u00f5es da cidade, a empresa tamb\u00e9m apoiou a Feira do Meio Ambiente de Americana (FEAMA), realizada em maio; esteve presente na tradicional Festa de S\u00e3o Jo\u00e3o de Carioba, com o Espa\u00e7o Sustentabilidade, em junho; e marcar\u00e1 presen\u00e7a no Roteiro Gastron\u00f4mico, que ser\u00e1 realizado na cidade em agosto.<\/p>\n\n\n\n<p class=\"wp-block-paragraph\">Essas a\u00e7\u00f5es refletem o compromisso da empresa em celebrar a trajet\u00f3ria e os valores que moldam a hist\u00f3ria e o modo de vida de Americana, fortalecendo os la\u00e7os com a comunidade que sempre a acolheu. Dessa forma, a companhia busca n\u00e3o apenas homenagear a cidade, mas tamb\u00e9m contribuir ativamente para seu desenvolvimento, refor\u00e7ando um relacionamento pautado em respeito, parceria e valoriza\u00e7\u00e3o m\u00fatua.<\/p>\n\n\n\n<p class=\"wp-block-paragraph\"><strong><u>Sobre a Suzano<\/u><\/strong><\/p>\n\n\n\n<p class=\"wp-block-paragraph\">A Suzano \u00e9 a maior produtora mundial de celulose, uma das maiores produtoras de pap\u00e9is da Am\u00e9rica Latina, l\u00edder no segmento de papel higi\u00eanico no Brasil e refer\u00eancia no desenvolvimento de solu\u00e7\u00f5es sustent\u00e1veis e inovadoras a partir de mat\u00e9ria-prima de fonte renov\u00e1vel. Nossos produtos e solu\u00e7\u00f5es est\u00e3o presentes na vida de mais de 2 bilh\u00f5es de pessoas, abastecem mais de 100 pa\u00edses e incluem celulose; pap\u00e9is para imprimir e escrever; pap\u00e9is para embalagens, copos e canudos; pap\u00e9is sanit\u00e1rios e produtos absorventes; al\u00e9m de novos bioprodutos desenvolvidos para atender \u00e0 demanda global. A inova\u00e7\u00e3o e a sustentabilidade orientam nosso prop\u00f3sito de &#8220;Renovar a vida a partir da \u00e1rvore&#8221; e nosso trabalho no enfrentamento dos desafios da sociedade e do planeta. Com mais de 100 anos de hist\u00f3ria, temos a\u00e7\u00f5es nas bolsas do Brasil (SUZB3) e dos Estados Unidos (SUZ). Saiba mais na p\u00e1gina:&nbsp;<a href=\"http:\/\/www.suzano.com.br\/\" target=\"_blank\" rel=\"noreferrer noopener\">www.suzano.com.br<\/a>. &nbsp;<strong><\/strong><\/p>\n","protected":false},"excerpt":{"rendered":"<p>Evento realizado neste domingo (20) arrecadou mais de R$ 75 mil para institui\u00e7\u00f5es locais, refor\u00e7ando o compromisso social da empresa com a cidade Mais de 1.700 pessoas acordaram cedo neste domingo (20) para participar da 4\u00aa edi\u00e7\u00e3o da Corrida e Caminhada Suzano Faz Bem, promovida em Americana pela Suzano, maior produtora mundial de celulose e [&hellip;]<\/p>\n","protected":false},"author":2,"featured_media":39224,"comment_status":"open","ping_status":"open","sticky":false,"template":"","format":"standard","meta":{"_jetpack_newsletter_access":"","_jetpack_dont_email_post_to_subs":false,"_jetpack_newsletter_tier_id":0,"_jetpack_memberships_contains_paywalled_content":false,"_mbp_banners":[],"_jetpack_feature_clip_id":0,"_jetpack_memberships_contains_paid_content":false,"footnotes":"","jetpack_publicize_message":"","jetpack_publicize_feature_enabled":true,"jetpack_social_post_already_shared":false,"jetpack_social_options":{"image_generator_settings":{"template":"highway","default_image_id":0,"enabled":false},"version":2},"jetpack_post_was_ever_published":false},"categories":[1],"tags":[],"class_list":["post-39223","post","type-post","status-publish","format-standard","has-post-thumbnail","category-geral"],"jetpack_publicize_connections":[],"jetpack-related-posts":[],"jetpack_shortlink":"https:\/\/wp.me\/p7Eq1F-acD","jetpack_sharing_enabled":true,"jetpack_featured_media_url":"https:\/\/i0.wp.com\/guialimeira.com.br\/news\/wp-content\/uploads\/2025\/07\/Corrida-Suzano-Faz-Bem-Americana-2025-2.png?fit=1335%2C847&ssl=1","_links":{"self":[{"href":"https:\/\/guialimeira.com.br\/news\/wp-json\/wp\/v2\/posts\/39223","targetHints":{"allow":["GET"]}}],"collection":[{"href":"https:\/\/guialimeira.com.br\/news\/wp-json\/wp\/v2\/posts"}],"about":[{"href":"https:\/\/guialimeira.com.br\/news\/wp-json\/wp\/v2\/types\/post"}],"author":[{"embeddable":true,"href":"https:\/\/guialimeira.com.br\/news\/wp-json\/wp\/v2\/users\/2"}],"replies":[{"embeddable":true,"href":"https:\/\/guialimeira.com.br\/news\/wp-json\/wp\/v2\/comments?post=39223"}],"version-history":[{"count":1,"href":"https:\/\/guialimeira.com.br\/news\/wp-json\/wp\/v2\/posts\/39223\/revisions"}],"predecessor-version":[{"id":39225,"href":"https:\/\/guialimeira.com.br\/news\/wp-json\/wp\/v2\/posts\/39223\/revisions\/39225"}],"wp:featuredmedia":[{"embeddable":true,"href":"https:\/\/guialimeira.com.br\/news\/wp-json\/wp\/v2\/media\/39224"}],"wp:attachment":[{"href":"https:\/\/guialimeira.com.br\/news\/wp-json\/wp\/v2\/media?parent=39223"}],"wp:term":[{"taxonomy":"category","embeddable":true,"href":"https:\/\/guialimeira.com.br\/news\/wp-json\/wp\/v2\/categories?post=39223"},{"taxonomy":"post_tag","embeddable":true,"href":"https:\/\/guialimeira.com.br\/news\/wp-json\/wp\/v2\/tags?post=39223"}],"curies":[{"name":"wp","href":"https:\/\/api.w.org\/{rel}","templated":true}]}}