{"id":3922,"date":"2024-05-06T18:00:45","date_gmt":"2024-05-06T21:00:45","guid":{"rendered":"https:\/\/guialimeira.com.br\/2024\/05\/06\/drive-thru-da-campanha-de-ajuda-ao-rio-grande-do-sul-arrecada-mil-pecas-de-roupa-e-353-litros-de-agua-no-primeiro-dia-de-operacao\/"},"modified":"2024-05-06T18:00:45","modified_gmt":"2024-05-06T21:00:45","slug":"drive-thru-da-campanha-de-ajuda-ao-rio-grande-do-sul-arrecada-mil-pecas-de-roupa-e-353-litros-de-agua-no-primeiro-dia-de-operacao","status":"publish","type":"post","link":"https:\/\/guialimeira.com.br\/news\/drive-thru-da-campanha-de-ajuda-ao-rio-grande-do-sul-arrecada-mil-pecas-de-roupa-e-353-litros-de-agua-no-primeiro-dia-de-operacao\/","title":{"rendered":"Drive-thru da\u00a0campanha de ajuda ao Rio Grande do Sul arrecada mil pe\u00e7as de roupa e 353 litros de \u00e1gua\u00a0no primeiro dia de opera\u00e7\u00e3o"},"content":{"rendered":"<p> <br \/>\n<\/p>\n<div id=\"\">&#13;<br \/>\n                &#13;<br \/>\n&#13;<br \/>\n&#13;<br \/>\n&#13;<br \/>\n    <img data-recalc-dims=\"1\" decoding=\"async\" src=\"https:\/\/i0.wp.com\/ecrie.com.br\/sistema\/conteudos\/imagem\/m_137_0_1_06052024174615.jpg?w=696&#038;ssl=1\" alt=\"Drive-thru da\u00a0campanha de ajuda ao Rio Grande do Sul arrecada mil pe\u00e7as de roupa e 353 litros de \u00e1gua\u00a0no primeiro dia de opera\u00e7\u00e3o\"\/>&#13;<br \/>\n&#13;<\/p>\n<p>O prefeito Mario Botion, a presidente do Fundo Social, Roberta Botion, e a vice-prefeita de Limeira, Erika Tank, acompanharam nesta segunda-feira (6) o primeiro dia da campanha \u201cLimeira Solid\u00e1ria &#8211; Solidariedade Sem Fronteiras\u201d. Idealizada pelo Fundo Social, a iniciativa visa \u00e0 arrecada\u00e7\u00e3o de \u00e1gua pot\u00e1vel\u00a0e de produtos de higiene\u00a0pessoal\u00a0e de limpeza que ser\u00e3o doados \u00e0s fam\u00edlias impactadas pelas chuvas no Rio Grande do Sul. A iniciativa tem apoio da Prefeitura de Limeira e de secretarias municipais.<\/p>\n<p>&#13;<\/p>\n<p>Ao todo, s\u00e3o 44 pontos de arrecada\u00e7\u00e3o, incluindo o drive-thru na pra\u00e7a Toledo Barros, no Centro da cidade. De acordo com balan\u00e7o do Fundo Social, apenas nesse drive foram arrecadados hoje, 1 mil pe\u00e7as de roupa, 353 litros de \u00e1gua, 286 itens de higiene\u00a0pessoal, 94\u00a0embalagens de produtos\u00a0de limpeza, 115 quilos de alimentos\u00a0e 6 pacotes de fralda.<\/p>\n<p>&#13;<\/p>\n<p>\u201cAs doa\u00e7\u00f5es ser\u00e3o destinadas ao Fundo Social do Estado de S\u00e3o Paulo, que por sua vez, ir\u00e1 encaminhar esse volume aos moradores afetados pela trag\u00e9dia no Rio Grande do Sul\u201d, disse Botion. Ele tamb\u00e9m observou que, em raz\u00e3o da dimens\u00e3o das \u00e1reas alagadas, v\u00e1rios grupos em Limeira mobilizam-se em campanhas independentes. Nesse sentido, ele colocou o Fundo Social \u00e0 disposi\u00e7\u00e3o para receber essas doa\u00e7\u00f5es e repass\u00e1-las igualmente ao governo estadual. \u201c\u00c9 uma maneira organizada de as doa\u00e7\u00f5es chegarem at\u00e9 as pessoas que mais precisam\u201d, enfatizou.<\/p>\n<p>&#13;<\/p>\n<p>Quanto \u00e0s doa\u00e7\u00f5es via Pix, Botion alertou a popula\u00e7\u00e3o para o risco de fraudes. \u201cSe voc\u00ea preferir enviar um Pix, entre diretamente no site do governo do Rio Grande do Sul. L\u00e1, voc\u00ea encontrar\u00e1 os dados corretos para essa forma de colabora\u00e7\u00e3o\u201d, salientou o prefeito. O endere\u00e7o \u00e9: estado.rs.gov.br<\/p>\n<p>&#13;<\/p>\n<p>\u00a0<\/p>\n<p>&#13;<\/p>\n<p><strong>SOLIDARIEDADE<\/strong><\/p>\n<p>&#13;<\/p>\n<p>Ao comentar o grande n\u00famero de fam\u00edlias que perderam todos os bens, Roberta Botion exaltou o esp\u00edrito de solidariedade dos limeirenses. \u201cTenho certeza de que a popula\u00e7\u00e3o vai colaborar com esta iniciativa, pois a solidariedade n\u00e3o tem fronteiras\u201d, disse em alus\u00e3o ao slogan da campanha.<\/p>\n<p>&#13;<\/p>\n<p>\u201cDesde a pandemia de Covid-19 at\u00e9 o fim do ano passado, arrecadamos mais de 645 mil quilos de alimentos\u201d, afirmou, esclarecendo que esses eram os produtos necessitados \u00e0 \u00e9poca. \u201cE agora, n\u00e3o ser\u00e1 diferente em rela\u00e7\u00e3o \u00e0 doa\u00e7\u00e3o de \u00e1gua pot\u00e1vel\u00a0e dos itens de higiene\u00a0pessoal e limpeza\u201d, completou.<\/p>\n<p>&#13;<\/p>\n<p>Erika Tank falou sobre a amplitude dos estragos e da dificuldade que os habitantes das regi\u00f5es afetadas enfrentam. \u201cS\u00e3o in\u00fameras cidades ilhadas, sem energia el\u00e9trica, com abastecimento de \u00e1gua comprometido e sistema de comunica\u00e7\u00e3o fora de opera\u00e7\u00e3o\u201d, citou. Ela refor\u00e7ou que, neste momento, os itens que t\u00eam prioridade de serem arrecadados s\u00e3o: \u00e1gua pot\u00e1vel\u00a0e produtos de higiene\u00a0pessoal\u00a0e de limpeza. \u201cEssa \u00e9 a recomenda\u00e7\u00e3o do governo do Estado de S\u00e3o Paulo, pois esses produtos estar\u00e3o na primeira remessa entregue, visando ajudar nossos irm\u00e3os do Rio Grande do Sul\u201d.<\/p>\n<p>&#13;<\/p>\n<p><strong>SERVI\u00c7O<\/strong><strong>:<\/strong><\/p>\n<p>&#13;<\/p>\n<p>&#8220;Limeira Solid\u00e1ria &#8211; Solidariedade Sem Fronteiras\u201d<\/p>\n<p>&#13;<\/p>\n<p>Pontos de arrecada\u00e7\u00e3o:<\/p>\n<p>&#13;<\/p>\n<p><strong>Portaria da Prefeitura de Limeira<\/strong>\u00a0\u2013 ao lado da Secretaria de Sa\u00fade (8h \u00e0s 15h)<\/p>\n<p>&#13;<\/p>\n<p><strong>Drive-thru na Pra\u00e7a Toledo Barros \u2013 <\/strong>Rua Senador Vergueiro (8h \u00e0s 15h)<\/p>\n<p>&#13;<\/p>\n<p><strong>\u00a0<\/strong><\/p>\n<p>&#13;<\/p>\n<p><strong>Unidades B\u00e1sicas de Sa\u00fade:<\/strong><\/p>\n<p>&#13;<\/p>\n<p><a href=\"https:\/\/goo.gl\/maps\/keWLf46dyszVypHJ6\" rel=\"noopener\"><strong>AMBULAT\u00d3RIO DE ESPECIALIDADES<\/strong><strong>\u00a0RUBI &#8211; <\/strong><strong>Dr<\/strong><strong>.<\/strong><strong>\u00a0H\u00e9lio M\u00e1rcio Mamede <\/strong><\/a><br \/>Rua Professora Maria Expedita Cordeiro da Silva, 100, Residencial Rubi<\/p>\n<p>&#13;<\/p>\n<p><a href=\"https:\/\/goo.gl\/maps\/ujmTyefKW6NS9PuR6\" rel=\"noopener\"><strong>UBS AB\u00cdLIO PEDRO \u2002<\/strong><\/a><br \/>Rua Agostinho Gianotto, s\/n\u00ba (pr\u00f3ximo ao n\u00ba 147), Pq. Ab\u00edlio Pedro \u00a0 \u00a0\u00a0<br \/>\u00a0 \u00a0 \u00a0 \u00a0 \u00a0 \u00a0 \u00a0 \u00a0 \u00a0 \u00a0 \u00a0 \u00a0 \u00a0 \u00a0 \u00a0 \u00a0 \u00a0 \u00a0 \u00a0\u00a0<br \/><a href=\"https:\/\/www.google.com.br\/maps\/place\/UBS+AEROPORTO\/@-22.6004831,-47.4175928,19z\/data=!4m6!3m5!1s0x94c881a4818fe2c3:0x333b0cdf9a2121c0!8m2!3d-22.6004237!4d-47.4174547!16s\/g\/11f4ld7jp9\" rel=\"noopener\"><strong>UBS AEROPORTO \u2002<\/strong><\/a><br \/>Avenida Dr. Antonio de Luna, s\/n\u00ba esquina com a Rua Em\u00edlia, Pq. Res. Aeroporto\u00a0<br \/>\u00a0<br \/><a href=\"https:\/\/goo.gl\/maps\/YnNCYcSNgpRy2RCh9?coh=178572&amp;entry=tt\" rel=\"noopener\"><strong>UBS BOA VISTA\u2002<\/strong><\/a><br \/>Rua Castro Barreto, 162, Boa Vista \u00a0 \u00a0<\/p>\n<p>&#13;<\/p>\n<p><a href=\"https:\/\/goo.gl\/maps\/XMVoygCiuZYGhz3z7?coh=178572&amp;entry=tt\" rel=\"noopener\"><strong>UBS CAMPO BELO<\/strong><\/a><br \/>Avenida Pedro Perissotto, 1.973, Jd. Campo Belo\u00a0<\/p>\n<p><a href=\"https:\/\/goo.gl\/maps\/3hdkGCHENS1aKRuf7\" rel=\"noopener\"><strong>UBS CECAP \u2002<\/strong><\/a><br \/>Avenida Fausto Esteves dos Santos, s\/n\u00ba, Conjunto Res. Victor D\u2019Andr\u00e9a \u00a0 \u00a0 \u00a0\u00a0<br \/>\u00a0 \u00a0 \u00a0 \u00a0 \u00a0 \u00a0 \u00a0 \u00a0 \u00a0 \u00a0 \u00a0 \u00a0 \u00a0 \u00a0 \u00a0 \u00a0 \u00a0 \u00a0 \u00a0<br \/><a href=\"https:\/\/goo.gl\/maps\/93SgkM7h6WHiJKnt5\" rel=\"noopener\"><strong>UBS GRAMINHA\u2002<\/strong><\/a><br \/>Luiz Pereira do Prado, 156, Jd. Graminha I \u00a0 \u00a0 \u00a0 \u00a0 \u00a0 \u00a0 \u00a0 \u00a0 \u00a0 \u00a0 \u00a0 \u00a0 \u00a0 \u00a0 \u00a0 \u00a0 \u00a0 \u00a0\u00a0<br \/>\u00a0<br \/><a href=\"https:\/\/goo.gl\/maps\/jSRaX5ghe53xcRqN6\" rel=\"noopener\"><strong>UBS N. S. DO AMPARO\u2002<\/strong><\/a><br \/>Rua Tancredo de Luna, 384, Jd. Nossa Senhora do Amparo\u00a0<br \/>\u00a0<br \/><a href=\"https:\/\/goo.gl\/maps\/YC6CbAAJwrGr6YP97?coh=178571&amp;entry=tt\" rel=\"noopener\"><strong>UBS LOPES\u2002<\/strong><\/a><br \/>Rua Antonio Sonego, s\/n\u00ba KM 135\/136 &#8211; Rodovia Limeira\/Campinas, Bairro dos Lopes\u00a0<br \/>\u00a0<br \/><a href=\"https:\/\/goo.gl\/maps\/84vMNNvnbhb1EyUd9?coh=178571&amp;entry=tt\" rel=\"noopener\"><strong>UBS MORRO AZUL\u2002<\/strong><\/a><br \/>Rua Oswaldo Bertolini, 500, Jd. Morro Azul\u00a0<br \/>\u00a0<br \/><a href=\"https:\/\/goo.gl\/maps\/KrjKS3AG7x5MdvtSA?coh=178571&amp;entry=tt\" rel=\"noopener\"><strong>UBS N. S. DAS DORES 1\u2002<\/strong><\/a><br \/>Av. Frei Jo\u00e3o das Merc\u00eas, 50, Parque Nossa Senhora das Dores, I Etapa \u00a0 \u00a0 \u00a0<br \/>\u00a0<br \/><a href=\"https:\/\/goo.gl\/maps\/w7WyqEJVaFEPhRAq7?coh=178571&amp;entry=tt\" rel=\"noopener\"><strong>UBS NOVA EUROPA \u2002<\/strong><\/a><br \/>Rua Dona Eliza Sthalberg, 366, Jd. Nova Europa\u00a0<br \/>\u00a0<br \/><a href=\"https:\/\/goo.gl\/maps\/LWCHwpoz3cjmKG3Z7?coh=178571&amp;entry=tt\" rel=\"noopener\"><strong>UBS NOVA\u2002LIMEIRA\u2002<\/strong><\/a><br \/>Rua Jos\u00e9 Fontini, n\u00ba179, Jd. Nova Limeira\u00a0<br \/>\u00a0 \u00a0<br \/><a href=\"https:\/\/goo.gl\/maps\/RBZG2NGBJncNrXJv6?coh=178571&amp;entry=tt\" rel=\"noopener\"><strong>UBS NOVA SU\u00cd\u00c7A\u2002<\/strong><\/a><br \/>Rua Vereador Samuel Berto, s\/n\u00ba, Jd. Nova\u00a0Su\u00ed\u00e7a\u00a0\u00a0 \u00a0 \u00a0 \u00a0 \u00a0 \u00a0 \u00a0 \u00a0 \u00a0 \u00a0 \u00a0 \u00a0 \u00a0 \u00a0 \u00a0 \u00a0 \u00a0 \u00a0 \u00a0 \u00a0 \u00a0 \u00a0 \u00a0<br \/>\u00a0<br \/><a href=\"https:\/\/goo.gl\/maps\/hr2chXUCSphhz7mX6?coh=178571&amp;entry=tt\" rel=\"noopener\"><strong>UBS PINHAL\u2002<\/strong><\/a><br \/>Rodovia Limeira &#8211; Mogi Mirim, KM 97, Bairro do Pinhal\u00a0<br \/>\u00a0<br \/><a href=\"https:\/\/goo.gl\/maps\/f9nQukR84jgJUmdB8?coh=178571&amp;entry=tt\" rel=\"noopener\"><strong>UBS PLANALTO\u2002<\/strong><\/a><br \/>Rua Professor Hely de Almeida Campos, s\/n\u00ba, Jd. Planalto \u00a0 \u00a0 \u00a0 \u00a0 \u00a0 \u00a0 \u00a0 \u00a0 \u00a0 \u00a0 \u00a0 \u00a0 \u00a0 \u00a0 \u00a0 \u00a0 \u00a0 \u00a0 \u00a0 \u00a0 \u00a0\u00a0<br \/>\u00a0<br \/><a href=\"https:\/\/goo.gl\/maps\/1EoCPHXUZjaWaCEB9?coh=178571&amp;entry=tt\" rel=\"noopener\"><strong>UBS PQ. HIP\u00d3LITO 1\u2002<\/strong><\/a><br \/>Rua Arlinda Abreu Ribeiro s\/n\u00ba, Pq. Hip\u00f3lito \u00a0 \u00a0 \u00a0 \u00a0 \u00a0 \u00a0 \u00a0 \u00a0 \u00a0 \u00a0 \u00a0 \u00a0 \u00a0 \u00a0 \u00a0 \u00a0 \u00a0 \u00a0 \u00a0 \u00a0 \u00a0 \u00a0 \u00a0 \u00a0 \u00a0 \u00a0 \u00a0 \u00a0 \u00a0 \u00a0 \u00a0 \u00a0\u00a0<br \/>\u00a0<br \/><a href=\"https:\/\/goo.gl\/maps\/2UKzdrPwbFzD5wk7A?coh=178571&amp;entry=tt\" rel=\"noopener\"><strong>UBS VISTA ALEGRE\u2002<\/strong><\/a><br \/>Rua Alberto Pelegrino, s\/n\u00ba, Jd. Vista Alegre \u00a0 \u00a0 \u00a0 \u00a0 \u00a0 \u00a0 \u00a0 \u00a0 \u00a0 \u00a0 \u00a0 \u00a0 \u00a0 \u00a0 \u00a0 \u00a0 \u00a0 \u00a0 \u00a0 \u00a0 \u00a0 \u00a0 \u00a0 \u00a0 \u00a0\u00a0<br \/>\u00a0<br \/><a href=\"https:\/\/goo.gl\/maps\/n6LWjXLABxdXP9Vz9?coh=178571&amp;entry=tt\" rel=\"noopener\"><strong>UBS ERNESTO K<\/strong><strong>\u00dc<\/strong><strong>HL 1 \u2002<\/strong><\/a><br \/>Rua Eduardo Gon\u00e7alves, n\u00ba 26, Pq. Res. Aeroporto\u00a0<br \/>\u00a0 \u00a0 \u00a0 \u00a0 \u00a0 \u00a0<br \/><a href=\"https:\/\/goo.gl\/maps\/o1E9ML3dphRmKuHT8?coh=178571&amp;entry=tt\" rel=\"noopener\"><strong>UBS ERNESTO K<\/strong><strong>\u00dc<\/strong><strong>HL 2 \u2002<\/strong><\/a><br \/>Rua Josefa Raimundo Candiotto, 200, Pq. Res. Aeroporto\u00a0<br \/>\u00a0 \u00a0 \u00a0 \u00a0 \u00a0<br \/><a href=\"https:\/\/goo.gl\/maps\/mYBGrsz5YqfbsDgA6?coh=178571&amp;entry=tt\" rel=\"noopener\"><strong>UBS OD\u00c9CIO DEGAN \u2002\u2002<\/strong><\/a><br \/>Rua Jos\u00e9 Medeiros, 113, Pq. Res. Manoel Simao Levy \u00a0\u00a0<br \/>\u00a0 \u00a0 \u00a0 \u00a0 \u00a0 \u00a0 \u00a0 \u00a0 \u00a0 \u00a0 \u00a0 \u00a0 \u00a0 \u00a0 \u00a0 \u00a0 \u00a0 \u00a0<br \/><a href=\"https:\/\/goo.gl\/maps\/HK31mCpULu36xrQq9?coh=178571&amp;entry=tt\" rel=\"noopener\"><strong>UBS BELINHA OMETTO 1 \u2002<\/strong><\/a><br \/>Rua Granada, 572, Pq. Res. Belinha Ometto \u00a0 \u00a0 \u00a0 \u00a0 \u00a0 \u00a0 \u00a0 \u00a0 \u00a0 \u00a0 \u00a0 \u00a0 \u00a0 \u00a0 \u00a0 \u00a0 \u00a0 \u00a0 \u00a0 \u00a0 \u00a0\u00a0<br \/>\u00a0<br \/><a href=\"https:\/\/goo.gl\/maps\/V1YF6Wzg5Mx8epYh8?coh=178571&amp;entry=tt\" rel=\"noopener\"><strong>UBS BELINHA OMETTO 2\u2002<\/strong><\/a><br \/>Avenida Canad\u00e1, 699, Pq. Res. Belinha Ometto\u00a0<br \/>\u00a0<br \/><a href=\"https:\/\/goo.gl\/maps\/rea2JFhGq9u3iz1w5?coh=178571&amp;entry=tt\" rel=\"noopener\"><strong>UBS BELINHA OMETTO 3\u2002<\/strong><\/a><br \/>Rua Barbados, 185, Pq. Res. Belinha Ometto \u00a0 \u00a0 \u00a0 \u00a0 \u00a0 \u00a0 \u00a0 \u00a0 \u00a0 \u00a0 \u00a0 \u00a0 \u00a0 \u00a0 \u00a0 \u00a0\u00a0<br \/>\u00a0<br \/><a href=\"https:\/\/goo.gl\/maps\/uza7BExF31StWJeb9?coh=178571&amp;entry=tt\" rel=\"noopener\"><strong>UBS NOVO HORIZONTE\u2002<\/strong><\/a><br \/>Rua Nelson Ferraz da Silva, s\/n\u00ba, Jd. Novo Horizonte \u00a0 \u00a0<\/p>\n<p>&#13;<\/p>\n<p><a href=\"https:\/\/goo.gl\/maps\/dfBXUSSSNhLi1Kzs6?coh=178571&amp;entry=tt\" rel=\"noopener\"><strong>UBS N. S. DAS DORES 2\u2002<\/strong><\/a><br \/>Avenida Vit\u00f3rio Bortolan, 1080,\u00a0CAIC<br \/>\u00a0<br \/><a href=\"https:\/\/goo.gl\/maps\/6hqFkUi1C6kJ4db79?coh=178571&amp;entry=tt\" rel=\"noopener\"><strong>UBS PARQUE HIP\u00d3LITO 2 \u2002<\/strong><\/a><br \/>Rua Manoel Rodrigues Ferreira, 249, Pq. Hip\u00f3lito \u00a0 \u00a0 \u00a0 \u00a0 \u00a0 \u00a0 \u00a0 \u00a0<br \/>\u00a0<br \/><a href=\"https:\/\/goo.gl\/maps\/okKP1y5C24pSHp3z6?coh=178571&amp;entry=tt\" rel=\"noopener\"><strong>UBS CIDADE JARDIM \u2002\u2002<\/strong><\/a><br \/>Av. Campinas, 781 Cidade Jardim \u00a0 \u00a0\u00a0<br \/>\u00a0<br \/><a href=\"https:\/\/goo.gl\/maps\/XHiqRLeqWnEJToor6?coh=178571&amp;entry=tt\" rel=\"noopener\"><strong>UBS SANTO ANDR\u00c9 \u2002\u2002<\/strong><\/a><br \/>Av. Od\u00e9cio Roland, 145, Jardim Santo Andr\u00e9\u00a0<br \/>\u00a0<br \/><a href=\"https:\/\/goo.gl\/maps\/KUXxEdzvgmBho2kM6?coh=178571&amp;entry=tt\" rel=\"noopener\"><strong>UBS LAGOA NOVA\u2002<\/strong><\/a><br \/>Rua Adilson Edgard Amigo, 509, Pq. Residencial Aeroporto\u00a0<br \/>\u00a0<br \/><a href=\"https:\/\/goo.gl\/maps\/RQHXWU9kUHkXGdN7A?coh=178571&amp;entry=tt\" rel=\"noopener\"><strong>UBS BOA ESPERAN\u00c7A\u2002<\/strong><\/a><br \/>Rua \u00a0Carlos Pfeifer, 140, Jd. Boa Esperan\u00e7a\u00a0<br \/>\u00a0<br \/><a href=\"https:\/\/goo.gl\/maps\/N1QQc91joAzx3Udg7?coh=178571&amp;entry=tt\" rel=\"noopener\"><strong>UBS ANAVEC\u2002<\/strong><\/a><br \/>Luiz Jose Cavinato, 703, Anavec\u00a0<\/p>\n<p>&#13;<\/p>\n<p>\u00a0<\/p>\n<p>&#13;<\/p>\n<p><strong>Centros Comunit\u00e1rios:<\/strong><\/p>\n<p>&#13;<\/p>\n<p>C.C. \u201cJo\u00e3o Mofatto\u201d \u2013 Parque Hip\u00f3lito<\/p>\n<p>&#13;<\/p>\n<p>C.C do Jardim Vista Alegre<\/p>\n<p>&#13;<\/p>\n<p>C.C do Parque Nossa Senhora das Dores I<\/p>\n<p>&#13;<\/p>\n<p>C.C do Jardim Ernesto K\u00fchl<\/p>\n<p>&#13;<\/p>\n<p>C.C do Jardim Od\u00e9cio Degan<\/p>\n<p>&#13;<\/p>\n<p>C.C Sebasti\u00e3o Fumagalli\u201d \u2013 Ouro Verde<\/p>\n<p>&#13;<\/p>\n<p>C.C \u201cFrancisco Dragone\u201d \u2013 Teixeira Marques<\/p>\n<p>&#13;<\/p>\n<ol>&#13;<\/p>\n<li>C Belinha Ometto\u201d<\/li>\n<p>&#13;\n<\/ol>\n<p>&#13;<\/p>\n<p>C.C do Parque Victor D\u2019Andr\u00e9a<\/p>\n<p>&#13;<br \/>\n&#13;<br \/>\n&#13;<br \/>\n&#13;<\/p>\n<aside class=\"list-related no-print\">&#13;<br \/>\n        &#13;<br \/>\n&#13;<\/p>\n<article class=\"list-item noticias \">&#13;<br \/>\n                    <a class=\"list-item__img\" href=\"https:\/\/limeira.sp.gov.br\/imprensa\/noticias\/gabinete-do-prefeito\/mais-de-800-monitores-da-rede-de-ensino-de-limeira-participam-de-formacao\" tabindex=\"-1\" aria-hidden=\"true\" rel=\"noopener\">&#13;<br \/>\n                        <img data-recalc-dims=\"1\" decoding=\"async\" src=\"https:\/\/i0.wp.com\/ecrie.com.br\/sistema\/conteudos\/imagem\/m_137_1_1_06052024164847.jpg?w=696&#038;ssl=1\" alt=\"Mais de 800 monitores da rede de ensino de Limeira participam de forma\u00e7\u00e3o\"\/>&#13;<br \/>\n                    <\/a>&#13;<br \/>\n&#13;<br \/>\n                &#13;<br \/>\n            <\/article>\n<p>&#13;<\/p>\n<article class=\"list-item noticias \">&#13;<br \/>\n                    <a class=\"list-item__img\" href=\"https:\/\/limeira.sp.gov.br\/imprensa\/noticias\/fundo-social-de-limeira\/inscricoes-para-o-curso-aprenda-a-costurar-em-tecido-plano-e-malha-abrem-quarta-feira-8\" tabindex=\"-1\" aria-hidden=\"true\" rel=\"noopener\">&#13;<br \/>\n                        <img data-recalc-dims=\"1\" decoding=\"async\" src=\"https:\/\/i0.wp.com\/ecrie.com.br\/sistema\/conteudos\/imagem\/m_137_0_1_06052024155252.jpg?w=696&#038;ssl=1\" alt=\"Inscri\u00e7\u00f5es para o curso \u201cAprenda a costurar em tecido plano e malha\u201d abrem quarta-feira (8)\"\/>&#13;<br \/>\n                    <\/a>&#13;<br \/>\n&#13;<br \/>\n                &#13;<br \/>\n            <\/article>\n<p>&#13;<\/p>\n<article class=\"list-item noticias \">&#13;<br \/>\n                    <a class=\"list-item__img\" href=\"https:\/\/limeira.sp.gov.br\/imprensa\/noticias\/gabinete-do-prefeito\/ubss-e-centros-comunitarios-vao-receber-doacoes-para-campanha-solidariedade-sem-fronteiras-praca-toledo-barros-tera-drive-thru\" tabindex=\"-1\" aria-hidden=\"true\" rel=\"noopener\">&#13;<br \/>\n                        <img data-recalc-dims=\"1\" decoding=\"async\" src=\"https:\/\/i0.wp.com\/ecrie.com.br\/sistema\/conteudos\/imagem\/m_137_0_1_04052024143014.jpg?w=696&#038;ssl=1\" alt=\"UBSs e Centros Comunit\u00e1rios v\u00e3o receber doa\u00e7\u00f5es para campanha \u201cSolidariedade Sem Fronteiras\u201d; Pra\u00e7a Toledo Barros ter\u00e1 drive-thru\"\/>&#13;<br \/>\n                    <\/a>&#13;<br \/>\n&#13;<br \/>\n                &#13;<br \/>\n            <\/article>\n<p>&#13;<br \/>\n    <\/aside>\n<p>&#13;<br \/>\n&#13;\n            <\/p><\/div>\n<p><br \/>\n<br \/><a href=\"https:\/\/limeira.sp.gov.br\/drive-thru-dacampanha-de-ajuda-ao-rio-grande-do-sul-arrecada-mil-pecas-de-roupa-e-353-litros-de-aguano-primeiro-dia-de-operacao\" rel=\"noopener\">Informa\u00e7\u00f5es da PML <\/a><\/p>\n","protected":false},"excerpt":{"rendered":"<p>&#13; &#13; &#13; &#13; &#13; &#13; &#13; O prefeito Mario Botion, a presidente do Fundo Social, Roberta Botion, e a vice-prefeita de Limeira, Erika Tank, acompanharam nesta segunda-feira (6) o primeiro dia da campanha \u201cLimeira Solid\u00e1ria &#8211; Solidariedade Sem Fronteiras\u201d. Idealizada pelo Fundo Social, a iniciativa visa \u00e0 arrecada\u00e7\u00e3o de \u00e1gua pot\u00e1vel\u00a0e de produtos de [&hellip;]<\/p>\n","protected":false},"author":1,"featured_media":3923,"comment_status":"open","ping_status":"open","sticky":false,"template":"","format":"standard","meta":{"_jetpack_newsletter_access":"","_jetpack_dont_email_post_to_subs":false,"_jetpack_newsletter_tier_id":0,"_jetpack_memberships_contains_paywalled_content":false,"_mbp_banners":[],"_jetpack_feature_clip_id":0,"_jetpack_memberships_contains_paid_content":false,"footnotes":"","jetpack_publicize_message":"","jetpack_publicize_feature_enabled":true,"jetpack_social_post_already_shared":true,"jetpack_social_options":{"image_generator_settings":{"template":"highway","default_image_id":0,"font":"","enabled":false},"version":2},"jetpack_post_was_ever_published":false},"categories":[16],"tags":[],"class_list":["post-3922","post","type-post","status-publish","format-standard","has-post-thumbnail","category-local"],"jetpack_publicize_connections":[],"jetpack-related-posts":[],"jetpack_shortlink":"https:\/\/wp.me\/p7Eq1F-11g","jetpack_sharing_enabled":true,"jetpack_featured_media_url":"https:\/\/i0.wp.com\/guialimeira.com.br\/news\/wp-content\/uploads\/2024\/05\/m_137_0_1_06052024174615.jpg?fit=1280%2C852&ssl=1","_links":{"self":[{"href":"https:\/\/guialimeira.com.br\/news\/wp-json\/wp\/v2\/posts\/3922","targetHints":{"allow":["GET"]}}],"collection":[{"href":"https:\/\/guialimeira.com.br\/news\/wp-json\/wp\/v2\/posts"}],"about":[{"href":"https:\/\/guialimeira.com.br\/news\/wp-json\/wp\/v2\/types\/post"}],"author":[{"embeddable":true,"href":"https:\/\/guialimeira.com.br\/news\/wp-json\/wp\/v2\/users\/1"}],"replies":[{"embeddable":true,"href":"https:\/\/guialimeira.com.br\/news\/wp-json\/wp\/v2\/comments?post=3922"}],"version-history":[{"count":0,"href":"https:\/\/guialimeira.com.br\/news\/wp-json\/wp\/v2\/posts\/3922\/revisions"}],"wp:featuredmedia":[{"embeddable":true,"href":"https:\/\/guialimeira.com.br\/news\/wp-json\/wp\/v2\/media\/3923"}],"wp:attachment":[{"href":"https:\/\/guialimeira.com.br\/news\/wp-json\/wp\/v2\/media?parent=3922"}],"wp:term":[{"taxonomy":"category","embeddable":true,"href":"https:\/\/guialimeira.com.br\/news\/wp-json\/wp\/v2\/categories?post=3922"},{"taxonomy":"post_tag","embeddable":true,"href":"https:\/\/guialimeira.com.br\/news\/wp-json\/wp\/v2\/tags?post=3922"}],"curies":[{"name":"wp","href":"https:\/\/api.w.org\/{rel}","templated":true}]}}