{"id":3908,"date":"2024-05-06T15:58:45","date_gmt":"2024-05-06T18:58:45","guid":{"rendered":"https:\/\/guialimeira.com.br\/2024\/05\/06\/inscricoes-para-o-curso-aprenda-a-costurar-em-tecido-plano-e-malha-abrem-quarta-feira-8\/"},"modified":"2024-05-06T15:58:45","modified_gmt":"2024-05-06T18:58:45","slug":"inscricoes-para-o-curso-aprenda-a-costurar-em-tecido-plano-e-malha-abrem-quarta-feira-8","status":"publish","type":"post","link":"https:\/\/guialimeira.com.br\/news\/inscricoes-para-o-curso-aprenda-a-costurar-em-tecido-plano-e-malha-abrem-quarta-feira-8\/","title":{"rendered":"Inscri\u00e7\u00f5es para o curso \u201cAprenda a costurar em tecido plano e malha\u201d abrem quarta-feira (8)"},"content":{"rendered":"<p> <br \/>\n<\/p>\n<div>\n            <main class=\"\">&#13;<br \/>\n                &#13;<br \/>\n&#13;<br \/>\n&#13;<br \/>\n&#13;<br \/>\n    <img data-recalc-dims=\"1\" decoding=\"async\" src=\"https:\/\/i0.wp.com\/ecrie.com.br\/sistema\/conteudos\/imagem\/m_137_0_1_06052024155252.jpg?w=696&#038;ssl=1\" alt=\"Inscri\u00e7\u00f5es para o curso \u201cAprenda a costurar em tecido plano e malha\u201d abrem quarta-feira (8)\"\/>&#13;<br \/>\n&#13;<\/p>\n<p style=\"text-align: justify;\" align=\"justify\">A Prefeitura de Limeira, por meio da parceria entre Fundo Social, Ceprosom, Sebrae e Senai, abre nesta quarta-feira (8) inscri\u00e7\u00f5es para o curso \u201cAprenda a costurar em tecido plano e malha\u201d. Para matricular-se, \u00e9 necess\u00e1rio comparecer ao N\u00facleo de Inclus\u00e3o Socioprodutiva (Nisp), localizado no N\u00facleo de Atendimento ao Cidad\u00e3o (NAC), na Av. Dr. Lauro Corr\u00eaa da Silva, 3.800, entre 8h e 17h, e apresentar c\u00f3pias do RG, CPF e comprovante de endere\u00e7o. Os requisitos para frequentar o curso \u00e9 ter, no m\u00ednimo, 18 anos e o ensino fundamental completo.<\/p>\n<p>&#13;<\/p>\n<p style=\"text-align: justify;\" align=\"justify\">As inscri\u00e7\u00f5es seguem at\u00e9 o preenchimento das 16 vagas dispon\u00edveis, que ser\u00e1 por ordem de chegada. Mais informa\u00e7\u00f5es podem ser obtidas pelos telefones 3404-6209, 3404-6210 e 3404-6225.<\/p>\n<p>&#13;<\/p>\n<p style=\"text-align: justify;\" align=\"justify\">ATIVIDADE<br \/>O curso busca capacitar o empreendedor no desenvolvimento de compet\u00eancias relativas \u00e0 execu\u00e7\u00e3o de opera\u00e7\u00f5es b\u00e1sicas de costura nas seguintes m\u00e1quinas: reta, overloque, interloque, galoneira, caseadeira, botoneira e travete, de acordo com procedimentos de empresas e normas ambientais e de seguran\u00e7a.<\/p>\n<p>&#13;<\/p>\n<p style=\"text-align: justify;\" align=\"justify\">As aulas ser\u00e3o ministradas na sala de costura industrial do NAC \u00e0s segundas, quartas e sextas-feiras, das 14h \u00e0s 17h, entre os dias 20 de maio e 31 de julho.<\/p>\n<p>&#13;<\/p>\n<p style=\"text-align: justify;\" align=\"justify\">SERVI\u00c7O<br \/>Inscri\u00e7\u00f5es para o curso \u201cAprenda a costurar em tecido plano e malha\u201d<\/p>\n<p>&#13;<\/p>\n<p style=\"text-align: justify;\" align=\"justify\">8 de maio (quarta-feira)<\/p>\n<p>&#13;<\/p>\n<p style=\"text-align: justify;\" align=\"justify\">8h e 17h<\/p>\n<p>&#13;<\/p>\n<p style=\"text-align: justify;\" align=\"justify\">Nisp &#8211; Av. Dr. Lauro Corr\u00eaa da Silva, n\u00ba 3.800<\/p>\n<p>&#13;<br \/>\n&#13;<br \/>\n&#13;<br \/>\n&#13;<\/p>\n<aside class=\"list-related no-print\">&#13;<br \/>\n        &#13;<br \/>\n&#13;<\/p>\n<article class=\"list-item noticias \">&#13;<br \/>\n                    <a class=\"list-item__img\" href=\"https:\/\/limeira.sp.gov.br\/imprensa\/noticias\/ceprosom\/ubss-e-centros-comunitarios-vao-receber-doacoes-para-campanha-solidariedade-sem-fronteiras-praca-toledo-barros-tera-drive-thru\" tabindex=\"-1\" aria-hidden=\"true\" rel=\"noopener\">&#13;<br \/>\n                        <img data-recalc-dims=\"1\" decoding=\"async\" src=\"https:\/\/i0.wp.com\/ecrie.com.br\/sistema\/conteudos\/imagem\/m_137_0_1_04052024143014.jpg?w=696&#038;ssl=1\" alt=\"UBSs e Centros Comunit\u00e1rios v\u00e3o receber doa\u00e7\u00f5es para campanha \u201cSolidariedade Sem Fronteiras\u201d; Pra\u00e7a Toledo Barros ter\u00e1 drive-thru\"\/>&#13;<br \/>\n                    <\/a>&#13;<br \/>\n&#13;<br \/>\n                &#13;<br \/>\n            <\/article>\n<p>&#13;<\/p>\n<article class=\"list-item noticias \">&#13;<br \/>\n                    <a class=\"list-item__img\" href=\"https:\/\/limeira.sp.gov.br\/imprensa\/noticias\/fundo-social-de-limeira\/fundo-social-faz-campanha-para-familias-atingidas-por-chuva-no-rio-grande-do-sul\" tabindex=\"-1\" aria-hidden=\"true\" rel=\"noopener\">&#13;<br \/>\n                        <img data-recalc-dims=\"1\" decoding=\"async\" src=\"https:\/\/i0.wp.com\/ecrie.com.br\/sistema\/conteudos\/imagem\/m_137_0_1_04052024143014.jpg?w=696&#038;ssl=1\" alt=\"Fundo Social faz campanha para fam\u00edlias atingidas por chuva no Rio Grande do Sul\"\/>&#13;<br \/>\n                    <\/a>&#13;<br \/>\n&#13;<br \/>\n                &#13;<br \/>\n            <\/article>\n<p>&#13;<\/p>\n<article class=\"list-item noticias \">&#13;<br \/>\n                    <a class=\"list-item__img\" href=\"https:\/\/limeira.sp.gov.br\/imprensa\/noticias\/ceprosom\/prefeitura-abre-inscricoes-para-curso-gratuito-de-maquiador\" tabindex=\"-1\" aria-hidden=\"true\" rel=\"noopener\">&#13;<br \/>\n                        <img data-recalc-dims=\"1\" decoding=\"async\" src=\"https:\/\/i0.wp.com\/ecrie.com.br\/sistema\/conteudos\/imagem\/m_137_0_1_02052024154146.jpg?w=696&#038;ssl=1\" alt=\"Prefeitura abre inscri\u00e7\u00f5es para curso gratuito de Maquiador\"\/>&#13;<br \/>\n                    <\/a>&#13;<br \/>\n&#13;<br \/>\n                &#13;<br \/>\n            <\/article>\n<p>&#13;<br \/>\n    <\/aside>\n<p>&#13;<br \/>\n&#13;<br \/>\n            <\/main><\/p><\/div>\n<p><br \/>\n<br \/><a href=\"https:\/\/limeira.sp.gov.br\/inscricoes-para-o-curso-aprenda-a-costurar-em-tecido-plano-e-malha-abrem-quarta-feira-8\" rel=\"noopener\">Informa\u00e7\u00f5es da PML <\/a><\/p>\n","protected":false},"excerpt":{"rendered":"<p>&#13; &#13; &#13; &#13; &#13; &#13; &#13; A Prefeitura de Limeira, por meio da parceria entre Fundo Social, Ceprosom, Sebrae e Senai, abre nesta quarta-feira (8) inscri\u00e7\u00f5es para o curso \u201cAprenda a costurar em tecido plano e malha\u201d. Para matricular-se, \u00e9 necess\u00e1rio comparecer ao N\u00facleo de Inclus\u00e3o Socioprodutiva (Nisp), localizado no N\u00facleo de Atendimento ao [&hellip;]<\/p>\n","protected":false},"author":1,"featured_media":3909,"comment_status":"open","ping_status":"open","sticky":false,"template":"","format":"standard","meta":{"_jetpack_newsletter_access":"","_jetpack_dont_email_post_to_subs":false,"_jetpack_newsletter_tier_id":0,"_jetpack_memberships_contains_paywalled_content":false,"_mbp_banners":[],"_jetpack_feature_clip_id":0,"_jetpack_memberships_contains_paid_content":false,"footnotes":"","jetpack_publicize_message":"","jetpack_publicize_feature_enabled":true,"jetpack_social_post_already_shared":true,"jetpack_social_options":{"image_generator_settings":{"template":"highway","default_image_id":0,"font":"","enabled":false},"version":2},"jetpack_post_was_ever_published":false},"categories":[16],"tags":[],"class_list":["post-3908","post","type-post","status-publish","format-standard","has-post-thumbnail","category-local"],"jetpack_publicize_connections":[],"jetpack-related-posts":[],"jetpack_shortlink":"https:\/\/wp.me\/p7Eq1F-112","jetpack_sharing_enabled":true,"jetpack_featured_media_url":"https:\/\/i0.wp.com\/guialimeira.com.br\/news\/wp-content\/uploads\/2024\/05\/m_137_0_1_06052024155252.jpg?fit=900%2C599&ssl=1","_links":{"self":[{"href":"https:\/\/guialimeira.com.br\/news\/wp-json\/wp\/v2\/posts\/3908","targetHints":{"allow":["GET"]}}],"collection":[{"href":"https:\/\/guialimeira.com.br\/news\/wp-json\/wp\/v2\/posts"}],"about":[{"href":"https:\/\/guialimeira.com.br\/news\/wp-json\/wp\/v2\/types\/post"}],"author":[{"embeddable":true,"href":"https:\/\/guialimeira.com.br\/news\/wp-json\/wp\/v2\/users\/1"}],"replies":[{"embeddable":true,"href":"https:\/\/guialimeira.com.br\/news\/wp-json\/wp\/v2\/comments?post=3908"}],"version-history":[{"count":0,"href":"https:\/\/guialimeira.com.br\/news\/wp-json\/wp\/v2\/posts\/3908\/revisions"}],"wp:featuredmedia":[{"embeddable":true,"href":"https:\/\/guialimeira.com.br\/news\/wp-json\/wp\/v2\/media\/3909"}],"wp:attachment":[{"href":"https:\/\/guialimeira.com.br\/news\/wp-json\/wp\/v2\/media?parent=3908"}],"wp:term":[{"taxonomy":"category","embeddable":true,"href":"https:\/\/guialimeira.com.br\/news\/wp-json\/wp\/v2\/categories?post=3908"},{"taxonomy":"post_tag","embeddable":true,"href":"https:\/\/guialimeira.com.br\/news\/wp-json\/wp\/v2\/tags?post=3908"}],"curies":[{"name":"wp","href":"https:\/\/api.w.org\/{rel}","templated":true}]}}