{"id":39048,"date":"2025-07-18T11:22:24","date_gmt":"2025-07-18T14:22:24","guid":{"rendered":"https:\/\/guialimeira.com.br\/?p=39048"},"modified":"2025-07-18T11:22:24","modified_gmt":"2025-07-18T14:22:24","slug":"cordeiropolis-abre-consulta-publica-para-participacao-popular-para-ppa-e-loa-prefeitura-municipal-de-cordeiropolis","status":"publish","type":"post","link":"https:\/\/guialimeira.com.br\/news\/cordeiropolis-abre-consulta-publica-para-participacao-popular-para-ppa-e-loa-prefeitura-municipal-de-cordeiropolis\/","title":{"rendered":"Cordeir\u00f3polis abre consulta p\u00fablica para participa\u00e7\u00e3o popular para PPA e LOA \u2013 Prefeitura Municipal de Cordeir\u00f3polis"},"content":{"rendered":"<p> <br \/>\n<\/p>\n<div>\n<p>A Prefeitura de Cordeir\u00f3polis abriu oficialmente a consulta p\u00fablica para que a popula\u00e7\u00e3o contribua com a elabora\u00e7\u00e3o do Plano Plurianual (PPA) 2026-2029 e da Lei Or\u00e7ament\u00e1ria Anual (LOA) de 2026. O formul\u00e1rio, dispon\u00edvel on-line, ficar\u00e1 aberto para participa\u00e7\u00e3o at\u00e9 o dia 31 de julho.<\/p>\n<p>A proposta \u00e9 envolver os mun\u00edcipes na defini\u00e7\u00e3o das prioridades do munic\u00edpio, garantindo maior transpar\u00eancia e participa\u00e7\u00e3o popular na constru\u00e7\u00e3o do or\u00e7amento p\u00fablico. Atrav\u00e9s do formul\u00e1rio, o cidad\u00e3o poder\u00e1 indicar, por \u00e1rea, quais a\u00e7\u00f5es devem receber mais aten\u00e7\u00e3o do poder p\u00fablico nos pr\u00f3ximos anos.<\/p>\n<p>A consulta busca ampliar a participa\u00e7\u00e3o democr\u00e1tica, permitindo que a popula\u00e7\u00e3o indique prioridades de investimento em \u00e1reas como sa\u00fade, educa\u00e7\u00e3o, infraestrutura, esportes, seguran\u00e7a, entre outras. \u201cQueremos ouvir as pessoas para que o planejamento municipal atenda \u00e0s reais necessidades dos bairros\u201d, enfatiza a prefeita Cristina Saad.<\/p>\n<p>Os dados coletados servir\u00e3o de subs\u00eddio para os t\u00e9cnicos das secretarias municipais e integrar\u00e3o os documentos do PPA e da LOA, que posteriormente ser\u00e3o debatidos na C\u00e2mara Municipal e executados pela Prefeitura.<\/p>\n<p>Para registrar sua opini\u00e3o e colaborar com o futuro da cidade, basta acessar o formul\u00e1rio atrav\u00e9s do link: <a href=\"https:\/\/forms.gle\/vT2JVyAqPC9cNUgk7\" rel=\"noopener\">https:\/\/forms.gle\/vT2JVyAqPC9cNUgk7<\/a>.<\/p>\n<\/p><\/div>\n<p><br \/>\n<br \/><a href=\"https:\/\/www.cordeiropolis.sp.gov.br\/cordeiropolis-abre-consulta-publica-para-participacao-popular-para-ppa-e-loa\/\" rel=\"noopener\">Informa\u00e7\u00f5es Cordeir\u00f3polis <\/a><\/p>\n","protected":false},"excerpt":{"rendered":"<p>A Prefeitura de Cordeir\u00f3polis abriu oficialmente a consulta p\u00fablica para que a popula\u00e7\u00e3o contribua com a elabora\u00e7\u00e3o do Plano Plurianual (PPA) 2026-2029 e da Lei Or\u00e7ament\u00e1ria Anual (LOA) de 2026. O formul\u00e1rio, dispon\u00edvel on-line, ficar\u00e1 aberto para participa\u00e7\u00e3o at\u00e9 o dia 31 de julho. A proposta \u00e9 envolver os mun\u00edcipes na defini\u00e7\u00e3o das prioridades do [&hellip;]<\/p>\n","protected":false},"author":1,"featured_media":0,"comment_status":"open","ping_status":"open","sticky":false,"template":"","format":"standard","meta":{"_jetpack_newsletter_access":"","_jetpack_dont_email_post_to_subs":false,"_jetpack_newsletter_tier_id":0,"_jetpack_memberships_contains_paywalled_content":false,"_mbp_banners":[],"_jetpack_feature_clip_id":0,"_jetpack_memberships_contains_paid_content":false,"footnotes":"","jetpack_publicize_message":"","jetpack_publicize_feature_enabled":true,"jetpack_social_post_already_shared":true,"jetpack_social_options":{"image_generator_settings":{"template":"highway","default_image_id":0,"font":"","enabled":false},"version":2},"jetpack_post_was_ever_published":false},"categories":[20],"tags":[],"class_list":["post-39048","post","type-post","status-publish","format-standard","category-regiao"],"jetpack_publicize_connections":[],"jetpack-related-posts":[],"jetpack_shortlink":"https:\/\/wp.me\/p7Eq1F-a9O","jetpack_sharing_enabled":true,"jetpack_featured_media_url":"","_links":{"self":[{"href":"https:\/\/guialimeira.com.br\/news\/wp-json\/wp\/v2\/posts\/39048","targetHints":{"allow":["GET"]}}],"collection":[{"href":"https:\/\/guialimeira.com.br\/news\/wp-json\/wp\/v2\/posts"}],"about":[{"href":"https:\/\/guialimeira.com.br\/news\/wp-json\/wp\/v2\/types\/post"}],"author":[{"embeddable":true,"href":"https:\/\/guialimeira.com.br\/news\/wp-json\/wp\/v2\/users\/1"}],"replies":[{"embeddable":true,"href":"https:\/\/guialimeira.com.br\/news\/wp-json\/wp\/v2\/comments?post=39048"}],"version-history":[{"count":1,"href":"https:\/\/guialimeira.com.br\/news\/wp-json\/wp\/v2\/posts\/39048\/revisions"}],"predecessor-version":[{"id":39049,"href":"https:\/\/guialimeira.com.br\/news\/wp-json\/wp\/v2\/posts\/39048\/revisions\/39049"}],"wp:attachment":[{"href":"https:\/\/guialimeira.com.br\/news\/wp-json\/wp\/v2\/media?parent=39048"}],"wp:term":[{"taxonomy":"category","embeddable":true,"href":"https:\/\/guialimeira.com.br\/news\/wp-json\/wp\/v2\/categories?post=39048"},{"taxonomy":"post_tag","embeddable":true,"href":"https:\/\/guialimeira.com.br\/news\/wp-json\/wp\/v2\/tags?post=39048"}],"curies":[{"name":"wp","href":"https:\/\/api.w.org\/{rel}","templated":true}]}}