{"id":38973,"date":"2025-07-17T15:55:50","date_gmt":"2025-07-17T18:55:50","guid":{"rendered":"https:\/\/guialimeira.com.br\/?p=38973"},"modified":"2025-07-17T15:55:52","modified_gmt":"2025-07-17T18:55:52","slug":"motorcycle-rock-limeira-2025-musica-adrenalina-e-muita-diversao","status":"publish","type":"post","link":"https:\/\/guialimeira.com.br\/news\/motorcycle-rock-limeira-2025-musica-adrenalina-e-muita-diversao\/","title":{"rendered":"Motorcycle Rock Limeira 2025: m\u00fasica, adrenalina e muita divers\u00e3o"},"content":{"rendered":"\n<p class=\"wp-block-paragraph\">Prepare-se para o maior encontro de motociclistas e amantes do rock da regi\u00e3o! O <strong>Motorcycle Rock Limeira 2025<\/strong> chega com uma programa\u00e7\u00e3o de peso entre os dias <strong>17 e 20 de julho<\/strong>, no Espa\u00e7o Rodeio Limeira, prometendo quatro dias inesquec\u00edveis de m\u00fasica, adrenalina e muita divers\u00e3o.<\/p>\n\n\n\n<h3 class=\"wp-block-heading\">O que esperar do Motorcycle Rock Limeira 2025?<\/h3>\n\n\n\n<p class=\"wp-block-paragraph\">O evento conta com uma estrutura completa para receber o p\u00fablico:<\/p>\n\n\n\n<ul class=\"wp-block-list\">\n<li><strong>03 palcos simult\u00e2neos<\/strong><\/li>\n\n\n\n<li><strong>24 bandas cover<\/strong> trazendo os maiores cl\u00e1ssicos do rock<\/li>\n\n\n\n<li><strong>\u00c1rea de alimenta\u00e7\u00e3o coberta<\/strong><\/li>\n\n\n\n<li><strong>Food trucks, lojas e stands<\/strong><\/li>\n\n\n\n<li><strong>Atra\u00e7\u00f5es motocicl\u00edsticas<\/strong><\/li>\n\n\n\n<li><strong>Espa\u00e7o para motorhome<\/strong><\/li>\n\n\n\n<li><strong>Camping no local<\/strong><\/li>\n<\/ul>\n\n\n\n<h3 class=\"wp-block-heading\">Hor\u00e1rios do evento<\/h3>\n\n\n\n<ul class=\"wp-block-list\">\n<li><strong>17\/07 (Quinta):<\/strong> das 19h \u00e0s 00h \u2013 ENTRADA GRATUITA<\/li>\n\n\n\n<li><strong>18\/07 (Sexta):<\/strong> das 19h \u00e0s 2h<\/li>\n\n\n\n<li><strong>19\/07 (S\u00e1bado):<\/strong> das 13h \u00e0s 2h<\/li>\n\n\n\n<li><strong>20\/07 (Domingo):<\/strong> das 12h \u00e0s 21h<\/li>\n<\/ul>\n\n\n\n<h3 class=\"wp-block-heading\">Ingressos, meia-entrada e benef\u00edcios<\/h3>\n\n\n\n<ul class=\"wp-block-list\">\n<li><strong>Meia-entrada:<\/strong> V\u00e1lida para estudantes, idosos (acima de 60 anos) e PCDs, mediante apresenta\u00e7\u00e3o de carteirinha.<\/li>\n\n\n\n<li><strong>Meia Solid\u00e1ria:<\/strong> Basta doar 1kg de alimento ou um item de higiene pessoal, que ser\u00e1 destinado \u00e0 Casa da Crian\u00e7a de Limeira.<\/li>\n\n\n\n<li><strong>Pacote especial:<\/strong> Todas as compras de passaporte (pacote para todos os dias) realizadas at\u00e9 30\/06 ganham um <strong>copo oficial do evento<\/strong>.<\/li>\n\n\n\n<li><strong>Crian\u00e7as at\u00e9 12 anos<\/strong> t\u00eam entrada gratuita.<\/li>\n\n\n\n<li>Aceitamos todas as formas de pagamento.<\/li>\n<\/ul>\n\n\n\n<h3 class=\"wp-block-heading\">Local do evento<\/h3>\n\n\n\n<p class=\"wp-block-paragraph\"><strong>Espa\u00e7o Rodeio Limeira<\/strong><br>Via Maria Jos\u00e9 S. Coghi (Mun. LIM 369), Limeira\/SP<\/p>\n\n\n\n<hr class=\"wp-block-separator has-alpha-channel-opacity\"\/>\n\n\n\n<p class=\"wp-block-paragraph\"><strong>N\u00e3o fique de fora do Motorcycle Rock Limeira 2025!<\/strong><br>Ser\u00e3o quatro dias de muito rock, motos, experi\u00eancias e amizade. Marque na agenda, convide os amigos e viva essa emo\u00e7\u00e3o. Siga <a class=\"\" href=\"https:\/\/www.instagram.com\/motorcyclerocklimeira\/\" rel=\"noopener\">@motorcyclerocklimeira<\/a> para ficar por dentro de todas as novidades!<\/p>\n","protected":false},"excerpt":{"rendered":"<p>Prepare-se para o maior encontro de motociclistas e amantes do rock da regi\u00e3o! O Motorcycle Rock Limeira 2025 chega com uma programa\u00e7\u00e3o de peso entre os dias 17 e 20 de julho, no Espa\u00e7o Rodeio Limeira, prometendo quatro dias inesquec\u00edveis de m\u00fasica, adrenalina e muita divers\u00e3o.<\/p>\n","protected":false},"author":1,"featured_media":38974,"comment_status":"open","ping_status":"open","sticky":false,"template":"","format":"standard","meta":{"_jetpack_newsletter_access":"","_jetpack_dont_email_post_to_subs":false,"_jetpack_newsletter_tier_id":0,"_jetpack_memberships_contains_paywalled_content":false,"_mbp_banners":[],"_jetpack_feature_clip_id":0,"_jetpack_memberships_contains_paid_content":false,"footnotes":"","jetpack_publicize_message":"","jetpack_publicize_feature_enabled":true,"jetpack_social_post_already_shared":false,"jetpack_social_options":{"image_generator_settings":{"template":"highway","default_image_id":0,"enabled":false},"version":2},"jetpack_post_was_ever_published":false},"categories":[18,16],"tags":[],"class_list":["post-38973","post","type-post","status-publish","format-standard","has-post-thumbnail","category-cultura","category-local"],"jetpack_publicize_connections":[],"jetpack-related-posts":[],"jetpack_shortlink":"https:\/\/wp.me\/p7Eq1F-a8B","jetpack_sharing_enabled":true,"jetpack_featured_media_url":"https:\/\/i0.wp.com\/guialimeira.com.br\/news\/wp-content\/uploads\/2025\/07\/moto.png?fit=1024%2C1024&ssl=1","_links":{"self":[{"href":"https:\/\/guialimeira.com.br\/news\/wp-json\/wp\/v2\/posts\/38973","targetHints":{"allow":["GET"]}}],"collection":[{"href":"https:\/\/guialimeira.com.br\/news\/wp-json\/wp\/v2\/posts"}],"about":[{"href":"https:\/\/guialimeira.com.br\/news\/wp-json\/wp\/v2\/types\/post"}],"author":[{"embeddable":true,"href":"https:\/\/guialimeira.com.br\/news\/wp-json\/wp\/v2\/users\/1"}],"replies":[{"embeddable":true,"href":"https:\/\/guialimeira.com.br\/news\/wp-json\/wp\/v2\/comments?post=38973"}],"version-history":[{"count":1,"href":"https:\/\/guialimeira.com.br\/news\/wp-json\/wp\/v2\/posts\/38973\/revisions"}],"predecessor-version":[{"id":38975,"href":"https:\/\/guialimeira.com.br\/news\/wp-json\/wp\/v2\/posts\/38973\/revisions\/38975"}],"wp:featuredmedia":[{"embeddable":true,"href":"https:\/\/guialimeira.com.br\/news\/wp-json\/wp\/v2\/media\/38974"}],"wp:attachment":[{"href":"https:\/\/guialimeira.com.br\/news\/wp-json\/wp\/v2\/media?parent=38973"}],"wp:term":[{"taxonomy":"category","embeddable":true,"href":"https:\/\/guialimeira.com.br\/news\/wp-json\/wp\/v2\/categories?post=38973"},{"taxonomy":"post_tag","embeddable":true,"href":"https:\/\/guialimeira.com.br\/news\/wp-json\/wp\/v2\/tags?post=38973"}],"curies":[{"name":"wp","href":"https:\/\/api.w.org\/{rel}","templated":true}]}}