{"id":3897,"date":"2024-05-06T14:57:47","date_gmt":"2024-05-06T17:57:47","guid":{"rendered":"https:\/\/guialimeira.com.br\/2024\/05\/06\/banca-de-trocas-de-livros-e-gibis-acontece-nesta-quarta-8\/"},"modified":"2024-05-06T14:57:47","modified_gmt":"2024-05-06T17:57:47","slug":"banca-de-trocas-de-livros-e-gibis-acontece-nesta-quarta-8","status":"publish","type":"post","link":"https:\/\/guialimeira.com.br\/news\/banca-de-trocas-de-livros-e-gibis-acontece-nesta-quarta-8\/","title":{"rendered":"Banca de Trocas de Livros e Gibis acontece nesta quarta (8)"},"content":{"rendered":"<p> <br \/>\n<\/p>\n<div>\n            <main class=\"\">&#13;<br \/>\n                &#13;<br \/>\n&#13;<br \/>\n&#13;<br \/>\n&#13;<br \/>\n    <img data-recalc-dims=\"1\" decoding=\"async\" src=\"https:\/\/i0.wp.com\/ecrie.com.br\/sistema\/conteudos\/imagem\/m_137_0_1_06052024144956.png?w=696&#038;ssl=1\" alt=\"Banca de Trocas de Livros e Gibis acontece nesta quarta (8)\"\/>&#13;<br \/>\n&#13;<\/p>\n<p dir=\"ltr\" style=\"text-align: justify;\">Nesta quarta-feira (8), a Biblioteca Municipal Professor Jo\u00e3o de Sousa Ferraz realiza a Banca de Trocas de Livros e Gibis, das 17h \u00e0s 19h. A a\u00e7\u00e3o \u00e9 promovida pela Prefeitura de Limeira, por meio da Secretaria de Cultura.<\/p>\n<p>&#13;<\/p>\n<p dir=\"ltr\" style=\"text-align: justify;\">O p\u00fablico pode levar livros ou gibis para troc\u00e1-los entre as op\u00e7\u00f5es dispon\u00edveis no acervo. N\u00e3o s\u00e3o aceitos apostilas, materiais did\u00e1ticos, enciclop\u00e9dias, c\u00f3pias reprogr\u00e1ficas ou livros em mau estado de conserva\u00e7\u00e3o. O empr\u00e9stimo e devolu\u00e7\u00e3o de livros se mant\u00e9m normalmente at\u00e9 o fechamento da biblioteca.<\/p>\n<p>&#13;<\/p>\n<p dir=\"ltr\" style=\"text-align: justify;\">A Biblioteca Municipal est\u00e1 localizada no Parque Cidade. Mais informa\u00e7\u00f5es podem ser obtidas pelo telefone 3442-6539.<\/p>\n<p>&#13;<br \/>\n&#13;<br \/>\n&#13;<br \/>\n&#13;<\/p>\n<aside class=\"list-related no-print\">&#13;<br \/>\n        &#13;<br \/>\n&#13;<\/p>\n<article class=\"list-item noticias \">&#13;<br \/>\n                    <a class=\"list-item__img\" href=\"https:\/\/limeira.sp.gov.br\/imprensa\/noticias\/cultura\/evento-gratuito-sobre-vivencia-quilombola-se-inicia-nesta-segunda-6\" tabindex=\"-1\" aria-hidden=\"true\" rel=\"noopener\">&#13;<br \/>\n                        <img data-recalc-dims=\"1\" decoding=\"async\" src=\"https:\/\/i0.wp.com\/ecrie.com.br\/sistema\/conteudos\/imagem\/m_137_45_130_15122022144819.jpg?w=696&#038;ssl=1\" alt=\"Evento gratuito sobre viv\u00eancia quilombola se inicia nesta segunda (6)\"\/>&#13;<br \/>\n                    <\/a>&#13;<br \/>\n&#13;<br \/>\n                &#13;<br \/>\n            <\/article>\n<p>&#13;<\/p>\n<article class=\"list-item noticias \">&#13;<br \/>\n                    <a class=\"list-item__img\" href=\"https:\/\/limeira.sp.gov.br\/imprensa\/noticias\/cultura\/eventos-em-homenagem-as-maes-sao-destaques-da-semana\" tabindex=\"-1\" aria-hidden=\"true\" rel=\"noopener\">&#13;<br \/>\n                        <img data-recalc-dims=\"1\" decoding=\"async\" src=\"https:\/\/i0.wp.com\/ecrie.com.br\/sistema\/conteudos\/imagem\/m_137_0_1_21032024141121.jpeg?w=696&#038;ssl=1\" alt=\"Eventos em homenagem \u00e0s m\u00e3es s\u00e3o destaques da semana\"\/>&#13;<br \/>\n                    <\/a>&#13;<br \/>\n&#13;<br \/>\n                &#13;<br \/>\n            <\/article>\n<p>&#13;<\/p>\n<article class=\"list-item noticias \">&#13;<br \/>\n                    <a class=\"list-item__img\" href=\"https:\/\/limeira.sp.gov.br\/imprensa\/noticias\/cultura\/mobilizacao-pela-saude-materna-acontece-neste-domingo-5\" tabindex=\"-1\" aria-hidden=\"true\" rel=\"noopener\">&#13;<br \/>\n                        <img data-recalc-dims=\"1\" decoding=\"async\" src=\"https:\/\/i0.wp.com\/ecrie.com.br\/sistema\/conteudos\/imagem\/m_137_0_1_03052024130148.jpg?w=696&#038;ssl=1\" alt=\"Mobiliza\u00e7\u00e3o Pela Sa\u00fade Materna acontece neste domingo (5)\"\/>&#13;<br \/>\n                    <\/a>&#13;<br \/>\n&#13;<br \/>\n                &#13;<br \/>\n            <\/article>\n<p>&#13;<br \/>\n    <\/aside>\n<p>&#13;<br \/>\n&#13;<br \/>\n            <\/main><\/p><\/div>\n<p><br \/>\n<br \/><a href=\"https:\/\/limeira.sp.gov.br\/banca-de-trocas-de-livros-e-gibis-acontece-nesta-quarta-8\" rel=\"noopener\">Informa\u00e7\u00f5es da PML <\/a><\/p>\n","protected":false},"excerpt":{"rendered":"<p>&#13; &#13; &#13; &#13; &#13; &#13; &#13; Nesta quarta-feira (8), a Biblioteca Municipal Professor Jo\u00e3o de Sousa Ferraz realiza a Banca de Trocas de Livros e Gibis, das 17h \u00e0s 19h. A a\u00e7\u00e3o \u00e9 promovida pela Prefeitura de Limeira, por meio da Secretaria de Cultura. &#13; O p\u00fablico pode levar livros ou gibis para troc\u00e1-los [&hellip;]<\/p>\n","protected":false},"author":1,"featured_media":3898,"comment_status":"open","ping_status":"open","sticky":false,"template":"","format":"standard","meta":{"_jetpack_newsletter_access":"","_jetpack_dont_email_post_to_subs":false,"_jetpack_newsletter_tier_id":0,"_jetpack_memberships_contains_paywalled_content":false,"_mbp_banners":[],"_jetpack_feature_clip_id":0,"_jetpack_memberships_contains_paid_content":false,"footnotes":"","jetpack_publicize_message":"","jetpack_publicize_feature_enabled":true,"jetpack_social_post_already_shared":true,"jetpack_social_options":{"image_generator_settings":{"template":"highway","default_image_id":0,"font":"","enabled":false},"version":2},"jetpack_post_was_ever_published":false},"categories":[16],"tags":[],"class_list":["post-3897","post","type-post","status-publish","format-standard","has-post-thumbnail","category-local"],"jetpack_publicize_connections":[],"jetpack-related-posts":[],"jetpack_shortlink":"https:\/\/wp.me\/p7Eq1F-10R","jetpack_sharing_enabled":true,"jetpack_featured_media_url":"https:\/\/i0.wp.com\/guialimeira.com.br\/news\/wp-content\/uploads\/2024\/05\/m_137_0_1_06052024144956.png?fit=900%2C900&ssl=1","_links":{"self":[{"href":"https:\/\/guialimeira.com.br\/news\/wp-json\/wp\/v2\/posts\/3897","targetHints":{"allow":["GET"]}}],"collection":[{"href":"https:\/\/guialimeira.com.br\/news\/wp-json\/wp\/v2\/posts"}],"about":[{"href":"https:\/\/guialimeira.com.br\/news\/wp-json\/wp\/v2\/types\/post"}],"author":[{"embeddable":true,"href":"https:\/\/guialimeira.com.br\/news\/wp-json\/wp\/v2\/users\/1"}],"replies":[{"embeddable":true,"href":"https:\/\/guialimeira.com.br\/news\/wp-json\/wp\/v2\/comments?post=3897"}],"version-history":[{"count":0,"href":"https:\/\/guialimeira.com.br\/news\/wp-json\/wp\/v2\/posts\/3897\/revisions"}],"wp:featuredmedia":[{"embeddable":true,"href":"https:\/\/guialimeira.com.br\/news\/wp-json\/wp\/v2\/media\/3898"}],"wp:attachment":[{"href":"https:\/\/guialimeira.com.br\/news\/wp-json\/wp\/v2\/media?parent=3897"}],"wp:term":[{"taxonomy":"category","embeddable":true,"href":"https:\/\/guialimeira.com.br\/news\/wp-json\/wp\/v2\/categories?post=3897"},{"taxonomy":"post_tag","embeddable":true,"href":"https:\/\/guialimeira.com.br\/news\/wp-json\/wp\/v2\/tags?post=3897"}],"curies":[{"name":"wp","href":"https:\/\/api.w.org\/{rel}","templated":true}]}}