{"id":3888,"date":"2024-05-06T14:16:43","date_gmt":"2024-05-06T17:16:43","guid":{"rendered":"https:\/\/guialimeira.com.br\/2024\/05\/06\/semae-divulga-programacao-de-servicos-06-05-portal-do-municipio-de-piracicaba\/"},"modified":"2024-05-06T14:16:43","modified_gmt":"2024-05-06T17:16:43","slug":"semae-divulga-programacao-de-servicos-06-05-portal-do-municipio-de-piracicaba","status":"publish","type":"post","link":"https:\/\/guialimeira.com.br\/news\/semae-divulga-programacao-de-servicos-06-05-portal-do-municipio-de-piracicaba\/","title":{"rendered":"Semae divulga programa\u00e7\u00e3o de servi\u00e7os \u2013 06\/05 \u2013 Portal do Munic\u00edpio de Piracicaba"},"content":{"rendered":"<p> <br \/>\n<\/p>\n<div itemprop=\"articleBody\">\n<div class=\"m-auto col-lg-8\">\n<figure class=\"text-center\">\n<img data-recalc-dims=\"1\" width=\"347\" height=\"288\" src=\"https:\/\/i0.wp.com\/piracicaba.sp.gov.br\/wp-content\/uploads\/2024\/01\/Imagem-servicos-Semae.jpg?resize=347%2C288&#038;ssl=1\" class=\"img-fluid img-thumbnail border-1 wp-post-image\" alt=\"\" itemprop=\"image\" decoding=\"async\" fetchpriority=\"high\" srcset=\"https:\/\/piracicaba.sp.gov.br\/wp-content\/uploads\/2024\/01\/Imagem-servicos-Semae.jpg 347w, https:\/\/piracicaba.sp.gov.br\/wp-content\/uploads\/2024\/01\/Imagem-servicos-Semae-300x249.jpg 300w\" sizes=\"(max-width: 347px) 100vw, 347px\"\/><\/figure>\n<p>O Semae realiza nesta segunda-feira, dia 06\/05, manuten\u00e7\u00f5es e reparos nos seguintes pontos da cidade.<\/p>\n<p>Manuten\u00e7\u00f5es:<br \/>Estrada Ant\u00f4nio Dias Rodrigues \u2013 Mato Alto<br \/>Rua Jo\u00e3o Cris\u00f3stomo, 100 \u2013 Jaragu\u00e1<br \/>Rua dos Dourados, 70 \u2013 Jardim Parque Jupi\u00e1<br \/>Rua Eul\u00e1lio de Arruda Mello, 43 \u2013 Noiva da Colina<br \/>Rua Estocolmo, 143 \u2013 Parque Santa Cecilia<br \/>Avenida Comendador Pedro Morganti, 4965 \u2013 Monte Alegre<br \/>Rua Elis Regina, 332 \u2013 Jardim Alvorada<br \/>Rua Anhumas, 218 \u2013 Perdizes<br \/>Avenida Adiel Paes Zamith, 1835 \u2013 Santa Rosa<br \/>Rua Roque de Lello, 101 \u2013 Santa Rosa<br \/>Rua Doutor Abner da Silva Perp\u00e9tuo, 120 \u2013 Santa Rosa<br \/>Rua Doutor Pedro Manoel de Mattos, 120 \u2013 Santa Rosa<br \/>Rua Salvador Gobeth, 60 \u2013 Santa Rosa<\/p>\n<p>A programa\u00e7\u00e3o de servi\u00e7os est\u00e1 sujeita a suspens\u00e3o ou altera\u00e7\u00f5es em caso de chuvas e tempestades.<\/p>\n<\/div>\n<\/div>\n<p><br \/>\n<br \/><a href=\"https:\/\/piracicaba.sp.gov.br\/noticias\/semae-divulga-programacao-de-servicos-06-05\/\" rel=\"noopener\">Informa\u00e7\u00f5es PMP <\/a><\/p>\n","protected":false},"excerpt":{"rendered":"<p>O Semae realiza nesta segunda-feira, dia 06\/05, manuten\u00e7\u00f5es e reparos nos seguintes pontos da cidade. Manuten\u00e7\u00f5es:Estrada Ant\u00f4nio Dias Rodrigues \u2013 Mato AltoRua Jo\u00e3o Cris\u00f3stomo, 100 \u2013 Jaragu\u00e1Rua dos Dourados, 70 \u2013 Jardim Parque Jupi\u00e1Rua Eul\u00e1lio de Arruda Mello, 43 \u2013 Noiva da ColinaRua Estocolmo, 143 \u2013 Parque Santa CeciliaAvenida Comendador Pedro Morganti, 4965 \u2013 Monte [&hellip;]<\/p>\n","protected":false},"author":1,"featured_media":2023,"comment_status":"open","ping_status":"open","sticky":false,"template":"","format":"standard","meta":{"_jetpack_newsletter_access":"","_jetpack_dont_email_post_to_subs":false,"_jetpack_newsletter_tier_id":0,"_jetpack_memberships_contains_paywalled_content":false,"_mbp_banners":[],"_jetpack_feature_clip_id":0,"_jetpack_memberships_contains_paid_content":false,"footnotes":"","jetpack_publicize_message":"","jetpack_publicize_feature_enabled":true,"jetpack_social_post_already_shared":true,"jetpack_social_options":{"image_generator_settings":{"template":"highway","default_image_id":0,"font":"","enabled":false},"version":2},"jetpack_post_was_ever_published":false},"categories":[20],"tags":[],"class_list":["post-3888","post","type-post","status-publish","format-standard","has-post-thumbnail","category-regiao"],"jetpack_publicize_connections":[],"jetpack-related-posts":[],"jetpack_shortlink":"https:\/\/wp.me\/p7Eq1F-10I","jetpack_sharing_enabled":true,"jetpack_featured_media_url":"https:\/\/i0.wp.com\/guialimeira.com.br\/news\/wp-content\/uploads\/2024\/04\/Imagem-servicos-Semae.jpg?fit=347%2C288&ssl=1","_links":{"self":[{"href":"https:\/\/guialimeira.com.br\/news\/wp-json\/wp\/v2\/posts\/3888","targetHints":{"allow":["GET"]}}],"collection":[{"href":"https:\/\/guialimeira.com.br\/news\/wp-json\/wp\/v2\/posts"}],"about":[{"href":"https:\/\/guialimeira.com.br\/news\/wp-json\/wp\/v2\/types\/post"}],"author":[{"embeddable":true,"href":"https:\/\/guialimeira.com.br\/news\/wp-json\/wp\/v2\/users\/1"}],"replies":[{"embeddable":true,"href":"https:\/\/guialimeira.com.br\/news\/wp-json\/wp\/v2\/comments?post=3888"}],"version-history":[{"count":0,"href":"https:\/\/guialimeira.com.br\/news\/wp-json\/wp\/v2\/posts\/3888\/revisions"}],"wp:featuredmedia":[{"embeddable":true,"href":"https:\/\/guialimeira.com.br\/news\/wp-json\/wp\/v2\/media\/2023"}],"wp:attachment":[{"href":"https:\/\/guialimeira.com.br\/news\/wp-json\/wp\/v2\/media?parent=3888"}],"wp:term":[{"taxonomy":"category","embeddable":true,"href":"https:\/\/guialimeira.com.br\/news\/wp-json\/wp\/v2\/categories?post=3888"},{"taxonomy":"post_tag","embeddable":true,"href":"https:\/\/guialimeira.com.br\/news\/wp-json\/wp\/v2\/tags?post=3888"}],"curies":[{"name":"wp","href":"https:\/\/api.w.org\/{rel}","templated":true}]}}