{"id":38785,"date":"2025-07-15T16:41:53","date_gmt":"2025-07-15T19:41:53","guid":{"rendered":"https:\/\/guialimeira.com.br\/?p=38785"},"modified":"2025-07-15T16:41:55","modified_gmt":"2025-07-15T19:41:55","slug":"corrida-e-caminhada-suzano-faz-bem-chega-a-quarta-edicao-com-mais-de-2-mil-participantes-em-americana","status":"publish","type":"post","link":"https:\/\/guialimeira.com.br\/news\/corrida-e-caminhada-suzano-faz-bem-chega-a-quarta-edicao-com-mais-de-2-mil-participantes-em-americana\/","title":{"rendered":"Corrida e Caminhada Suzano Faz Bem chega \u00e0 quarta edi\u00e7\u00e3o com mais de 2 mil participantes em Americana \u00a0"},"content":{"rendered":"\n<h2 class=\"wp-block-heading\"><a><\/a><em>Com foco em sa\u00fade, esporte e solidariedade, o evento ser\u00e1 realizado no domingo (20), em celebra\u00e7\u00e3o aos 150 anos da cidade; retirada dos kits acontece no s\u00e1bado (19)<\/em><em><\/em><\/h2>\n\n\n\n<p class=\"wp-block-paragraph\">A cidade de Americana receber\u00e1, no pr\u00f3ximo domingo (20), a 4\u00aa edi\u00e7\u00e3o da Corrida e Caminhada Suzano Faz Bem, promovida pela Suzano, maior produtora mundial de celulose e refer\u00eancia global na fabrica\u00e7\u00e3o de bioprodutos desenvolvidos a partir do eucalipto. Ser\u00e3o tr\u00eas modalidades: corrida, com percursos de 5 km e 10 km, e caminhada de 5 km. Aberto \u00e0 comunidade, colaboradores(as) da companhia e seus familiares, o evento une esporte, sa\u00fade e solidariedade, e integra uma s\u00e9rie de a\u00e7\u00f5es da empresa em celebra\u00e7\u00e3o aos 150 anos do munic\u00edpio. A expectativa \u00e9 reunir mais de 2 mil participantes.<\/p>\n\n\n\n<p class=\"wp-block-paragraph\">\u201cNeste ano comemorativo e t\u00e3o simb\u00f3lico para Americana, a realiza\u00e7\u00e3o de mais uma edi\u00e7\u00e3o da Corrida e Caminhada Suzano Faz Bem \u00e9 ainda mais especial e nos d\u00e1 muita alegria. Essa iniciativa refor\u00e7a nosso compromisso com a sa\u00fade, a qualidade de vida e o desenvolvimento social das regi\u00f5es onde atuamos, ao mesmo tempo em que demonstra nosso respeito e nossa parceria com Americana. Celebrar a cidade com uma a\u00e7\u00e3o que une esporte e solidariedade traduz bem nosso direcionador que diz que s\u00f3 \u00e9 bom para n\u00f3s se for bom para o mundo\u201d, afirma Marcelo de Mello, diretor de Seguran\u00e7a, Sa\u00fade, Qualidade de Vida e&nbsp;<em>Facilities&nbsp;<\/em>da companhia.<\/p>\n\n\n\n<p class=\"wp-block-paragraph\">Com car\u00e1ter solid\u00e1rio, a prova ter\u00e1 a renda das inscri\u00e7\u00f5es integralmente revertida para tr\u00eas institui\u00e7\u00f5es locais: APAE (Associa\u00e7\u00e3o de Pais e Amigos dos Excepcionais) de Americana, Lar dos Velhinhos S\u00e3o Vicente de Paulo e Fundo Social de Solidariedade do munic\u00edpio. A iniciativa \u00e9 realizada pela Suzano em parceria com a Chelso Sports e com o apoio da Prefeitura de Americana.<\/p>\n\n\n\n<p class=\"wp-block-paragraph\"><strong>Entrega dos kits<\/strong><strong><\/strong><\/p>\n\n\n\n<p class=\"wp-block-paragraph\">A entrega dos kits da prova aos participantes ser\u00e1 realizada no s\u00e1bado (19), na sede da APAE de Americana, das 10h \u00e0s 15h. Para a retirada, as pessoas inscritas devem apresentar um documento com foto (RG ou CNH) e o comprovante do cadastro feito no site do evento.<\/p>\n\n\n\n<p class=\"wp-block-paragraph\">Nesta edi\u00e7\u00e3o, a camiseta oficial da corrida ser\u00e1 entregue exclusivamente no domingo (20), mediante apresenta\u00e7\u00e3o de um voucher recebido no momento da retirada do kit. N\u00e3o haver\u00e1 entrega de outros itens do kit no dia do evento &#8211; apenas da camiseta.<\/p>\n\n\n\n<p class=\"wp-block-paragraph\"><strong>Benef\u00edcios da atividade f\u00edsica<\/strong><strong><\/strong><\/p>\n\n\n\n<p class=\"wp-block-paragraph\">Segundo o Guia de Atividade F\u00edsica para a Popula\u00e7\u00e3o Brasileira, do Minist\u00e9rio da Sa\u00fade, a pr\u00e1tica regular de atividades f\u00edsicas traz uma s\u00e9rie de benef\u00edcios \u00e0 sa\u00fade, como redu\u00e7\u00e3o do risco de doen\u00e7as cardiovasculares, melhora da sa\u00fade mental, controle do peso corporal, aumento da disposi\u00e7\u00e3o e qualidade do sono. Caminhar ou correr s\u00e3o formas simples e eficazes de cuidar do corpo e da mente, garantindo bem-estar f\u00edsico e emocional. Al\u00e9m disso, participar de iniciativas como a Corrida e Caminhada Suzano Faz Bem fortalece a integra\u00e7\u00e3o social e promove o senso de pertencimento \u00e0 comunidade.<\/p>\n\n\n\n<p class=\"wp-block-paragraph\"><strong>Parceria com a cidade<\/strong><strong><\/strong><\/p>\n\n\n\n<p class=\"wp-block-paragraph\">Em 2025, ano em que Americana celebra 150 anos de hist\u00f3ria, a Suzano amplia sua atua\u00e7\u00e3o na cidade por meio de investimentos e apoios a uma s\u00e9rie de projetos e programas culturais, ambientais, sociais e esportivos locais. Al\u00e9m da corrida, cujas doa\u00e7\u00f5es ir\u00e3o beneficiar institui\u00e7\u00f5es da cidade, a empresa tamb\u00e9m esteve presente na tradicional Festa de S\u00e3o Jo\u00e3o de Carioba, com o Espa\u00e7o Sustentabilidade, e apoiou a Feira do Meio Ambiente de Americana (FEAMA).<\/p>\n\n\n\n<p class=\"wp-block-paragraph\">Essas a\u00e7\u00f5es refletem o compromisso da empresa em celebrar a trajet\u00f3ria e os valores que moldam a hist\u00f3ria e o modo de vida de Americana, fortalecendo os la\u00e7os com a comunidade que sempre a acolheu. Dessa forma, a companhia busca n\u00e3o apenas homenagear a cidade, mas tamb\u00e9m contribuir ativamente para seu desenvolvimento, refor\u00e7ando um relacionamento pautado em respeito, parceria e valoriza\u00e7\u00e3o m\u00fatua.<\/p>\n\n\n\n<p class=\"wp-block-paragraph\"><strong><u>Servi\u00e7o:<\/u><\/strong><strong><u><\/u><\/strong><\/p>\n\n\n\n<p class=\"wp-block-paragraph\"><strong>4\u00aa Corrida e Caminhada Suzano Faz Bem em Americana<\/strong><strong><\/strong><\/p>\n\n\n\n<p class=\"wp-block-paragraph\"><em>Data:<\/em>&nbsp;domingo (20\/07)<\/p>\n\n\n\n<p class=\"wp-block-paragraph\"><em>Hor\u00e1rio:<\/em>&nbsp;concentra\u00e7\u00e3o \u00e0s 6h | largadas \u00e0s 7h15 (10 km) e 7h25 (5 km)<\/p>\n\n\n\n<p class=\"wp-block-paragraph\"><em>Local:<\/em>&nbsp;Rua Abrahim Abraham, 97, pr\u00f3ximo \u00e0 APAE de Americana<\/p>\n\n\n\n<p class=\"wp-block-paragraph\"><strong>Retirada dos kits:<\/strong><strong><\/strong><\/p>\n\n\n\n<p class=\"wp-block-paragraph\"><em>Data:<\/em>&nbsp;s\u00e1bado (19\/07)<\/p>\n\n\n\n<p class=\"wp-block-paragraph\"><em>Local:<\/em>&nbsp;APAE Americana<\/p>\n\n\n\n<p class=\"wp-block-paragraph\"><em>Hor\u00e1rio:<\/em>&nbsp;das 10h \u00e0s 15h<\/p>\n","protected":false},"excerpt":{"rendered":"<p>Com foco em sa\u00fade, esporte e solidariedade, o evento ser\u00e1 realizado no domingo (20), em celebra\u00e7\u00e3o aos 150 anos da cidade; retirada dos kits acontece no s\u00e1bado (19) A cidade de Americana receber\u00e1, no pr\u00f3ximo domingo (20), a 4\u00aa edi\u00e7\u00e3o da Corrida e Caminhada Suzano Faz Bem, promovida pela Suzano, maior produtora mundial de celulose [&hellip;]<\/p>\n","protected":false},"author":2,"featured_media":38786,"comment_status":"open","ping_status":"open","sticky":false,"template":"","format":"standard","meta":{"_jetpack_newsletter_access":"","_jetpack_dont_email_post_to_subs":false,"_jetpack_newsletter_tier_id":0,"_jetpack_memberships_contains_paywalled_content":false,"_mbp_banners":[],"_jetpack_feature_clip_id":0,"_jetpack_memberships_contains_paid_content":false,"footnotes":"","jetpack_publicize_message":"","jetpack_publicize_feature_enabled":true,"jetpack_social_post_already_shared":false,"jetpack_social_options":{"image_generator_settings":{"template":"highway","default_image_id":0,"enabled":false},"version":2},"jetpack_post_was_ever_published":false},"categories":[16],"tags":[],"class_list":["post-38785","post","type-post","status-publish","format-standard","has-post-thumbnail","category-local"],"jetpack_publicize_connections":[],"jetpack-related-posts":[],"jetpack_shortlink":"https:\/\/wp.me\/p7Eq1F-a5z","jetpack_sharing_enabled":true,"jetpack_featured_media_url":"https:\/\/i0.wp.com\/guialimeira.com.br\/news\/wp-content\/uploads\/2025\/07\/Corrida-Suzano-Faz-Bem-Americana-2024-2.jpg?fit=1243%2C873&ssl=1","_links":{"self":[{"href":"https:\/\/guialimeira.com.br\/news\/wp-json\/wp\/v2\/posts\/38785","targetHints":{"allow":["GET"]}}],"collection":[{"href":"https:\/\/guialimeira.com.br\/news\/wp-json\/wp\/v2\/posts"}],"about":[{"href":"https:\/\/guialimeira.com.br\/news\/wp-json\/wp\/v2\/types\/post"}],"author":[{"embeddable":true,"href":"https:\/\/guialimeira.com.br\/news\/wp-json\/wp\/v2\/users\/2"}],"replies":[{"embeddable":true,"href":"https:\/\/guialimeira.com.br\/news\/wp-json\/wp\/v2\/comments?post=38785"}],"version-history":[{"count":1,"href":"https:\/\/guialimeira.com.br\/news\/wp-json\/wp\/v2\/posts\/38785\/revisions"}],"predecessor-version":[{"id":38787,"href":"https:\/\/guialimeira.com.br\/news\/wp-json\/wp\/v2\/posts\/38785\/revisions\/38787"}],"wp:featuredmedia":[{"embeddable":true,"href":"https:\/\/guialimeira.com.br\/news\/wp-json\/wp\/v2\/media\/38786"}],"wp:attachment":[{"href":"https:\/\/guialimeira.com.br\/news\/wp-json\/wp\/v2\/media?parent=38785"}],"wp:term":[{"taxonomy":"category","embeddable":true,"href":"https:\/\/guialimeira.com.br\/news\/wp-json\/wp\/v2\/categories?post=38785"},{"taxonomy":"post_tag","embeddable":true,"href":"https:\/\/guialimeira.com.br\/news\/wp-json\/wp\/v2\/tags?post=38785"}],"curies":[{"name":"wp","href":"https:\/\/api.w.org\/{rel}","templated":true}]}}