{"id":3872,"date":"2024-05-06T11:34:47","date_gmt":"2024-05-06T14:34:47","guid":{"rendered":"https:\/\/guialimeira.com.br\/2024\/05\/06\/mercado-reduz-projecao-de-inflacao-e-preve-crescimento-na-economia\/"},"modified":"2024-05-06T11:34:47","modified_gmt":"2024-05-06T14:34:47","slug":"mercado-reduz-projecao-de-inflacao-e-preve-crescimento-na-economia","status":"publish","type":"post","link":"https:\/\/guialimeira.com.br\/news\/mercado-reduz-projecao-de-inflacao-e-preve-crescimento-na-economia\/","title":{"rendered":"Mercado reduz proje\u00e7\u00e3o de infla\u00e7\u00e3o e prev\u00ea crescimento na economia"},"content":{"rendered":"<p> <br \/>\n<\/p>\n<div>\n<p>O mercado financeiro reduziu a previs\u00e3o de infla\u00e7\u00e3o para este ano. Segundo o boletim Focus, divulgado hoje (6) pelo Banco Central (BC), o \u00cdndice de Pre\u00e7o ao Consumidor Amplo (IPCA) deve ficar em 3,72%, um pouco menos do que a proje\u00e7\u00e3o da semana passada, de\u00a0infla\u00e7\u00e3o de 3,73%.\u00a0<img data-recalc-dims=\"1\" decoding=\"async\" src=\"https:\/\/i0.wp.com\/agenciabrasil.ebc.com.br\/ebc.png?w=696&#038;ssl=1\" style=\"width:1px; height:1px; display:inline;\"\/><img data-recalc-dims=\"1\" decoding=\"async\" src=\"https:\/\/i0.wp.com\/agenciabrasil.ebc.com.br\/ebc.gif?w=696&#038;ssl=1\" style=\"width:1px; height:1px; display:inline;\"\/><\/p>\n<p>O Focus traz as previs\u00f5es de economistas e analistas de mercado consultados pelo BC. Para 2024, os analistas tamb\u00e9m projetaram\u00a0crescimento do Produto Interno Bruto (PIB) em rela\u00e7\u00e3o ao anunciado na semana passada, quando a estimativa era de que a alta ficasse em 2,02%. Agora o mercado projeta um crescimento maior, de 2,05%.<\/p>\n<p>Para 2025, a proje\u00e7\u00e3o \u00e9 de que o PIB cres\u00e7a 2%. \u00cdndice que se repete em 2026 e 2027.<\/p>\n<p>A estimativa da infla\u00e7\u00e3o para 2024 est\u00e1 dentro do intervalo de meta de infla\u00e7\u00e3o que deve ser perseguida pelo BC. Definida pelo Conselho Monet\u00e1rio Nacional (CMN), a meta \u00e9 de 3%, com intervalo de toler\u00e2ncia de 1,5 ponto percentual para cima ou para baixo. Ou seja, o limite inferior \u00e9 1,5% e o superior 4,5%.<\/p>\n<p>Para 2025, a previs\u00e3o \u00e9 de que a infla\u00e7\u00e3o fique em 3,64% e, em 2026, feche em 3,5%, a mesma para 2027.<\/p>\n<p>Em rela\u00e7\u00e3o aos juros b\u00e1sicos da economia, o mercado projetou uma taxa Selic de 9,63%. Os analistas acreditam que a refer\u00eancia para os juros no pa\u00eds deve diminuir o ritmo de queda, j\u00e1 que h\u00e1 quatro semanas a previs\u00e3o era de que a taxa fechasse o ano em 9%.<\/p>\n<p>Nas duas \u00faltimas reuni\u00f5es, o corte na Selic foi 0.5 ponto percentual. Mas o Comit\u00ea de Pol\u00edtica Monet\u00e1ria (Copom) do BC indicou que poder\u00e1 n\u00e3o repetir o mesmo ritmo de corte na pr\u00f3xima reuni\u00e3o agendada para os dias 7 e 8 de maio.<\/p>\n<p>Quando o Copom aumenta a taxa b\u00e1sica de juros, a finalidade \u00e9 conter a demanda aquecida, e isso causa reflexos nos pre\u00e7os porque os juros mais altos encarecem o cr\u00e9dito e estimulam a poupan\u00e7a.<\/p>\n<p>Quando o Copom diminui a Selic, a tend\u00eancia \u00e9 que o cr\u00e9dito fique mais barato, com incentivo \u00e0 produ\u00e7\u00e3o e ao consumo, reduzindo o controle sobre a infla\u00e7\u00e3o e estimulando a atividade econ\u00f4mica.<\/p>\n<p>Para o mercado financeiro, a Selic deve encerrar 2025, em 9%. A estimativa para 2026 \u00e9 de que a taxa b\u00e1sica caia fique em 8,75% ao ano. Para 2027, a previs\u00e3o \u00e9 de 8,5%.<\/p>\n<h2>C\u00e2mbio<\/h2>\n<p>Segundo o Focus, em 2024, o d\u00f3lar deve fechar o ano em R$ 5,00. H\u00e1\u00a0quatro semanas a previs\u00e3o era de que a moeda norte-americana ficasse em R$ 4,95. Para 2025, a proje\u00e7\u00e3o\u00a0\u00e9 de aumento do d\u00f3lar, que deve ficar\u00a0em R$ 5,05. Para 2026, a previs\u00e3o \u00e9 que o c\u00e2mbio feche em R$ 5,10, a mesma para 2027.<\/p>\n<\/p><\/div>\n<p><br \/>\n<br \/><a href=\"https:\/\/agenciabrasil.ebc.com.br\/economia\/noticia\/2024-05\/mercado-reduz-projecao-de-inflacao-e-preve-crescimento-da-economia\" rel=\"noopener\">Ag\u00eancia Brasil<\/a><\/p>\n","protected":false},"excerpt":{"rendered":"<p>O mercado financeiro reduziu a previs\u00e3o de infla\u00e7\u00e3o para este ano. Segundo o boletim Focus, divulgado hoje (6) pelo Banco Central (BC), o \u00cdndice de Pre\u00e7o ao Consumidor Amplo (IPCA) deve ficar em 3,72%, um pouco menos do que a proje\u00e7\u00e3o da semana passada, de\u00a0infla\u00e7\u00e3o de 3,73%.\u00a0 O Focus traz as previs\u00f5es de economistas e [&hellip;]<\/p>\n","protected":false},"author":1,"featured_media":3171,"comment_status":"open","ping_status":"open","sticky":false,"template":"","format":"standard","meta":{"_jetpack_newsletter_access":"","_jetpack_dont_email_post_to_subs":false,"_jetpack_newsletter_tier_id":0,"_jetpack_memberships_contains_paywalled_content":false,"_mbp_banners":[],"_jetpack_feature_clip_id":0,"_jetpack_memberships_contains_paid_content":false,"footnotes":"","jetpack_publicize_message":"","jetpack_publicize_feature_enabled":true,"jetpack_social_post_already_shared":true,"jetpack_social_options":{"image_generator_settings":{"template":"highway","default_image_id":0,"font":"","enabled":false},"version":2},"jetpack_post_was_ever_published":false},"categories":[24],"tags":[],"class_list":["post-3872","post","type-post","status-publish","format-standard","has-post-thumbnail","category-economia"],"jetpack_publicize_connections":[],"jetpack-related-posts":[],"jetpack_shortlink":"https:\/\/wp.me\/p7Eq1F-10s","jetpack_sharing_enabled":true,"jetpack_featured_media_url":"https:\/\/i0.wp.com\/guialimeira.com.br\/news\/wp-content\/uploads\/2024\/04\/economia_1609210423_0.jpg?fit=1600%2C800&ssl=1","_links":{"self":[{"href":"https:\/\/guialimeira.com.br\/news\/wp-json\/wp\/v2\/posts\/3872","targetHints":{"allow":["GET"]}}],"collection":[{"href":"https:\/\/guialimeira.com.br\/news\/wp-json\/wp\/v2\/posts"}],"about":[{"href":"https:\/\/guialimeira.com.br\/news\/wp-json\/wp\/v2\/types\/post"}],"author":[{"embeddable":true,"href":"https:\/\/guialimeira.com.br\/news\/wp-json\/wp\/v2\/users\/1"}],"replies":[{"embeddable":true,"href":"https:\/\/guialimeira.com.br\/news\/wp-json\/wp\/v2\/comments?post=3872"}],"version-history":[{"count":0,"href":"https:\/\/guialimeira.com.br\/news\/wp-json\/wp\/v2\/posts\/3872\/revisions"}],"wp:featuredmedia":[{"embeddable":true,"href":"https:\/\/guialimeira.com.br\/news\/wp-json\/wp\/v2\/media\/3171"}],"wp:attachment":[{"href":"https:\/\/guialimeira.com.br\/news\/wp-json\/wp\/v2\/media?parent=3872"}],"wp:term":[{"taxonomy":"category","embeddable":true,"href":"https:\/\/guialimeira.com.br\/news\/wp-json\/wp\/v2\/categories?post=3872"},{"taxonomy":"post_tag","embeddable":true,"href":"https:\/\/guialimeira.com.br\/news\/wp-json\/wp\/v2\/tags?post=3872"}],"curies":[{"name":"wp","href":"https:\/\/api.w.org\/{rel}","templated":true}]}}