{"id":3869,"date":"2024-05-06T10:38:48","date_gmt":"2024-05-06T13:38:48","guid":{"rendered":"https:\/\/guialimeira.com.br\/2024\/05\/06\/governo-reforca-acoes-da-campanha-de-seguranca-no-transito\/"},"modified":"2024-05-06T10:38:48","modified_gmt":"2024-05-06T13:38:48","slug":"governo-reforca-acoes-da-campanha-de-seguranca-no-transito","status":"publish","type":"post","link":"https:\/\/guialimeira.com.br\/news\/governo-reforca-acoes-da-campanha-de-seguranca-no-transito\/","title":{"rendered":"Governo refor\u00e7a a\u00e7\u00f5es da campanha de seguran\u00e7a no tr\u00e2nsito"},"content":{"rendered":"<p> <br \/>\n<\/p>\n<div id=\"\">&#13;<br \/>\n                                <!-- Title -->&#13;<br \/>\n                                &#13;<br \/>\n&#13;<br \/>\n                                <!-- Excerpt -->&#13;<\/p>\n<p class=\"excerpt\">Programa\u00e7\u00e3o do Maio Amarelo inclui escape room did\u00e1tico, palestras sobre seguran\u00e7a no tr\u00e2nsito e \u00f3culos simuladores de embriaguez<\/p>\n<p>&#13;<br \/>\n&#13;<br \/>\n                                &#13;\n                            <\/p><\/div>\n<div id=\"\">&#13;<\/p>\n<figure id=\"attachment_5876887\" style=\"width: 100%;max-width: 785px\" class=\"wp-caption alignnone\"><img data-recalc-dims=\"1\" decoding=\"async\" loading=\"lazy\" class=\" wp-image-5876887\" src=\"https:\/\/i0.wp.com\/www.saopaulo.sp.gov.br\/wp-content\/uploads\/2024\/05\/DER-Acoes-Maio-Amarelo-2024-1024x576-1-300x169.jpeg?resize=696%2C392&#038;ssl=1\" alt=\"\" width=\"696\" height=\"392\" srcset=\"https:\/\/www.saopaulo.sp.gov.br\/wp-content\/uploads\/2024\/05\/DER-Acoes-Maio-Amarelo-2024-1024x576-1-300x169.jpeg 300w, https:\/\/www.saopaulo.sp.gov.br\/wp-content\/uploads\/2024\/05\/DER-Acoes-Maio-Amarelo-2024-1024x576-1-768x432.jpeg 768w, https:\/\/www.saopaulo.sp.gov.br\/wp-content\/uploads\/2024\/05\/DER-Acoes-Maio-Amarelo-2024-1024x576-1.jpeg 1024w\" sizes=\"auto, (max-width: 785px) 100vw, 785px\"\/><figcaption class=\"wp-caption-text\">Est\u00e3o previstas a\u00e7\u00f5es em parques, escolas, shoppings e empresas<\/figcaption><\/figure>\n<p>O Departamento de Estradas de Rodagem (DER), \u00f3rg\u00e3o vinculado \u00e0 Secretaria de Meio Ambiente, Infraestrutura e Log\u00edstica (Semil), lan\u00e7a a edi\u00e7\u00e3o de 2024 da <a href=\"https:\/\/www.saopaulo.sp.gov.br\/spnoticias\/ultimas-noticias\/seguranca-no-transito-sp-realiza-acoes-de-conscientizacao-durante-o-maio-amarelo\/\" target=\"_blank\" rel=\"noopener noreferrer\">campanha \u2018Maio Amarelo\u2019, cujo objetivo \u00e9 conscientizar a sociedade<\/a>, por meio de a\u00e7\u00f5es e atividades educativas, para refor\u00e7ar a seguran\u00e7a no tr\u00e2nsito e a necessidade de reduzir o n\u00famero de acidentes. Est\u00e3o previstas a\u00e7\u00f5es em parques, escolas, shoppings e empresas.<\/p>\n<p>O \u2018Maio Amarelo\u2019 do DER se alinha ao movimento internacional surgido ap\u00f3s a Organiza\u00e7\u00e3o Mundial da Sa\u00fade (OMS), ligada \u00e0 Organiza\u00e7\u00e3o das Na\u00e7\u00f5es Unidas (ONU), lan\u00e7ar, em maio de 2011, a D\u00e9cada de A\u00e7\u00e3o para Seguran\u00e7a no Tr\u00e2nsito.<\/p>\n<p>A meta da OMS \u00e9 reduzir em ao menos 50% o n\u00famero de v\u00edtimas de acidentes no planeta, de cerca de 3,5 mil pessoas no mundo. Em 2024, o tema da campanha \u00e9 \u201cA paz no tr\u00e2nsito come\u00e7a por voc\u00ea\u201d.<\/p>\n<p>Entre as a\u00e7\u00f5es programadas pelo DER em escolas da rede p\u00fablica, a iniciativa prop\u00f5e experi\u00eancias como o \u2018Curta o Circuito\u2019, pela qual o p\u00fablico \u00e9 exposto aos riscos associados ao consumo inadequado de bebidas alc\u00f3olicas e outras imprud\u00eancias no tr\u00e2nsito.<\/p>\n<p>Por meio de \u00f3culos simuladores de embriaguez, os usu\u00e1rios participam do desafio de manter a coordena\u00e7\u00e3o motora e a vis\u00e3o em condi\u00e7\u00f5es inadequadas. Os participantes dever\u00e3o percorrer um circuito de obst\u00e1culos e ser\u00e1 feito o registro em v\u00eddeo 360 graus da trajet\u00f3ria, o v\u00eddeo poder\u00e1 ser compartilhado nas redes sociais dos participantes.<\/p>\n<p>J\u00e1 o \u2018DER Escape Room\u2019 \u00e9 um programa de curta dura\u00e7\u00e3o e alta rotatividade, tamb\u00e9m de vi\u00e9s l\u00fadico, para participar em grupo, elaborado de modo a atrair p\u00fablicos de perfis variados. Os participantes s\u00e3o transportados a um espa\u00e7o imersivo e um enredo instigante, com o intuito de prender a aten\u00e7\u00e3o e estimular o aprendizado, para que temas como a seguran\u00e7a no tr\u00e2nsito sejam abordados de forma divertida, inusitada e educativa.<\/p>\n<p>Durante o \u2018Maio Amarelo\u2019 de 2024, o Projeto \u2018DER na Escola\u2019 ajusta seu conte\u00fado para transmitir aos estudantes informa\u00e7\u00f5es ligadas \u00e0s a\u00e7\u00f5es previstas para o m\u00eas e chamar aten\u00e7\u00e3o para o car\u00e1ter internacional do movimento. O objetivo da a\u00e7\u00e3o \u00e9 que crian\u00e7as e adolescentes sejam multiplicadores das mensagens para os pais e familiares.<\/p>\n<p><strong>Programa\u00e7\u00e3o Maio Amarelo do DER:<\/strong><\/p>\n<p><strong>6 a 9 de maio (segunda a quinta-feira)<\/strong><br \/>A\u00e7\u00f5es Educativas: Escape Room, Curta o Circuito e Consci\u00eancia X Culpa<br \/>Parceria com a Prefeitura Municipal de Ourinhos, a Secretaria Municipal de Seguran\u00e7a P\u00fablica e a Guarda Civil Municipal de Ourinhos<br \/>Local: Pra\u00e7a Melo Peixoto<\/p>\n<p><strong>13 e 14 de maio (segunda e ter\u00e7a-feira)<\/strong><br \/>DER na Escola: Escola Municipal de Ensino Infantil Affonso Basile<br \/>Munic\u00edpio: Angatuba<\/p>\n<p><strong>15 de maio (quarta-feira)<\/strong><br \/>DER na Escola: Escolas Municipais de Ensino Infantil do Bairro da Batalheira, de Polengue e de Boa Vista<br \/>Munic\u00edpio: Angatuba<\/p>\n<p><strong>16 de maio (quinta-feira)<\/strong><br \/>DER na Escola: Escola Municipal Prof\u00aa Herminia Ara\u00fajo<br \/>Munic\u00edpio: Angatuba<\/p>\n<p><strong>22 e 23 de maio (quarta e quinta-feira)<\/strong><br \/>DER na Escola: Escola Estadual Conjunto Habitacional Dona dos Anjos Mac\u00eado<br \/>Munic\u00edpio: Agua\u00ed<\/p>\n<p><strong>24 de maio (sexta-feira)<\/strong><br \/>DER na Escola: Escola Estadual Jos\u00e9 Theodoro<br \/>Munic\u00edpio: Agua\u00ed<\/p>\n<p><strong>Acompanhe na rede<\/strong><br \/>A campanha tamb\u00e9m ser\u00e1 veiculada nos Pain\u00e9is de Mensagens Vari\u00e1veis instalados ao longo das rodovias administradas pelo DER assim como em outros sites e redes sociais do Governo de S\u00e3o Paulo, al\u00e9m das p\u00e1ginas da SEMIL e do DER.<\/p>\n<p>Siga o canal \u201cGoverno de S\u00e3o Paulo\u201d no WhatsApp:<br \/><a href=\"https:\/\/bit.ly\/govspnozap\" target=\"_blank\" rel=\"noopener noreferrer\">https:\/\/bit.ly\/govspnozap<\/a><\/p>\n<\/p><\/div>\n<p><br \/>\n<br \/><a href=\"https:\/\/www.saopaulo.sp.gov.br\/spnoticias\/ultimas-noticias\/maio-amarelo-sp-reforca-acoes-da-campanha-de-seguranca-no-transito\/\" rel=\"noopener\">Informa\u00e7\u00f5es GOV.SP<\/a><\/p>\n","protected":false},"excerpt":{"rendered":"<p>&#13; &#13; &#13; &#13; &#13; Programa\u00e7\u00e3o do Maio Amarelo inclui escape room did\u00e1tico, palestras sobre seguran\u00e7a no tr\u00e2nsito e \u00f3culos simuladores de embriaguez &#13; &#13; &#13; &#13; Est\u00e3o previstas a\u00e7\u00f5es em parques, escolas, shoppings e empresas O Departamento de Estradas de Rodagem (DER), \u00f3rg\u00e3o vinculado \u00e0 Secretaria de Meio Ambiente, Infraestrutura e Log\u00edstica (Semil), lan\u00e7a [&hellip;]<\/p>\n","protected":false},"author":1,"featured_media":3870,"comment_status":"open","ping_status":"open","sticky":false,"template":"","format":"standard","meta":{"_jetpack_newsletter_access":"","_jetpack_dont_email_post_to_subs":false,"_jetpack_newsletter_tier_id":0,"_jetpack_memberships_contains_paywalled_content":false,"_mbp_banners":[],"_jetpack_feature_clip_id":0,"_jetpack_memberships_contains_paid_content":false,"footnotes":"","jetpack_publicize_message":"","jetpack_publicize_feature_enabled":true,"jetpack_social_post_already_shared":true,"jetpack_social_options":{"image_generator_settings":{"template":"highway","default_image_id":0,"font":"","enabled":false},"version":2},"jetpack_post_was_ever_published":false},"categories":[21],"tags":[],"class_list":["post-3869","post","type-post","status-publish","format-standard","has-post-thumbnail","category-sp-news"],"jetpack_publicize_connections":[],"jetpack-related-posts":[],"jetpack_shortlink":"https:\/\/wp.me\/p7Eq1F-10p","jetpack_sharing_enabled":true,"jetpack_featured_media_url":"https:\/\/i0.wp.com\/guialimeira.com.br\/news\/wp-content\/uploads\/2024\/05\/Governo-reforca-acoes-da-campanha-de-seguranca-no-transito.jpeg?fit=300%2C169&ssl=1","_links":{"self":[{"href":"https:\/\/guialimeira.com.br\/news\/wp-json\/wp\/v2\/posts\/3869","targetHints":{"allow":["GET"]}}],"collection":[{"href":"https:\/\/guialimeira.com.br\/news\/wp-json\/wp\/v2\/posts"}],"about":[{"href":"https:\/\/guialimeira.com.br\/news\/wp-json\/wp\/v2\/types\/post"}],"author":[{"embeddable":true,"href":"https:\/\/guialimeira.com.br\/news\/wp-json\/wp\/v2\/users\/1"}],"replies":[{"embeddable":true,"href":"https:\/\/guialimeira.com.br\/news\/wp-json\/wp\/v2\/comments?post=3869"}],"version-history":[{"count":0,"href":"https:\/\/guialimeira.com.br\/news\/wp-json\/wp\/v2\/posts\/3869\/revisions"}],"wp:featuredmedia":[{"embeddable":true,"href":"https:\/\/guialimeira.com.br\/news\/wp-json\/wp\/v2\/media\/3870"}],"wp:attachment":[{"href":"https:\/\/guialimeira.com.br\/news\/wp-json\/wp\/v2\/media?parent=3869"}],"wp:term":[{"taxonomy":"category","embeddable":true,"href":"https:\/\/guialimeira.com.br\/news\/wp-json\/wp\/v2\/categories?post=3869"},{"taxonomy":"post_tag","embeddable":true,"href":"https:\/\/guialimeira.com.br\/news\/wp-json\/wp\/v2\/tags?post=3869"}],"curies":[{"name":"wp","href":"https:\/\/api.w.org\/{rel}","templated":true}]}}