{"id":3862,"date":"2024-05-06T09:37:48","date_gmt":"2024-05-06T12:37:48","guid":{"rendered":"https:\/\/guialimeira.com.br\/2024\/05\/06\/cursos-das-etecs-e-fatecs-promovem-qualificacao-e-empregabilidade\/"},"modified":"2024-05-06T09:37:48","modified_gmt":"2024-05-06T12:37:48","slug":"cursos-das-etecs-e-fatecs-promovem-qualificacao-e-empregabilidade","status":"publish","type":"post","link":"https:\/\/guialimeira.com.br\/news\/cursos-das-etecs-e-fatecs-promovem-qualificacao-e-empregabilidade\/","title":{"rendered":"Cursos das Etecs e Fatecs promovem qualifica\u00e7\u00e3o e empregabilidade"},"content":{"rendered":"<p> <br \/>\n<\/p>\n<div id=\"\">&#13;<\/p>\n<figure id=\"attachment_5875815\" style=\"width: 100%;max-width: 1600px\" class=\"wp-caption alignnone\"><img data-recalc-dims=\"1\" decoding=\"async\" loading=\"lazy\" class=\"size-full wp-image-5875815\" src=\"https:\/\/i0.wp.com\/www.saopaulo.sp.gov.br\/wp-content\/uploads\/2024\/05\/WhatsApp-Image-2024-05-02-at-12.33.18.jpeg?resize=696%2C464&#038;ssl=1\" alt=\"\" width=\"696\" height=\"464\" srcset=\"https:\/\/www.saopaulo.sp.gov.br\/wp-content\/uploads\/2024\/05\/WhatsApp-Image-2024-05-02-at-12.33.18.jpeg 1600w, https:\/\/www.saopaulo.sp.gov.br\/wp-content\/uploads\/2024\/05\/WhatsApp-Image-2024-05-02-at-12.33.18-300x200.jpeg 300w, https:\/\/www.saopaulo.sp.gov.br\/wp-content\/uploads\/2024\/05\/WhatsApp-Image-2024-05-02-at-12.33.18-1024x682.jpeg 1024w, https:\/\/www.saopaulo.sp.gov.br\/wp-content\/uploads\/2024\/05\/WhatsApp-Image-2024-05-02-at-12.33.18-768x512.jpeg 768w, https:\/\/www.saopaulo.sp.gov.br\/wp-content\/uploads\/2024\/05\/WhatsApp-Image-2024-05-02-at-12.33.18-1536x1023.jpeg 1536w\" sizes=\"auto, (max-width: 1600px) 100vw, 1600px\"\/><figcaption class=\"wp-caption-text\">Forma\u00e7\u00f5es ligadas ao setor de tecnologia est\u00e3o entre as mais procuradas pelos candidatos das Etecs e Fatecs<\/figcaption><\/figure>\n<p>Uma qualifica\u00e7\u00e3o profissional atualizada pode ser fator decisivo na hora de conquistar uma vaga no mercado de trabalho. Apesar de parecer \u00f3bvia, essa informa\u00e7\u00e3o se faz necess\u00e1ria para a popula\u00e7\u00e3o de um pa\u00eds em que 8,6 milh\u00f5es pessoas n\u00e3o t\u00eam uma ocupa\u00e7\u00e3o, segundo dados da Pesquisa Nacional por Amostra de Domic\u00edlios (Pnad), do Instituto Brasileiro de Geografia e Estat\u00edstica (IBGE).<\/p>\n<p>Al\u00e9m disso, uma forma\u00e7\u00e3o profissional gera empregabilidade, rentabilidade e contribui para o desenvolvimento socioecon\u00f4mico, segundo\u00a0pesquisa do Ita\u00fa Educa\u00e7\u00e3o e Trabalho, divulgada em julho de 2023. Refer\u00eancia no Ensino T\u00e9cnico e Tecnol\u00f3gico no territ\u00f3rio nacional, o Centro Paula Souza (CPS) disponibiliza cursos alinhados \u00e0s demandas do setor produtivo, com curr\u00edculos constantemente atualizados, oferecendo educa\u00e7\u00e3o p\u00fablica gratuita em conson\u00e2ncia com as tend\u00eancias do mercado de trabalho<\/p>\n<p>A\u00a0<a href=\"https:\/\/www.cps.sp.gov.br\/cursos-de-etecs-e-fatecs-obtem-alto-indice-de-aprovacao-entre-os-egressos\/\" target=\"_blank\" rel=\"noreferrer noopener\">Pesquisa de Avalia\u00e7\u00e3o Institucional \u2013 Web Sai 2023<\/a>, com egressos de 2020 das Escolas T\u00e9cnicas (Etecs) e Faculdades de Tecnologia (Fatecs), apontou que antes de come\u00e7ar um curso t\u00e9cnico, 55% dos entrevistados n\u00e3o trabalhavam. Depois de finalizar a habilita\u00e7\u00e3o, 77% declararam estar no mercado de trabalho. Entre os formados pelas Fatecs, 91% informaram estar ativos no mercado de trabalho. Os rendimentos mensais de 46% dos entrevistados est\u00e3o na faixa de 2 e 5 sal\u00e1rios m\u00ednimos.<\/p>\n<p><strong>Tend\u00eancia<\/strong><\/p>\n<p>Forma\u00e7\u00f5es que estimulam e preparam os estudantes para profiss\u00f5es ligadas ao desenvolvimento de softwares, automa\u00e7\u00e3o, an\u00e1lise de dados, ciberseguran\u00e7a, big data e uso da intelig\u00eancia artificial estiveram entre as mais buscadas pelos candidatos dos processos seletivos das Etecs e Fatecs do estado no primeiro semestre de 2024. Na mesma linha segue a demanda por qualifica\u00e7\u00e3o nas \u00e1reas de alimentos, sa\u00fade e energias renov\u00e1veis.<\/p>\n<p>Estudo do Google afirma que o Brasil ter\u00e1 um d\u00e9ficit de 530 mil profissionais de tecnologia at\u00e9 2025. O mesmo levantamento tamb\u00e9m mostra que 92% das startups participantes da pesquisa acreditam que a falta de profissionais gera um impacto negativo na inova\u00e7\u00e3o de seus neg\u00f3cios, podendo at\u00e9 prejudicar a sobreviv\u00eancia das empresas.<\/p>\n<p>Segundo o coordenador de projetos do eixo tecnol\u00f3gico de Informa\u00e7\u00e3o e Comunica\u00e7\u00e3o das Etecs, Luis Eduardo Fernandes Gonzalez, a busca por qualifica\u00e7\u00e3o acompanha o crescimento na cria\u00e7\u00e3o e implementa\u00e7\u00e3o de tecnologias digitais para o setor produtivo. Por isso, o CPS investe em ferramentas e estrat\u00e9gias que atendem essas transforma\u00e7\u00f5es. \u201cO desenvolvimento de pesquisas para inclus\u00e3o de conte\u00fados, pr\u00e1ticas, habilidades, compet\u00eancias e m\u00e9todos pedag\u00f3gicos proporcionam a inclus\u00e3o de novas tecnologias aos curr\u00edculos, com atualiza\u00e7\u00e3o dos cursos ofertados e forma\u00e7\u00e3o de profissionais que atendam essa demanda\u201d, ressalta.<\/p>\n<p>Somado ao cuidado na elabora\u00e7\u00e3o dos curr\u00edculos aplicados em sala de aula, a\u00a0diretora do Centro de Capacita\u00e7\u00e3o T\u00e9cnica e Pedag\u00f3gica do CPS, Lucilia Guerra, comenta que a institui\u00e7\u00e3o instigaos os estudantes a observar as tend\u00eancias do mercado e os ciclos de produ\u00e7\u00e3o na carreira. \u201cHoje nosso maior desafio \u00e9 a constru\u00e7\u00e3o de pessoas que abracem as profiss\u00f5es. N\u00e3o s\u00f3 formar tecnicamente ou profissionalmente, mas tamb\u00e9m fomentar que os futuros profissionais tenham interlocu\u00e7\u00e3o cr\u00edtica, criativa\u00a0e\u00a0propositiva\u201d, afirma.<\/p>\n<p><strong>Sucesso profissional<\/strong><\/p>\n<p>Aos 25 anos, Gabryelle Fontes \u00e9 um exemplo de como formar profissionais qualificados pode ser sin\u00f4nimo de uma carreira promissora. Em 2015, ela concluiu o Ensino M\u00e9dio Integrado ao T\u00e9cnico em Administra\u00e7\u00e3o, na Etec Presidente Vargas, de Mogi das Cruzes, em seguida se formou no Ensino Superior em Log\u00edstica, na Fatec Mogi das Cruzes. \u201cMinhas escolhas serviram muito para o amadurecimento em rela\u00e7\u00e3o aos estudos e entrada no mercado de trabalho. N\u00e3o tenho d\u00favidas de que me ajudou, inclusive, a conseguir meu primeiro emprego\u201d, conta.<\/p>\n<p>O sucesso profissional segue, formada e com boa bagagem no mercado, agora a jovem celebra o ingresso em uma nova coloca\u00e7\u00e3o em uma empresa global dos mercado de tecnologia. \u201cSinto que escolhi uma carreira que me permite estar em constante desenvolvimento, aprendendo muito por onde passo. Estou empolgada com os novos desafios e oportunidades que ainda est\u00e3o por vir!\u201d<\/p>\n<p><strong>Processos seletivos<\/strong><\/p>\n<p>As inscri\u00e7\u00f5es para o\u00a0Vestibulinho das Etecs\u00a0para o segundo semestre podem ser feitas at\u00e9 dia 9 de maio, exclusivamente pela\u00a0<a href=\"https:\/\/www.vestibulinhoetec.com.br\/home\/\" target=\"_blank\" rel=\"noreferrer noopener\">internet<\/a>. No \u00faltimo dia, o prazo encerra-se \u00e0s 15h. A prova ser\u00e1 aplicada no dia 9 de junho, \u00e0s 13h30. As Etecs disponibilizam 41.790 vagas para cursos t\u00e9cnicos, especializa\u00e7\u00f5es t\u00e9cnicas e vagas remanescentes de segundo m\u00f3dulo, distribu\u00eddas entre as unidades de todo o Estado.<\/p>\n<p>J\u00e1 o\u00a0Vestibular das Fatecs para o segundo semestre de 2024 est\u00e1 com inscri\u00e7\u00f5es abertas at\u00e9 dia 7 de junho, \u00e0s 15h, exclusivamente, pelo site <a href=\"https:\/\/www.vestibularfatec.com.br\/home\/\" target=\"_blank\" rel=\"noreferrer noopener\">vestibularfatec.com.br<\/a>. S\u00e3o oferecidas 14.406 vagas no processo seletivo. Outras 5.109 vagas est\u00e3o reservadas para os candidatos do\u00a0<a href=\"https:\/\/www.cps.sp.gov.br\/estudantes-do-provao-paulista-podem-escolher-cursos-para-o-segundo-semestre\/\" target=\"_blank\" rel=\"noreferrer noopener\">Prov\u00e3o Paulista<\/a>. No total, s\u00e3o 19.515 vagas para a forma\u00e7\u00e3o profissional gratuita de\u00a0n\u00edvel superior.<\/p>\n<p>Siga o canal \u201cGoverno de S\u00e3o Paulo\u201d no WhatsApp:<br \/><a href=\"https:\/\/bit.ly\/govspnozap\" target=\"_blank\" rel=\"noopener noreferrer\">https:\/\/bit.ly\/govspnozap<\/a><\/p>\n<\/p><\/div>\n<p><br \/>\n<br \/><a href=\"https:\/\/www.saopaulo.sp.gov.br\/spnoticias\/ultimas-noticias\/cursos-das-etecs-e-fatecs-promovem-qualificacao-e-empregabilidade\/\" rel=\"noopener\">Informa\u00e7\u00f5es GOV.SP<\/a><\/p>\n","protected":false},"excerpt":{"rendered":"<p>&#13; Forma\u00e7\u00f5es ligadas ao setor de tecnologia est\u00e3o entre as mais procuradas pelos candidatos das Etecs e Fatecs Uma qualifica\u00e7\u00e3o profissional atualizada pode ser fator decisivo na hora de conquistar uma vaga no mercado de trabalho. Apesar de parecer \u00f3bvia, essa informa\u00e7\u00e3o se faz necess\u00e1ria para a popula\u00e7\u00e3o de um pa\u00eds em que 8,6 milh\u00f5es [&hellip;]<\/p>\n","protected":false},"author":1,"featured_media":3863,"comment_status":"open","ping_status":"open","sticky":false,"template":"","format":"standard","meta":{"_jetpack_newsletter_access":"","_jetpack_dont_email_post_to_subs":false,"_jetpack_newsletter_tier_id":0,"_jetpack_memberships_contains_paywalled_content":false,"_mbp_banners":[],"_jetpack_feature_clip_id":0,"_jetpack_memberships_contains_paid_content":false,"footnotes":"","jetpack_publicize_message":"","jetpack_publicize_feature_enabled":true,"jetpack_social_post_already_shared":true,"jetpack_social_options":{"image_generator_settings":{"template":"highway","default_image_id":0,"font":"","enabled":false},"version":2},"jetpack_post_was_ever_published":false},"categories":[21],"tags":[],"class_list":["post-3862","post","type-post","status-publish","format-standard","has-post-thumbnail","category-sp-news"],"jetpack_publicize_connections":[],"jetpack-related-posts":[],"jetpack_shortlink":"https:\/\/wp.me\/p7Eq1F-10i","jetpack_sharing_enabled":true,"jetpack_featured_media_url":"https:\/\/i0.wp.com\/guialimeira.com.br\/news\/wp-content\/uploads\/2024\/05\/Cursos-das-Etecs-e-Fatecs-promovem-qualificacao-e-empregabilidade.jpeg?fit=1600%2C1066&ssl=1","_links":{"self":[{"href":"https:\/\/guialimeira.com.br\/news\/wp-json\/wp\/v2\/posts\/3862","targetHints":{"allow":["GET"]}}],"collection":[{"href":"https:\/\/guialimeira.com.br\/news\/wp-json\/wp\/v2\/posts"}],"about":[{"href":"https:\/\/guialimeira.com.br\/news\/wp-json\/wp\/v2\/types\/post"}],"author":[{"embeddable":true,"href":"https:\/\/guialimeira.com.br\/news\/wp-json\/wp\/v2\/users\/1"}],"replies":[{"embeddable":true,"href":"https:\/\/guialimeira.com.br\/news\/wp-json\/wp\/v2\/comments?post=3862"}],"version-history":[{"count":0,"href":"https:\/\/guialimeira.com.br\/news\/wp-json\/wp\/v2\/posts\/3862\/revisions"}],"wp:featuredmedia":[{"embeddable":true,"href":"https:\/\/guialimeira.com.br\/news\/wp-json\/wp\/v2\/media\/3863"}],"wp:attachment":[{"href":"https:\/\/guialimeira.com.br\/news\/wp-json\/wp\/v2\/media?parent=3862"}],"wp:term":[{"taxonomy":"category","embeddable":true,"href":"https:\/\/guialimeira.com.br\/news\/wp-json\/wp\/v2\/categories?post=3862"},{"taxonomy":"post_tag","embeddable":true,"href":"https:\/\/guialimeira.com.br\/news\/wp-json\/wp\/v2\/tags?post=3862"}],"curies":[{"name":"wp","href":"https:\/\/api.w.org\/{rel}","templated":true}]}}