{"id":38564,"date":"2025-07-11T19:44:38","date_gmt":"2025-07-11T22:44:38","guid":{"rendered":"https:\/\/guialimeira.com.br\/2025\/07\/11\/atletas-de-piracicaba-acompanham-partida-do-paulista-de-futsal-portal-do-municipio-de-piracicaba\/"},"modified":"2025-07-11T19:44:38","modified_gmt":"2025-07-11T22:44:38","slug":"atletas-de-piracicaba-acompanham-partida-do-paulista-de-futsal-portal-do-municipio-de-piracicaba","status":"publish","type":"post","link":"https:\/\/guialimeira.com.br\/news\/atletas-de-piracicaba-acompanham-partida-do-paulista-de-futsal-portal-do-municipio-de-piracicaba\/","title":{"rendered":"Atletas de Piracicaba acompanham partida do Paulista de Futsal \u2013 Portal do Munic\u00edpio de Piracicaba"},"content":{"rendered":"<p> <br \/>\n<\/p>\n<div>\n<figure class=\"wp-block-image size-large\"><img data-recalc-dims=\"1\" data-lazyloaded=\"1\" data-placeholder-resp=\"1024x768\" fetchpriority=\"high\" decoding=\"async\" width=\"696\" height=\"522\" src=\"https:\/\/i0.wp.com\/piracicaba.sp.gov.br\/wp-content\/uploads\/2025\/07\/A-visita-foi-considerada-pelo-treinador-como-um-marco-para-os-alunos-1024x768.jpg?resize=696%2C522&#038;ssl=1\" alt=\"A imagem mostra um grupo de jovens, aparentemente adolescentes, reunidos em frente a um pr\u00e9dio \u00e0 noite. Eles est\u00e3o em p\u00e9, lado a lado, em v\u00e1rias fileiras, sorrindo para a c\u00e2mera. A maioria deles veste roupas casuais, com alguns usando jaquetas e casacos. H\u00e1 uma mistura de meninos e meninas no grupo. Ao fundo, um pr\u00e9dio com grandes janelas de vidro \u00e9 vis\u00edvel, com uma placa que diz &quot;Poder Sabor&quot;. O ambiente \u00e9 externo, em uma \u00e1rea pavimentada, com uma pequena cerca branca atr\u00e1s do grupo. A ilumina\u00e7\u00e3o \u00e9 baixa, sugerindo que a foto foi tirada \u00e0 noite. Uma garrafa de \u00e1gua pl\u00e1stica est\u00e1 no ch\u00e3o, na frente do grupo. A atmosfera geral da imagem \u00e9 descontra\u00edda e amig\u00e1vel, sugerindo um encontro informal de um grupo de amigos ou um time esportivo.\" class=\"wp-image-108105\" srcset=\"https:\/\/piracicaba.sp.gov.br\/wp-content\/uploads\/2025\/07\/A-visita-foi-considerada-pelo-treinador-como-um-marco-para-os-alunos-1024x768.jpg 1024w, https:\/\/piracicaba.sp.gov.br\/wp-content\/uploads\/2025\/07\/A-visita-foi-considerada-pelo-treinador-como-um-marco-para-os-alunos-300x225.jpg 300w, https:\/\/piracicaba.sp.gov.br\/wp-content\/uploads\/2025\/07\/A-visita-foi-considerada-pelo-treinador-como-um-marco-para-os-alunos-768x576.jpg 768w, https:\/\/piracicaba.sp.gov.br\/wp-content\/uploads\/2025\/07\/A-visita-foi-considerada-pelo-treinador-como-um-marco-para-os-alunos-1536x1152.jpg 1536w, https:\/\/piracicaba.sp.gov.br\/wp-content\/uploads\/2025\/07\/A-visita-foi-considerada-pelo-treinador-como-um-marco-para-os-alunos.jpg 1600w\" data-sizes=\"(max-width: 1024px) 100vw, 1024px\"\/><figcaption class=\"wp-element-caption\"><strong><em><sub>A visita foi considerada pelo treinador como \u201cum marco para os alunos\u201d<\/sub><\/em><\/strong><\/figcaption><\/figure>\n<p>As equipes de futsal sub-12 e 14 (masculino) e sub-16 (feminino), de Piracicaba, coordenadas pela Secretaria Municipal de Esportes, Lazer e Atividades Motoras, tiveram uma experi\u00eancia diferente na ter\u00e7a-feira, 08\/07. Na ocasi\u00e3o, os atletas foram at\u00e9 S\u00e3o Paulo acompanhar uma partida do Campeonato Paulista de Futsal entre Corinthians e Magnus Sorocaba.<\/p>\n<p>De acordo com Gustavo Cerqueira, professor da Secretaria de Esportes e treinador das equipes sub-12 e 14, a a\u00e7\u00e3o teve como objetivo \u201ccriar mem\u00f3rias aos atletas e mostrar que o lazer tamb\u00e9m pode ser uma forma de educa\u00e7\u00e3o e cidadania\u201d. \u201cAl\u00e9m disso, a visita buscou aproximar a modalidade no seu mais alto n\u00edvel, proporcionar a possibilidade de elevar o conhecimento e interesse sobre a modalidade\u201d, destacou Cerqueira.<\/p>\n<p>A visita foi considerada pelo treinador como \u201cum marco para os alunos\u201d, j\u00e1 que eles puderam conhecer a estrutura do futsal do Corinthians, uma das refer\u00eancias no Brasil, e acompanhar uma partida de alto n\u00edvel t\u00e9cnico. \u201cJogadores da mais alta classe do futsal nacional estiveram em quadra, como Rodrigo \u2018Capita\u2019, Andr\u00e9 Keko, Kau\u00ea, Lucas Gomes, Dieguinho, treinador Ricardinho, assim como Deives, Lucas Oliveira, Maicon, Lucas Martins, Renatinho, Igor Carioca, Gugu e Rick. S\u00e3o jogadores que j\u00e1 vestiram e outros que ainda vestem a camisa da Sele\u00e7\u00e3o Brasileira, e alguns deles que foram campe\u00f5es com o Brasil na \u00faltima Copa do Mundo\u201d.<\/p>\n<p>Para fechar a visita, os atletas tamb\u00e9m conheceram Vander Iacovino, coordenador t\u00e9cnico do Corinthians e bicampe\u00e3o mundial com o Brasil em 1992 e 1996; Alem\u00e3o, jogador brasileiro campe\u00e3o europeu com a sele\u00e7\u00e3o da Espanha, e Floglia, outro jogador brasileiro que se naturalizou italiano e foi eleito o melhor jogador do mundo em 2003.<\/p>\n<figure class=\"wp-block-image size-large\"><img data-recalc-dims=\"1\" loading=\"lazy\" data-lazyloaded=\"1\" data-placeholder-resp=\"871x1024\" decoding=\"async\" width=\"696\" height=\"818\" src=\"https:\/\/i0.wp.com\/piracicaba.sp.gov.br\/wp-content\/uploads\/2025\/07\/Atletas-do-futsal-de-Piracicaba-com-Vander-Iacovino-segundo-a-esquerda-871x1024.jpg?resize=696%2C818&#038;ssl=1\" alt=\"A imagem mostra um grupo de jovens, aparentemente crian\u00e7as e adolescentes, reunidos em uma escadaria em frente a um gin\u00e1sio poliesportivo. Eles est\u00e3o sorrindo e alguns fazem poses para a foto. Um homem de meia-idade, possivelmente um treinador ou professor, est\u00e1 no centro da foto, com o bra\u00e7o ao redor de alguns dos jovens. O local parece ser um est\u00e1dio ou arena esportiva, com arquibancadas vis\u00edveis ao fundo. As arquibancadas est\u00e3o quase vazias. A atmosfera parece descontra\u00edda e amig\u00e1vel, sugerindo um encontro informal ou uma atividade esportiva. Os jovens est\u00e3o vestidos com roupas esportivas casuais, e o homem mais velho est\u00e1 vestindo um casaco de moletom com um logo que pode indicar uma equipe ou organiza\u00e7\u00e3o. A ilumina\u00e7\u00e3o da foto sugere que foi tirada \u00e0 noite ou em um ambiente com pouca luz natural.\" class=\"wp-image-108104\" srcset=\"https:\/\/piracicaba.sp.gov.br\/wp-content\/uploads\/2025\/07\/Atletas-do-futsal-de-Piracicaba-com-Vander-Iacovino-segundo-a-esquerda-871x1024.jpg 871w, https:\/\/piracicaba.sp.gov.br\/wp-content\/uploads\/2025\/07\/Atletas-do-futsal-de-Piracicaba-com-Vander-Iacovino-segundo-a-esquerda-255x300.jpg 255w, https:\/\/piracicaba.sp.gov.br\/wp-content\/uploads\/2025\/07\/Atletas-do-futsal-de-Piracicaba-com-Vander-Iacovino-segundo-a-esquerda-768x903.jpg 768w, https:\/\/piracicaba.sp.gov.br\/wp-content\/uploads\/2025\/07\/Atletas-do-futsal-de-Piracicaba-com-Vander-Iacovino-segundo-a-esquerda.jpg 1159w\" data-sizes=\"(max-width: 871px) 100vw, 871px\"\/><figcaption class=\"wp-element-caption\"><strong><em><sub>Atletas do futsal de Piracicaba com Vander Iacovino (segundo \u00e0 esquerda)<\/sub><\/em><\/strong><\/figcaption><\/figure>\n<p>\u201cA experi\u00eancia foi fant\u00e1stica. Agradecemos a oportunidade dada pela Secretaria de Esportes\u201d, ressaltou o atleta Pedro da Paz, da equipe sub-12.<\/p>\n<p>\u201cAgradecemos a Prefeitura pela oportunidade e aos jogadores das duas equipes que foram sol\u00edcitos com nossos atletas. N\u00e3o mediram esfor\u00e7os para tirar foto e dar aut\u00f3grafos, atendendo todos os pedidos. Que venham novas experi\u00eancias futuras\u201d, disse Cerqueira. O professor Rodrigo Dias tamb\u00e9m acompanhou os atletas.<\/p>\n<p>\u00a0O Tim\u00e3o venceu o cl\u00e1ssico contra o Sorocaba por 3 a 1, de virada, e manteve os 100% de aproveitamento e a lideran\u00e7a da competi\u00e7\u00e3o.<\/p>\n<\/div>\n<p><br \/>\n<br \/><a href=\"https:\/\/piracicaba.sp.gov.br\/noticias\/atletas-de-piracicaba-acompanham-partida-do-paulista-de-futsal\/\" rel=\"noopener\">Informa\u00e7\u00f5es PMP <\/a><\/p>\n","protected":false},"excerpt":{"rendered":"<p>A visita foi considerada pelo treinador como \u201cum marco para os alunos\u201d As equipes de futsal sub-12 e 14 (masculino) e sub-16 (feminino), de Piracicaba, coordenadas pela Secretaria Municipal de Esportes, Lazer e Atividades Motoras, tiveram uma experi\u00eancia diferente na ter\u00e7a-feira, 08\/07. Na ocasi\u00e3o, os atletas foram at\u00e9 S\u00e3o Paulo acompanhar uma partida do Campeonato [&hellip;]<\/p>\n","protected":false},"author":1,"featured_media":38565,"comment_status":"open","ping_status":"open","sticky":false,"template":"","format":"standard","meta":{"_jetpack_newsletter_access":"","_jetpack_dont_email_post_to_subs":false,"_jetpack_newsletter_tier_id":0,"_jetpack_memberships_contains_paywalled_content":false,"_mbp_banners":[],"_jetpack_feature_clip_id":0,"_jetpack_memberships_contains_paid_content":false,"footnotes":"","jetpack_publicize_message":"","jetpack_publicize_feature_enabled":true,"jetpack_social_post_already_shared":true,"jetpack_social_options":{"image_generator_settings":{"template":"highway","default_image_id":0,"font":"","enabled":false},"version":2},"jetpack_post_was_ever_published":false},"categories":[20],"tags":[],"class_list":["post-38564","post","type-post","status-publish","format-standard","has-post-thumbnail","category-regiao"],"jetpack_publicize_connections":[],"jetpack-related-posts":[],"jetpack_shortlink":"https:\/\/wp.me\/p7Eq1F-a20","jetpack_sharing_enabled":true,"jetpack_featured_media_url":"https:\/\/i0.wp.com\/guialimeira.com.br\/news\/wp-content\/uploads\/2025\/07\/A-visita-foi-considerada-pelo-treinador-como-um-marco-para-os-alunos-1024x768.jpg?fit=1024%2C768&ssl=1","_links":{"self":[{"href":"https:\/\/guialimeira.com.br\/news\/wp-json\/wp\/v2\/posts\/38564","targetHints":{"allow":["GET"]}}],"collection":[{"href":"https:\/\/guialimeira.com.br\/news\/wp-json\/wp\/v2\/posts"}],"about":[{"href":"https:\/\/guialimeira.com.br\/news\/wp-json\/wp\/v2\/types\/post"}],"author":[{"embeddable":true,"href":"https:\/\/guialimeira.com.br\/news\/wp-json\/wp\/v2\/users\/1"}],"replies":[{"embeddable":true,"href":"https:\/\/guialimeira.com.br\/news\/wp-json\/wp\/v2\/comments?post=38564"}],"version-history":[{"count":0,"href":"https:\/\/guialimeira.com.br\/news\/wp-json\/wp\/v2\/posts\/38564\/revisions"}],"wp:featuredmedia":[{"embeddable":true,"href":"https:\/\/guialimeira.com.br\/news\/wp-json\/wp\/v2\/media\/38565"}],"wp:attachment":[{"href":"https:\/\/guialimeira.com.br\/news\/wp-json\/wp\/v2\/media?parent=38564"}],"wp:term":[{"taxonomy":"category","embeddable":true,"href":"https:\/\/guialimeira.com.br\/news\/wp-json\/wp\/v2\/categories?post=38564"},{"taxonomy":"post_tag","embeddable":true,"href":"https:\/\/guialimeira.com.br\/news\/wp-json\/wp\/v2\/tags?post=38564"}],"curies":[{"name":"wp","href":"https:\/\/api.w.org\/{rel}","templated":true}]}}