{"id":38559,"date":"2025-07-11T18:52:45","date_gmt":"2025-07-11T21:52:45","guid":{"rendered":"https:\/\/guialimeira.com.br\/?p=38559"},"modified":"2025-07-11T18:52:45","modified_gmt":"2025-07-11T21:52:45","slug":"everton-ferreira-questiona-paralisacao-de-obras-na-regiao-do-nobreville","status":"publish","type":"post","link":"https:\/\/guialimeira.com.br\/news\/everton-ferreira-questiona-paralisacao-de-obras-na-regiao-do-nobreville\/","title":{"rendered":"Everton Ferreira questiona paralisa\u00e7\u00e3o de obras na regi\u00e3o do Nobreville"},"content":{"rendered":"\n<figure class=\"wp-block-gallery has-nested-images columns-default is-cropped wp-block-gallery-1 is-layout-flex wp-block-gallery-is-layout-flex\"><\/figure>\n \r\n<br><img data-recalc-dims=\"1\" decoding=\"async\" src=\"https:\/\/i0.wp.com\/guialimeira.com.br\/wp-content\/uploads\/2025\/07\/Everton-Ferreira-questiona-paralisacao-de-obras-na-regiao-do-Nobreville.jpg?w=696&#038;ssl=1\" \/><br><div>\n\t\t\t\t\t<p>O vereador Everton Ferreira (PSD) esteve recentemente na regi\u00e3o do bairro Residencial Nobreville para fiscalizar as obras iniciadas em frente ao bairro e ouvir as demandas dos moradores. Ap\u00f3s constatar a paralisa\u00e7\u00e3o das interven\u00e7\u00f5es no local, Everton protocolou, nesta sexta-feira, 11 de julho, o <a href=\"https:\/\/consulta.limeira.sp.leg.br\/Documentos\/Documento\/386094\" rel=\"noopener\">Requerimento N\u00ba 448\/2025<\/a>, solicitando \u00e0 Prefeitura informa\u00e7\u00f5es sobre os motivos da interrup\u00e7\u00e3o e se h\u00e1 previs\u00e3o para retomada e conclus\u00e3o das obras naquela \u00e1rea.<\/p><p>O parlamentar informou que vem sendo frequentemente procurado por moradores do Nobreville e adjac\u00eancias. Ele refor\u00e7ou que esta n\u00e3o \u00e9 a primeira vez que questiona o andamento de a\u00e7\u00f5es p\u00fablicas para a regi\u00e3o. Em anos anteriores, j\u00e1 apresentou outros requerimentos com questionamentos semelhantes (<a href=\"https:\/\/consulta.limeira.sp.leg.br\/Documentos\/Documento\/314539\" rel=\"noopener\">N\u00ba 314\/2023<\/a> e <a href=\"https:\/\/consulta.limeira.sp.leg.br\/Documentos\/Documento\/314510\" rel=\"noopener\">N\u00ba 311\/2023<\/a>), pedindo esclarecimentos sobre os projetos para o trecho final da avenida Lauro Corr\u00eaa da Silva at\u00e9 o Residencial Nobreville, incluindo n\u00famero dos processos e andamento das obras.<\/p><p>Em 2021, Everton tamb\u00e9m protocolou o <a href=\"https:\/\/consulta.limeira.sp.leg.br\/Documentos\/Documento\/267111\" rel=\"noopener\">Requerimento N\u00ba 632\/2021<\/a>, cobrando detalhes sobre a revitaliza\u00e7\u00e3o da avenida Lauro Corr\u00eaa da Silva, questionando se havia projeto para ilumina\u00e7\u00e3o p\u00fablica, acessibilidade, redutores de velocidade, liga\u00e7\u00e3o com outras avenidas, prazos e valores previstos para execu\u00e7\u00e3o.<\/p><p>Al\u00e9m das fiscaliza\u00e7\u00f5es e requerimentos, o vereador apresentou tamb\u00e9m a <a href=\"https:\/\/consulta.limeira.sp.leg.br\/Documentos\/Documento\/339549\" rel=\"noopener\">Indica\u00e7\u00e3o N\u00ba 751\/2024<\/a>, na qual solicita ao Executivo o servi\u00e7o em toda a extens\u00e3o da avenida Dr. Lauro Corr\u00eaa da Silva, no trecho entre o Nobreville e o Palmeira Real, de manuten\u00e7\u00e3o da faixa de ciclismo e caminhada e a limpeza e reparo da ilumina\u00e7\u00e3o da pra\u00e7a do Palmeira Real. A medida atendeu a solicita\u00e7\u00f5es de moradores que relataram dificuldades de acesso, acidentes, sujeira e inseguran\u00e7a no local.<\/p><p>\u201cOuvimos os moradores, que nos procuram com frequ\u00eancia preocupados com as condi\u00e7\u00f5es dessa regi\u00e3o. Nosso papel \u00e9 fiscalizar e cobrar, como j\u00e1 fizemos em outras oportunidades, para que as obras n\u00e3o fiquem paradas e para que o espa\u00e7o p\u00fablico esteja adequado para todos que utilizam na regi\u00e3o do Nobreville\u201d, destacou Everton.<\/p><p><i>Do Gabinete Parlamentar &#8211; Vereador Everton Ferreira (PSD)<\/i><\/p><p><i>*Fotos do Gabinete Parlamentar<\/i><\/p><p><strong>As mat\u00e9rias de origem dos Gabinetes Parlamentares s\u00e3o de inteira\u00a0 responsabilidade dos parlamentares e de suas assessorias. S\u00e3o devidamente assinadas e n\u00e3o refletem, necessariamente, a opini\u00e3o institucional da C\u00e2mara Municipal de Limeira.<\/strong><\/p>\t\t\t\t<\/div>\r\n<br>\r\n<br><a href=\"https:\/\/www.limeira.sp.leg.br\/noticias\/view\/2025-07-11_everton-ferreira-questiona-paralisacao-de-obras-na-regiao-do-nobreville\" rel=\"noopener\">Informa\u00e7\u00f5es CML <\/a>","protected":false},"excerpt":{"rendered":"<p>O vereador Everton Ferreira (PSD) esteve recentemente na regi\u00e3o do bairro Residencial Nobreville para fiscalizar as obras iniciadas em frente ao bairro e ouvir as demandas dos moradores. Ap\u00f3s constatar a paralisa\u00e7\u00e3o das interven\u00e7\u00f5es no local, Everton protocolou, nesta sexta-feira, 11 de julho, o Requerimento N\u00ba 448\/2025, solicitando \u00e0 Prefeitura informa\u00e7\u00f5es sobre os motivos da [&hellip;]<\/p>\n","protected":false},"author":1,"featured_media":38558,"comment_status":"open","ping_status":"open","sticky":false,"template":"","format":"standard","meta":{"_jetpack_newsletter_access":"","_jetpack_dont_email_post_to_subs":false,"_jetpack_newsletter_tier_id":0,"_jetpack_memberships_contains_paywalled_content":false,"_mbp_banners":[],"_jetpack_feature_clip_id":0,"_jetpack_memberships_contains_paid_content":false,"footnotes":"","jetpack_publicize_message":"","jetpack_publicize_feature_enabled":true,"jetpack_social_post_already_shared":true,"jetpack_social_options":{"image_generator_settings":{"template":"highway","default_image_id":0,"font":"","enabled":false},"version":2},"jetpack_post_was_ever_published":false},"categories":[19],"tags":[],"class_list":["post-38559","post","type-post","status-publish","format-standard","has-post-thumbnail","category-politica"],"jetpack_publicize_connections":[],"jetpack-related-posts":[],"jetpack_shortlink":"https:\/\/wp.me\/p7Eq1F-a1V","jetpack_sharing_enabled":true,"jetpack_featured_media_url":"https:\/\/i0.wp.com\/guialimeira.com.br\/news\/wp-content\/uploads\/2025\/07\/Everton-Ferreira-questiona-paralisacao-de-obras-na-regiao-do-Nobreville.jpg?fit=1280%2C640&ssl=1","_links":{"self":[{"href":"https:\/\/guialimeira.com.br\/news\/wp-json\/wp\/v2\/posts\/38559","targetHints":{"allow":["GET"]}}],"collection":[{"href":"https:\/\/guialimeira.com.br\/news\/wp-json\/wp\/v2\/posts"}],"about":[{"href":"https:\/\/guialimeira.com.br\/news\/wp-json\/wp\/v2\/types\/post"}],"author":[{"embeddable":true,"href":"https:\/\/guialimeira.com.br\/news\/wp-json\/wp\/v2\/users\/1"}],"replies":[{"embeddable":true,"href":"https:\/\/guialimeira.com.br\/news\/wp-json\/wp\/v2\/comments?post=38559"}],"version-history":[{"count":1,"href":"https:\/\/guialimeira.com.br\/news\/wp-json\/wp\/v2\/posts\/38559\/revisions"}],"predecessor-version":[{"id":38560,"href":"https:\/\/guialimeira.com.br\/news\/wp-json\/wp\/v2\/posts\/38559\/revisions\/38560"}],"wp:featuredmedia":[{"embeddable":true,"href":"https:\/\/guialimeira.com.br\/news\/wp-json\/wp\/v2\/media\/38558"}],"wp:attachment":[{"href":"https:\/\/guialimeira.com.br\/news\/wp-json\/wp\/v2\/media?parent=38559"}],"wp:term":[{"taxonomy":"category","embeddable":true,"href":"https:\/\/guialimeira.com.br\/news\/wp-json\/wp\/v2\/categories?post=38559"},{"taxonomy":"post_tag","embeddable":true,"href":"https:\/\/guialimeira.com.br\/news\/wp-json\/wp\/v2\/tags?post=38559"}],"curies":[{"name":"wp","href":"https:\/\/api.w.org\/{rel}","templated":true}]}}