{"id":38556,"date":"2025-07-11T18:43:37","date_gmt":"2025-07-11T21:43:37","guid":{"rendered":"https:\/\/guialimeira.com.br\/2025\/07\/11\/museu-prudente-de-moraes-realiza-nova-edicao-do-projeto-ferias-no-museu-portal-do-municipio-de-piracicaba\/"},"modified":"2025-07-11T18:43:37","modified_gmt":"2025-07-11T21:43:37","slug":"museu-prudente-de-moraes-realiza-nova-edicao-do-projeto-ferias-no-museu-portal-do-municipio-de-piracicaba","status":"publish","type":"post","link":"https:\/\/guialimeira.com.br\/news\/museu-prudente-de-moraes-realiza-nova-edicao-do-projeto-ferias-no-museu-portal-do-municipio-de-piracicaba\/","title":{"rendered":"Museu Prudente de Moraes realiza nova edi\u00e7\u00e3o do projeto F\u00e9rias no Museu \u2013 Portal do Munic\u00edpio de Piracicaba"},"content":{"rendered":"<p> <br \/>\n<\/p>\n<div>\n<figure class=\"wp-block-image size-large\"><img data-recalc-dims=\"1\" data-lazyloaded=\"1\" data-placeholder-resp=\"1024x576\" fetchpriority=\"high\" decoding=\"async\" width=\"696\" height=\"392\" src=\"https:\/\/i0.wp.com\/piracicaba.sp.gov.br\/wp-content\/uploads\/2025\/07\/o-projeto-promove-atividades-ludicas-com-foco-em-educacao-patrimonial-cultura-e-criatividade-durante-o-periodo-de-ferias-escolares-1024x576.jpg?resize=696%2C392&#038;ssl=1\" alt=\"A imagem mostra um grupo de crian\u00e7as e adultos sentados em torno de uma mesa de madeira escura, engajados em uma atividade de desenho. H\u00e1 v\u00e1rios l\u00e1pis de cor espalhados pela mesa, sugerindo uma sess\u00e3o de arte vibrante e animada. As pessoas na imagem parecem estar focadas em suas pr\u00f3prias cria\u00e7\u00f5es, com algumas delas usando l\u00e1pis de cor e outras, possivelmente, desenhando ou escrevendo em peda\u00e7os de papel laranja. O ambiente parece ser um espa\u00e7o de aprendizagem informal, como uma sala de aula ou um centro comunit\u00e1rio, dado o car\u00e1ter casual da atividade e a presen\u00e7a de adultos supervisionando as crian\u00e7as. A atmosfera geral \u00e9 calma e concentrada, com cada indiv\u00edduo absorto em sua tarefa. A imagem captura um momento de criatividade e aprendizado colaborativo.\" class=\"wp-image-108111\" srcset=\"https:\/\/piracicaba.sp.gov.br\/wp-content\/uploads\/2025\/07\/o-projeto-promove-atividades-ludicas-com-foco-em-educacao-patrimonial-cultura-e-criatividade-durante-o-periodo-de-ferias-escolares-1024x576.jpg 1024w, https:\/\/piracicaba.sp.gov.br\/wp-content\/uploads\/2025\/07\/o-projeto-promove-atividades-ludicas-com-foco-em-educacao-patrimonial-cultura-e-criatividade-durante-o-periodo-de-ferias-escolares-300x169.jpg 300w, https:\/\/piracicaba.sp.gov.br\/wp-content\/uploads\/2025\/07\/o-projeto-promove-atividades-ludicas-com-foco-em-educacao-patrimonial-cultura-e-criatividade-durante-o-periodo-de-ferias-escolares-768x432.jpg 768w, https:\/\/piracicaba.sp.gov.br\/wp-content\/uploads\/2025\/07\/o-projeto-promove-atividades-ludicas-com-foco-em-educacao-patrimonial-cultura-e-criatividade-durante-o-periodo-de-ferias-escolares-1536x864.jpg 1536w, https:\/\/piracicaba.sp.gov.br\/wp-content\/uploads\/2025\/07\/o-projeto-promove-atividades-ludicas-com-foco-em-educacao-patrimonial-cultura-e-criatividade-durante-o-periodo-de-ferias-escolares.jpg 1600w\" data-sizes=\"(max-width: 1024px) 100vw, 1024px\"\/><figcaption class=\"wp-element-caption\"><strong><em><sub>O projeto promove atividades l\u00fadicas com foco em educa\u00e7\u00e3o patrimonial, cultura e criatividade, durante o per\u00edodo de f\u00e9rias escolares.<\/sub><\/em><\/strong><\/figcaption><\/figure>\n<p>O Museu Hist\u00f3rico e Pedag\u00f3gico Prudente de Moraes realiza nos dias 15, 17, 22 e 24\/07, das 14h \u00e0s 16h,\u00a0mais uma edi\u00e7\u00e3o do projeto F\u00e9rias no Museu. Voltado para crian\u00e7as e adolescentes de 6 a 12 anos, o projeto promove atividades l\u00fadicas com foco em educa\u00e7\u00e3o patrimonial, cultura e criatividade, durante o per\u00edodo de f\u00e9rias escolares.<\/p>\n<p>Realizado h\u00e1 mais de uma d\u00e9cada, o projeto busca integrar conhecimento e divers\u00e3o por meio de conta\u00e7\u00f5es de hist\u00f3rias, jogos autorais, din\u00e2micas de grupo e oficinas pr\u00e1ticas. Toda a programa\u00e7\u00e3o \u00e9 gratuita e realizada nas depend\u00eancias do museu, com acompanhamento de respons\u00e1veis.<\/p>\n<figure class=\"wp-block-image size-large\"><img data-recalc-dims=\"1\" loading=\"lazy\" data-lazyloaded=\"1\" data-placeholder-resp=\"1024x768\" decoding=\"async\" width=\"696\" height=\"522\" src=\"https:\/\/i0.wp.com\/piracicaba.sp.gov.br\/wp-content\/uploads\/2025\/07\/Museu-Historico-e-Pedagogico-Prudente-de-Moraes-realiza-nos-dias-15-17-22-e-2407-mais-uma-edicao-do-projeto-Ferias-1024x768.jpg?resize=696%2C522&#038;ssl=1\" alt=\"A imagem mostra duas crian\u00e7as pintando garrafas de pl\u00e1stico. Uma menina est\u00e1 pintando uma pequena pe\u00e7a azul, enquanto um menino est\u00e1 pintando uma garrafa maior com listras azuis, amarelas e verdes. Ambos est\u00e3o sentados \u00e0 mesa com v\u00e1rios potes de tinta e pinc\u00e9is. A mesa est\u00e1 coberta com papel pardo. As crian\u00e7as parecem estar se divertindo enquanto criam suas obras de arte. As garrafas pintadas parecem ser parte de um projeto de artesanato. H\u00e1 tamb\u00e9m v\u00e1rios potes de tinta em diferentes cores ao redor da mesa. A menina tem o cabelo tran\u00e7ado e est\u00e1 usando um vestido escuro com desenhos. O menino est\u00e1 usando uma camisa azul. A cena \u00e9 iluminada e colorida, transmitindo um clima de criatividade e divers\u00e3o.\" class=\"wp-image-108108\" srcset=\"https:\/\/piracicaba.sp.gov.br\/wp-content\/uploads\/2025\/07\/Museu-Historico-e-Pedagogico-Prudente-de-Moraes-realiza-nos-dias-15-17-22-e-2407-mais-uma-edicao-do-projeto-Ferias-1024x768.jpg 1024w, https:\/\/piracicaba.sp.gov.br\/wp-content\/uploads\/2025\/07\/Museu-Historico-e-Pedagogico-Prudente-de-Moraes-realiza-nos-dias-15-17-22-e-2407-mais-uma-edicao-do-projeto-Ferias-300x225.jpg 300w, https:\/\/piracicaba.sp.gov.br\/wp-content\/uploads\/2025\/07\/Museu-Historico-e-Pedagogico-Prudente-de-Moraes-realiza-nos-dias-15-17-22-e-2407-mais-uma-edicao-do-projeto-Ferias-768x576.jpg 768w, https:\/\/piracicaba.sp.gov.br\/wp-content\/uploads\/2025\/07\/Museu-Historico-e-Pedagogico-Prudente-de-Moraes-realiza-nos-dias-15-17-22-e-2407-mais-uma-edicao-do-projeto-Ferias-1536x1152.jpg 1536w, https:\/\/piracicaba.sp.gov.br\/wp-content\/uploads\/2025\/07\/Museu-Historico-e-Pedagogico-Prudente-de-Moraes-realiza-nos-dias-15-17-22-e-2407-mais-uma-edicao-do-projeto-Ferias.jpg 1600w\" data-sizes=\"(max-width: 1024px) 100vw, 1024px\"\/><figcaption class=\"wp-element-caption\"><strong><em><sub>Museu Hist\u00f3rico e Pedag\u00f3gico Prudente de Moraes realiza, nos dias 15, 17, 22 e 2407, mais uma edi\u00e7\u00e3o do projeto F\u00e9rias<\/sub><\/em><\/strong><\/figcaption><\/figure>\n<p>A proposta da a\u00e7\u00e3o \u00e9 ampliar o contato das crian\u00e7as com o patrim\u00f4nio cultural da cidade, estimulando o cuidado com a hist\u00f3ria local e o sentimento de pertencimento. Ao apresentar o museu como um espa\u00e7o vivo de mem\u00f3ria, o projeto contribui para que os participantes compreendam o valor dos acervos, das tradi\u00e7\u00f5es e dos espa\u00e7os hist\u00f3ricos na forma\u00e7\u00e3o da identidade de uma comunidade.<\/p>\n<figure class=\"wp-block-image size-large\"><img data-recalc-dims=\"1\" loading=\"lazy\" data-lazyloaded=\"1\" data-placeholder-resp=\"1024x576\" decoding=\"async\" width=\"696\" height=\"392\" src=\"https:\/\/i0.wp.com\/piracicaba.sp.gov.br\/wp-content\/uploads\/2025\/07\/Com-mais-de-uma-decada-de-realizacao-o-Ferias-no-Museu-propoe-acoes-de-educacao-patrimonial-aliadas-a-criatividade-a-cultura-e-ao-brincar-1024x576.jpg?resize=696%2C392&#038;ssl=1\" alt=\"A imagem mostra um grupo de crian\u00e7as e adultos participando de uma atividade em uma sala. Os adultos parecem estar guiando as crian\u00e7as em um jogo ou exerc\u00edcio, onde alguns est\u00e3o de olhos vendados. A sala tem um piso de madeira e paredes claras. H\u00e1 uma tela de proje\u00e7\u00e3o com texto vis\u00edvel e um banner. A atmosfera parece ser descontra\u00edda e educativa. As crian\u00e7as est\u00e3o em diferentes idades, e os adultos mostram-se atenciosos com elas\" class=\"wp-image-108109\" srcset=\"https:\/\/piracicaba.sp.gov.br\/wp-content\/uploads\/2025\/07\/Com-mais-de-uma-decada-de-realizacao-o-Ferias-no-Museu-propoe-acoes-de-educacao-patrimonial-aliadas-a-criatividade-a-cultura-e-ao-brincar-1024x576.jpg 1024w, https:\/\/piracicaba.sp.gov.br\/wp-content\/uploads\/2025\/07\/Com-mais-de-uma-decada-de-realizacao-o-Ferias-no-Museu-propoe-acoes-de-educacao-patrimonial-aliadas-a-criatividade-a-cultura-e-ao-brincar-300x169.jpg 300w, https:\/\/piracicaba.sp.gov.br\/wp-content\/uploads\/2025\/07\/Com-mais-de-uma-decada-de-realizacao-o-Ferias-no-Museu-propoe-acoes-de-educacao-patrimonial-aliadas-a-criatividade-a-cultura-e-ao-brincar-768x432.jpg 768w, https:\/\/piracicaba.sp.gov.br\/wp-content\/uploads\/2025\/07\/Com-mais-de-uma-decada-de-realizacao-o-Ferias-no-Museu-propoe-acoes-de-educacao-patrimonial-aliadas-a-criatividade-a-cultura-e-ao-brincar-1536x864.jpg 1536w, https:\/\/piracicaba.sp.gov.br\/wp-content\/uploads\/2025\/07\/Com-mais-de-uma-decada-de-realizacao-o-Ferias-no-Museu-propoe-acoes-de-educacao-patrimonial-aliadas-a-criatividade-a-cultura-e-ao-brincar.jpg 1600w\" data-sizes=\"(max-width: 1024px) 100vw, 1024px\"\/><figcaption class=\"wp-element-caption\"><strong><em><sub>Com mais de uma d\u00e9cada de realiza\u00e7\u00e3o, o F\u00e9rias no Museu prop\u00f5e a\u00e7\u00f5es de educa\u00e7\u00e3o patrimonial aliadas \u00e0 criatividade, \u00e0 cultura e ao brincar<\/sub><\/em><\/strong><\/figcaption><\/figure>\n<p>A abertura ser\u00e1 no dia 15\/07 com a a\u00e7\u00e3o Ci\u00eancia, sustentabilidade e meio ambiente: aprender se divertindo, conduzida pelo grupo CRECIN (Esalq\/USP). No dia 17\/07, o artista Tony Azevedo comanda a oficina de xilogravura. J\u00e1 no dia 22\/07, ser\u00e1 realizada conta\u00e7\u00e3o de hist\u00f3rias com Carmelina de Toledo Piza. Encerrando a programa\u00e7\u00e3o, no dia 24\/07, Dorinha Kennedy ministra oficina de origami.<\/p>\n<p><strong>SERVI\u00c7O \u2013\u00a0F\u00e9rias no Museu.<\/strong>\u00a0No Museu Prudente de Moraes (rua Santo Ant\u00f4nio, 641 \u2013 Centro). Dias 15, 17, 22 e 24\/07, \u00a0das 14h \u00e0s 16h. Entrada gratuita. Informa\u00e7\u00f5es pelo telefone (19) 3422-3069.<\/p>\n<\/div>\n<p><br \/>\n<br \/><a href=\"https:\/\/piracicaba.sp.gov.br\/noticias\/museu-prudente-de-moraes-realiza-nova-edicao-do-projeto-ferias-no-museu\/\" rel=\"noopener\">Informa\u00e7\u00f5es PMP <\/a><\/p>\n","protected":false},"excerpt":{"rendered":"<p>O projeto promove atividades l\u00fadicas com foco em educa\u00e7\u00e3o patrimonial, cultura e criatividade, durante o per\u00edodo de f\u00e9rias escolares. O Museu Hist\u00f3rico e Pedag\u00f3gico Prudente de Moraes realiza nos dias 15, 17, 22 e 24\/07, das 14h \u00e0s 16h,\u00a0mais uma edi\u00e7\u00e3o do projeto F\u00e9rias no Museu. Voltado para crian\u00e7as e adolescentes de 6 a 12 [&hellip;]<\/p>\n","protected":false},"author":1,"featured_media":38557,"comment_status":"open","ping_status":"open","sticky":false,"template":"","format":"standard","meta":{"_jetpack_newsletter_access":"","_jetpack_dont_email_post_to_subs":false,"_jetpack_newsletter_tier_id":0,"_jetpack_memberships_contains_paywalled_content":false,"_mbp_banners":[],"_jetpack_feature_clip_id":0,"_jetpack_memberships_contains_paid_content":false,"footnotes":"","jetpack_publicize_message":"","jetpack_publicize_feature_enabled":true,"jetpack_social_post_already_shared":true,"jetpack_social_options":{"image_generator_settings":{"template":"highway","default_image_id":0,"font":"","enabled":false},"version":2},"jetpack_post_was_ever_published":false},"categories":[20],"tags":[],"class_list":["post-38556","post","type-post","status-publish","format-standard","has-post-thumbnail","category-regiao"],"jetpack_publicize_connections":[],"jetpack-related-posts":[],"jetpack_shortlink":"https:\/\/wp.me\/p7Eq1F-a1S","jetpack_sharing_enabled":true,"jetpack_featured_media_url":"https:\/\/i0.wp.com\/guialimeira.com.br\/news\/wp-content\/uploads\/2025\/07\/o-projeto-promove-atividades-ludicas-com-foco-em-educacao-patrimonial-cultura-e-criatividade-durante.jpeg?fit=1024%2C576&ssl=1","_links":{"self":[{"href":"https:\/\/guialimeira.com.br\/news\/wp-json\/wp\/v2\/posts\/38556","targetHints":{"allow":["GET"]}}],"collection":[{"href":"https:\/\/guialimeira.com.br\/news\/wp-json\/wp\/v2\/posts"}],"about":[{"href":"https:\/\/guialimeira.com.br\/news\/wp-json\/wp\/v2\/types\/post"}],"author":[{"embeddable":true,"href":"https:\/\/guialimeira.com.br\/news\/wp-json\/wp\/v2\/users\/1"}],"replies":[{"embeddable":true,"href":"https:\/\/guialimeira.com.br\/news\/wp-json\/wp\/v2\/comments?post=38556"}],"version-history":[{"count":0,"href":"https:\/\/guialimeira.com.br\/news\/wp-json\/wp\/v2\/posts\/38556\/revisions"}],"wp:featuredmedia":[{"embeddable":true,"href":"https:\/\/guialimeira.com.br\/news\/wp-json\/wp\/v2\/media\/38557"}],"wp:attachment":[{"href":"https:\/\/guialimeira.com.br\/news\/wp-json\/wp\/v2\/media?parent=38556"}],"wp:term":[{"taxonomy":"category","embeddable":true,"href":"https:\/\/guialimeira.com.br\/news\/wp-json\/wp\/v2\/categories?post=38556"},{"taxonomy":"post_tag","embeddable":true,"href":"https:\/\/guialimeira.com.br\/news\/wp-json\/wp\/v2\/tags?post=38556"}],"curies":[{"name":"wp","href":"https:\/\/api.w.org\/{rel}","templated":true}]}}