{"id":38551,"date":"2025-07-11T17:51:48","date_gmt":"2025-07-11T20:51:48","guid":{"rendered":"https:\/\/guialimeira.com.br\/?p=38551"},"modified":"2025-07-11T17:51:48","modified_gmt":"2025-07-11T20:51:48","slug":"sessao-ordinaria-seis-projetos-estao-pautados-para-votacao","status":"publish","type":"post","link":"https:\/\/guialimeira.com.br\/news\/sessao-ordinaria-seis-projetos-estao-pautados-para-votacao\/","title":{"rendered":"Sess\u00e3o ordin\u00e1ria: seis projetos est\u00e3o pautados para vota\u00e7\u00e3o"},"content":{"rendered":"\n<figure class=\"wp-block-gallery has-nested-images columns-default is-cropped wp-block-gallery-1 is-layout-flex wp-block-gallery-is-layout-flex\"><\/figure>\n \r\n<br><img data-recalc-dims=\"1\" decoding=\"async\" src=\"https:\/\/i0.wp.com\/guialimeira.com.br\/wp-content\/uploads\/2025\/07\/Sessao-ordinaria-seis-projetos-estao-pautados-para-votacao.jpg?w=696&#038;ssl=1\" \/><br><div>\n\t\t\t\t\t<p>Nesta segunda-feira, 14 de julho, a C\u00e2mara vota seis projetos pautados na <a href=\"https:\/\/consulta.limeira.sp.leg.br\/Sessoes\/Documento\/386092\" rel=\"noopener\">Ordem do Dia<\/a> da pr\u00f3xima sess\u00e3o ordin\u00e1ria. Os trabalhos s\u00e3o transmitidos ao vivo pelos canais de comunica\u00e7\u00e3o do Legislativo no <a href=\"https:\/\/www.youtube.com\/user\/camaradelimeira\" rel=\"noopener\">Youtube<\/a>, <a href=\"https:\/\/www.facebook.com\/camaradelimeira\/\" rel=\"noopener\">Facebook<\/a> e <a href=\"http:\/\/www.limeira.sp.leg.br\/sessoes\/aovivo\" rel=\"noopener\">site<\/a>, e pela R\u00e1dio Limeira FM 106,9, a partir das 17h.\u00a0<\/p><p>A sess\u00e3o tamb\u00e9m \u00e9 composta pelo Expediente, no qual os parlamentares discutem os requerimentos e votam as mo\u00e7\u00f5es.\u00a0<\/p><p>Os mun\u00edcipes tamb\u00e9m podem conferir as sess\u00f5es de forma presencial. Temporariamente a C\u00e2mara est\u00e1 localizada na rua Clarino Peixoto, 280 &#8211; Jardim Maria Buchi Modeneis, devido \u00e0s obras de reforma e amplia\u00e7\u00e3o da sede. Para entrar no pr\u00e9dio basta se identificar na portaria e seguir at\u00e9 o \u00faltimo bloco.\u00a0 As orienta\u00e7\u00f5es para chegar ao endere\u00e7o est\u00e3o neste<a href=\"https:\/\/www.limeira.sp.leg.br\/noticias\/view\/2025-01-30_camara-de-limeira-funciona-em-novo-endereco-devido-obras-de-ampliacao-e-reforma\" rel=\"noopener\"> link<\/a>.\u00a0\u00a0\u00a0\u00a0<\/p><p>Confira os projetos que v\u00e3o \u00e0 vota\u00e7\u00e3o:<\/p><p><a href=\"http:\/\/consulta.limeira.sp.leg.br\/Documentos\/Documento\/258498\" rel=\"noopener\">Projeto de Lei N\u00ba 179\/2021<\/a>, da vereadora Lu Bogo (PL), disp\u00f5e sobre a cria\u00e7\u00e3o de espa\u00e7os p\u00fablicos de estacionamento, repouso e descanso para motoboys e ciclistas que fazem entregas por aplicativos.<\/p><p><a href=\"https:\/\/consulta.limeira.sp.leg.br\/Documentos\/Documento\/367562\" rel=\"noopener\">Projeto de Lei N\u00ba 29\/2025<\/a>, do vereador Estev\u00e3o Nogueira (Avante), inclui os par\u00e1grafos 1\u00ba e 2\u00ba no artigo 3\u00ba da <a href=\"https:\/\/legislacao.limeira.sp.leg.br\/Limeira-SP\/LeisOrdinarias\/5515-2015\" rel=\"noopener\">Lei N\u00ba 5.515\/2015<\/a>, que disp\u00f5e sobre a intensidade m\u00e1xima permitida na difus\u00e3o de sons e ru\u00eddos por meio de ve\u00edculos automotores ou de tra\u00e7\u00e3o animal.\u00a0<\/p><p><a href=\"https:\/\/consulta.limeira.sp.leg.br\/Documentos\/Documento\/374689\" rel=\"noopener\">Projeto de Lei N\u00ba 78\/2025<\/a>, do vereador Waguinho da Santa Luzia (PP), perpetua o nome de Di\u00e9genes Eduardo da Silva na rua projetada 4, do loteamento Jardim das Orqu\u00eddeas.<\/p><p><a href=\"https:\/\/consulta.limeira.sp.leg.br\/Documentos\/Documento\/379360\" rel=\"noopener\">Projeto de Decreto Legislativo N\u00ba 11\/2025<\/a>, da vereadora Mara Isa Mattos Silveira (PL), concede o Diploma de Gratid\u00e3o da Cidade de Limeira e a Medalha de M\u00e9rito C\u00edvico XV de Setembro \u201cOrdem de Tatuiby\u201d \u00e0s Ind\u00fastrias Machina Zaccaria S\/A, pelos 100 anos de hist\u00f3ria e servi\u00e7os prestados a Limeira.<\/p><p><a href=\"https:\/\/consulta.limeira.sp.leg.br\/Documentos\/Documento\/380269\" rel=\"noopener\">Projeto de Lei N\u00ba 127\/2025<\/a>,\u00a0 da vereadora Isabelly Carvalho (PT), perpetua o nome de Irma Lencioni Cardoso na \u00c1rea Verde 2, localizada na Via Guilherme Dibbern, do bairro Residencial Greville.<\/p><p><a href=\"https:\/\/consulta.limeira.sp.leg.br\/Documentos\/Documento\/381946\" rel=\"noopener\">Projeto de Lei N\u00ba 145\/2025<\/a>, do vereador Helder do T\u00e1xi (PSD), reconhece o Roteiro Tur\u00edstico Rural de Romaria no Munic\u00edpio de Limeira.<\/p>\t\t\t\t<\/div>\r\n<br>\r\n<br><a href=\"https:\/\/www.limeira.sp.leg.br\/noticias\/view\/2025-07-11_sessao-ordinaria-seis-projetos-estao-pautados-para-votacao\" rel=\"noopener\">Informa\u00e7\u00f5es CML <\/a>","protected":false},"excerpt":{"rendered":"<p>Nesta segunda-feira, 14 de julho, a C\u00e2mara vota seis projetos pautados na Ordem do Dia da pr\u00f3xima sess\u00e3o ordin\u00e1ria. Os trabalhos s\u00e3o transmitidos ao vivo pelos canais de comunica\u00e7\u00e3o do Legislativo no Youtube, Facebook e site, e pela R\u00e1dio Limeira FM 106,9, a partir das 17h.\u00a0 A sess\u00e3o tamb\u00e9m \u00e9 composta pelo Expediente, no qual [&hellip;]<\/p>\n","protected":false},"author":1,"featured_media":38550,"comment_status":"open","ping_status":"open","sticky":false,"template":"","format":"standard","meta":{"_jetpack_newsletter_access":"","_jetpack_dont_email_post_to_subs":false,"_jetpack_newsletter_tier_id":0,"_jetpack_memberships_contains_paywalled_content":false,"_mbp_banners":[],"_jetpack_feature_clip_id":0,"_jetpack_memberships_contains_paid_content":false,"footnotes":"","jetpack_publicize_message":"","jetpack_publicize_feature_enabled":true,"jetpack_social_post_already_shared":true,"jetpack_social_options":{"image_generator_settings":{"template":"highway","default_image_id":0,"font":"","enabled":false},"version":2},"jetpack_post_was_ever_published":false},"categories":[19],"tags":[],"class_list":["post-38551","post","type-post","status-publish","format-standard","has-post-thumbnail","category-politica"],"jetpack_publicize_connections":[],"jetpack-related-posts":[],"jetpack_shortlink":"https:\/\/wp.me\/p7Eq1F-a1N","jetpack_sharing_enabled":true,"jetpack_featured_media_url":"https:\/\/i0.wp.com\/guialimeira.com.br\/news\/wp-content\/uploads\/2025\/07\/Sessao-ordinaria-seis-projetos-estao-pautados-para-votacao.jpg?fit=1280%2C640&ssl=1","_links":{"self":[{"href":"https:\/\/guialimeira.com.br\/news\/wp-json\/wp\/v2\/posts\/38551","targetHints":{"allow":["GET"]}}],"collection":[{"href":"https:\/\/guialimeira.com.br\/news\/wp-json\/wp\/v2\/posts"}],"about":[{"href":"https:\/\/guialimeira.com.br\/news\/wp-json\/wp\/v2\/types\/post"}],"author":[{"embeddable":true,"href":"https:\/\/guialimeira.com.br\/news\/wp-json\/wp\/v2\/users\/1"}],"replies":[{"embeddable":true,"href":"https:\/\/guialimeira.com.br\/news\/wp-json\/wp\/v2\/comments?post=38551"}],"version-history":[{"count":1,"href":"https:\/\/guialimeira.com.br\/news\/wp-json\/wp\/v2\/posts\/38551\/revisions"}],"predecessor-version":[{"id":38552,"href":"https:\/\/guialimeira.com.br\/news\/wp-json\/wp\/v2\/posts\/38551\/revisions\/38552"}],"wp:featuredmedia":[{"embeddable":true,"href":"https:\/\/guialimeira.com.br\/news\/wp-json\/wp\/v2\/media\/38550"}],"wp:attachment":[{"href":"https:\/\/guialimeira.com.br\/news\/wp-json\/wp\/v2\/media?parent=38551"}],"wp:term":[{"taxonomy":"category","embeddable":true,"href":"https:\/\/guialimeira.com.br\/news\/wp-json\/wp\/v2\/categories?post=38551"},{"taxonomy":"post_tag","embeddable":true,"href":"https:\/\/guialimeira.com.br\/news\/wp-json\/wp\/v2\/tags?post=38551"}],"curies":[{"name":"wp","href":"https:\/\/api.w.org\/{rel}","templated":true}]}}