{"id":38545,"date":"2025-07-11T17:42:55","date_gmt":"2025-07-11T20:42:55","guid":{"rendered":"https:\/\/guialimeira.com.br\/2025\/07\/11\/julho-amarelo-prefeitura-realizou-980-testes-rapidos-em-uma-semana-portal-do-municipio-de-piracicaba\/"},"modified":"2025-07-11T17:42:55","modified_gmt":"2025-07-11T20:42:55","slug":"julho-amarelo-prefeitura-realizou-980-testes-rapidos-em-uma-semana-portal-do-municipio-de-piracicaba","status":"publish","type":"post","link":"https:\/\/guialimeira.com.br\/news\/julho-amarelo-prefeitura-realizou-980-testes-rapidos-em-uma-semana-portal-do-municipio-de-piracicaba\/","title":{"rendered":"Julho Amarelo:\u00a0Prefeitura\u00a0realizou 980 testes r\u00e1pidos\u00a0em uma semana \u2013 Portal do Munic\u00edpio de Piracicaba"},"content":{"rendered":"<p> <br \/>\n<\/p>\n<div>\n<figure class=\"wp-block-image size-full\"><img data-recalc-dims=\"1\" data-lazyloaded=\"1\" data-placeholder-resp=\"959x871\" fetchpriority=\"high\" decoding=\"async\" width=\"696\" height=\"632\" src=\"https:\/\/i0.wp.com\/piracicaba.sp.gov.br\/wp-content\/uploads\/2025\/07\/Duas-acoes-pontuais-realizadas-no-Centro-Civico-atenderam-604-pessoas.jpg?resize=696%2C632&#038;ssl=1\" alt=\"A imagem mostra uma cena em um local que parece ser um centro de testagem ou vacina\u00e7\u00e3o. V\u00e1rias pessoas est\u00e3o sentadas em mesas, algumas parecem estar sendo atendidas por profissionais de sa\u00fade. As pessoas est\u00e3o usando m\u00e1scaras e luvas. H\u00e1 tamb\u00e9m algumas pessoas andando no fundo. O ambiente \u00e9 claro e organizado, com mesas e cadeiras dispostas de forma espa\u00e7ada. As paredes s\u00e3o de cor clara e h\u00e1 elevadores vis\u00edveis ao fundo. O foco principal da imagem \u00e9 em duas mulheres sentadas em uma mesa, uma delas parece estar recebendo algum tipo de atendimento m\u00e9dico. Uma delas est\u00e1 usando uma camisa amarela, enquanto a outra est\u00e1 usando uma blusa azul escura. H\u00e1 uma garrafa de \u00e1lcool em gel na mesa. A atmosfera geral da imagem sugere um ambiente de atendimento m\u00e9dico organizado e calmo.\" class=\"wp-image-108115\" srcset=\"https:\/\/piracicaba.sp.gov.br\/wp-content\/uploads\/2025\/07\/Duas-acoes-pontuais-realizadas-no-Centro-Civico-atenderam-604-pessoas.jpg 959w, https:\/\/piracicaba.sp.gov.br\/wp-content\/uploads\/2025\/07\/Duas-acoes-pontuais-realizadas-no-Centro-Civico-atenderam-604-pessoas-300x272.jpg 300w, https:\/\/piracicaba.sp.gov.br\/wp-content\/uploads\/2025\/07\/Duas-acoes-pontuais-realizadas-no-Centro-Civico-atenderam-604-pessoas-768x698.jpg 768w\" data-sizes=\"(max-width: 959px) 100vw, 959px\"\/><figcaption class=\"wp-element-caption\"><strong><em><sub>Duas a\u00e7\u00f5es pontuais realizadas no Centro C\u00edvico atenderam 604 pessoas<\/sub><\/em><\/strong><\/figcaption><\/figure>\n<p>A Prefeitura, por meio da Secretaria Municipal de Sa\u00fade, segue com a Campanha Julho Amarelo, iniciativa nacional do Minist\u00e9rio da Sa\u00fade que visa conscientizar a popula\u00e7\u00e3o sobre as hepatites virais. Na primeira semana da campanha, de 1\u00ba a 08\/07, foram realizados 980 testes para diagn\u00f3stico de hepatite B e C, s\u00edfilis e HIV.<\/p>\n<figure class=\"wp-block-image size-large\"><img data-recalc-dims=\"1\" loading=\"lazy\" data-lazyloaded=\"1\" data-placeholder-resp=\"1024x683\" decoding=\"async\" width=\"696\" height=\"464\" src=\"https:\/\/i0.wp.com\/piracicaba.sp.gov.br\/wp-content\/uploads\/2025\/07\/Quase-mil-testes-rapidos-para-hepatites-B-e-C-sifilis-e-HIV-foram-realizados-em-uma-semana-durante-Campanha-Julho-Amarelo-1024x683.jpg?resize=696%2C464&#038;ssl=1\" alt=\"A imagem mostra uma pessoa usando luvas descart\u00e1veis realizando um teste r\u00e1pido de HIV. A pessoa est\u00e1 segurando um frasco pequeno com um l\u00edquido, aparentemente um reagente, que ser\u00e1 usado no teste. Uma pequena quantidade de sangue j\u00e1 foi colocada na cassete do teste, que est\u00e1 sobre uma superf\u00edcie limpa e descart\u00e1vel. O teste em si \u00e9 um dispositivo pequeno e branco com a palavra &quot;HIV&quot; impressa nele, indicando que \u00e9 um teste para o v\u00edrus da imunodefici\u00eancia humana. O ambiente parece ser um local de atendimento m\u00e9dico ou uma cl\u00ednica. A aten\u00e7\u00e3o aos detalhes da imagem sugere um procedimento m\u00e9dico cuidadoso e preciso.\" class=\"wp-image-108116\" srcset=\"https:\/\/piracicaba.sp.gov.br\/wp-content\/uploads\/2025\/07\/Quase-mil-testes-rapidos-para-hepatites-B-e-C-sifilis-e-HIV-foram-realizados-em-uma-semana-durante-Campanha-Julho-Amarelo-1024x683.jpg 1024w, https:\/\/piracicaba.sp.gov.br\/wp-content\/uploads\/2025\/07\/Quase-mil-testes-rapidos-para-hepatites-B-e-C-sifilis-e-HIV-foram-realizados-em-uma-semana-durante-Campanha-Julho-Amarelo-300x200.jpg 300w, https:\/\/piracicaba.sp.gov.br\/wp-content\/uploads\/2025\/07\/Quase-mil-testes-rapidos-para-hepatites-B-e-C-sifilis-e-HIV-foram-realizados-em-uma-semana-durante-Campanha-Julho-Amarelo-768x512.jpg 768w, https:\/\/piracicaba.sp.gov.br\/wp-content\/uploads\/2025\/07\/Quase-mil-testes-rapidos-para-hepatites-B-e-C-sifilis-e-HIV-foram-realizados-em-uma-semana-durante-Campanha-Julho-Amarelo-1536x1024.jpg 1536w, https:\/\/piracicaba.sp.gov.br\/wp-content\/uploads\/2025\/07\/Quase-mil-testes-rapidos-para-hepatites-B-e-C-sifilis-e-HIV-foram-realizados-em-uma-semana-durante-Campanha-Julho-Amarelo.jpg 2048w\" data-sizes=\"(max-width: 1024px) 100vw, 1024px\"\/><figcaption class=\"wp-element-caption\">Qu<strong><em><sub>ase mil testes r\u00e1pidos para hepatites B e C, s\u00edfilis e HIV foram realizados em uma semana durante Campanha Julho Amarelo<\/sub><\/em><\/strong><\/figcaption><\/figure>\n<p>As coletas dos testes ocorreram nas unidades de Aten\u00e7\u00e3o B\u00e1sica, no Cedic (Centro de Doen\u00e7as Infectocontagiosas) e no pr\u00e9dio do Centro C\u00edvico da Prefeitura, que, em dois dias de a\u00e7\u00e3o especial, realizou 604 testes, sendo 304 no dia 1\u00ba\/07, e outros 300 no dia 03\/07.<\/p>\n<figure class=\"wp-block-image size-full\"><img data-recalc-dims=\"1\" loading=\"lazy\" data-lazyloaded=\"1\" data-placeholder-resp=\"959x755\" decoding=\"async\" width=\"696\" height=\"548\" src=\"https:\/\/i0.wp.com\/piracicaba.sp.gov.br\/wp-content\/uploads\/2025\/07\/Dr.-Sergio-Pacheco-ao-lado-da-equipe-do-Cedic-durante-acao-de-testagem-rapida-no-predio-do-Centro-Civico.jpg?resize=696%2C548&#038;ssl=1\" alt=\"A imagem mostra um grupo de pessoas em p\u00e9 e sentadas em frente a um banner. O banner \u00e9 amarelo e preto e tem informa\u00e7\u00f5es sobre o Centro de Doen\u00e7as Infectocontagiosas (CEDIC) e testes r\u00e1pidos para hepatites. As pessoas na imagem est\u00e3o vestindo camisetas amarelas. Algumas est\u00e3o sentadas no ch\u00e3o, outras em p\u00e9 atr\u00e1s delas. H\u00e1 bal\u00f5es amarelos atr\u00e1s do grupo. A imagem parece ter sido tirada em um evento ou confer\u00eancia.\" class=\"wp-image-108117\" srcset=\"https:\/\/piracicaba.sp.gov.br\/wp-content\/uploads\/2025\/07\/Dr.-Sergio-Pacheco-ao-lado-da-equipe-do-Cedic-durante-acao-de-testagem-rapida-no-predio-do-Centro-Civico.jpg 959w, https:\/\/piracicaba.sp.gov.br\/wp-content\/uploads\/2025\/07\/Dr.-Sergio-Pacheco-ao-lado-da-equipe-do-Cedic-durante-acao-de-testagem-rapida-no-predio-do-Centro-Civico-300x236.jpg 300w, https:\/\/piracicaba.sp.gov.br\/wp-content\/uploads\/2025\/07\/Dr.-Sergio-Pacheco-ao-lado-da-equipe-do-Cedic-durante-acao-de-testagem-rapida-no-predio-do-Centro-Civico-768x605.jpg 768w\" data-sizes=\"(max-width: 959px) 100vw, 959px\"\/><figcaption class=\"wp-element-caption\"><strong><em><sub>Dr. S\u00e9rgio Pacheco ao lado da equipe do Cedic durante a\u00e7\u00e3o de testagem r\u00e1pida no pr\u00e9dio do Centro C\u00edvico<\/sub><\/em><\/strong><\/figcaption><\/figure>\n<p>Conforme explicou Karina Corr\u00eaa, coordenadora da Cevisa (Centro de Vigil\u00e2ncia em Sa\u00fade), as hepatites virais costumam evoluir de forma silenciosa, mas podem causar danos graves ao f\u00edgado e \u00e0 sa\u00fade geral. \u201cPor isso, a testagem precoce \u00e9 fundamental para identificar infec\u00e7\u00f5es e iniciar tratamento adequado o mais r\u00e1pido poss\u00edvel, evitando o agravamento da doen\u00e7a e a transmiss\u00e3o para outras pessoas\u201d, enfatizou.<\/p>\n<figure class=\"wp-block-image size-large\"><img data-recalc-dims=\"1\" loading=\"lazy\" data-lazyloaded=\"1\" data-placeholder-resp=\"1024x682\" decoding=\"async\" width=\"696\" height=\"464\" src=\"https:\/\/i0.wp.com\/piracicaba.sp.gov.br\/wp-content\/uploads\/2025\/07\/Karina-Correa-e-coordenadora-da-Cevisa-Piracicaba-1024x682.jpg?resize=696%2C464&#038;ssl=1\" alt=\"A imagem mostra uma mulher de meia idade, de cabelos grisalhos e curtos, vestindo uma camiseta branca com uma estampa vermelha em formato de la\u00e7o e a frase &quot;Junte as m\u00e3os \u00e0 preven\u00e7\u00e3o! AIDS n\u00e3o tem cura&quot;. Ela segura um microfone e parece estar dando uma palestra ou apresenta\u00e7\u00e3o. Ao fundo, h\u00e1 uma tela com o logotipo de uma empresa, possivelmente o local do evento. H\u00e1 bal\u00f5es vermelhos no ch\u00e3o, sugerindo um evento relacionado \u00e0 conscientiza\u00e7\u00e3o sobre alguma causa, provavelmente o HIV\/AIDS, considerando a estampa da camiseta. A express\u00e3o da mulher \u00e9 s\u00e9ria e concentrada. A ilumina\u00e7\u00e3o \u00e9 suave, e o ambiente parece ser interno e formal.\" class=\"wp-image-108118\" srcset=\"https:\/\/piracicaba.sp.gov.br\/wp-content\/uploads\/2025\/07\/Karina-Correa-e-coordenadora-da-Cevisa-Piracicaba-1024x682.jpg 1024w, https:\/\/piracicaba.sp.gov.br\/wp-content\/uploads\/2025\/07\/Karina-Correa-e-coordenadora-da-Cevisa-Piracicaba-300x200.jpg 300w, https:\/\/piracicaba.sp.gov.br\/wp-content\/uploads\/2025\/07\/Karina-Correa-e-coordenadora-da-Cevisa-Piracicaba-768x512.jpg 768w, https:\/\/piracicaba.sp.gov.br\/wp-content\/uploads\/2025\/07\/Karina-Correa-e-coordenadora-da-Cevisa-Piracicaba-1536x1024.jpg 1536w, https:\/\/piracicaba.sp.gov.br\/wp-content\/uploads\/2025\/07\/Karina-Correa-e-coordenadora-da-Cevisa-Piracicaba-2048x1365.jpg 2048w\" data-sizes=\"(max-width: 1024px) 100vw, 1024px\"\/><figcaption class=\"wp-element-caption\"><strong><em><sub>Karina Corr\u00eaa \u00e9 coordenadora da Cevisa Piracicaba<\/sub><\/em><\/strong><\/figcaption><\/figure>\n<p>Durante todo o m\u00eas de julho, as unidades de sa\u00fade da Prefeitura intensificam suas a\u00e7\u00f5es de orienta\u00e7\u00e3o e testagens para hepatites B e C, al\u00e9m da oferta dos testes para s\u00edfilis e HIV. Al\u00e9m disso, tamb\u00e9m s\u00e3o distribu\u00eddos kits de preven\u00e7\u00e3o contendo gel, preservativos e material informativo. \u201cA testagem faz parte da rotina dos servi\u00e7os de sa\u00fade do munic\u00edpio, que intensificam neste m\u00eas as orienta\u00e7\u00f5es e o atendimento para ampliar a preven\u00e7\u00e3o e o controle dessas doen\u00e7as. Aproveite essa oportunidade para cuidar da sua sa\u00fade\u201d, completou Karina.<\/p>\n<p><strong>ESPECIAL\u00a0<\/strong>\u2013 No dia 26 de julho, em parceria com o Sest\/Senat, ser\u00e1 realizada uma a\u00e7\u00e3o especial voltada aos motoristas, com testagem gratuita para Infec\u00e7\u00f5es Sexualmente Transmiss\u00edveis (ISTs). O evento acontecer\u00e1 das 14h \u00e0s 18h na sede do Sest\/Senat, localizada na Rua Rossini Pinto, 200, Jardim Panorama.<\/p>\n<\/div>\n<p><br \/>\n<br \/><a href=\"https:\/\/piracicaba.sp.gov.br\/noticias\/julho-amarelo-prefeitura-realizou-980-testes-rapidos-em-uma-semana\/\" rel=\"noopener\">Informa\u00e7\u00f5es PMP <\/a><\/p>\n","protected":false},"excerpt":{"rendered":"<p>Duas a\u00e7\u00f5es pontuais realizadas no Centro C\u00edvico atenderam 604 pessoas A Prefeitura, por meio da Secretaria Municipal de Sa\u00fade, segue com a Campanha Julho Amarelo, iniciativa nacional do Minist\u00e9rio da Sa\u00fade que visa conscientizar a popula\u00e7\u00e3o sobre as hepatites virais. Na primeira semana da campanha, de 1\u00ba a 08\/07, foram realizados 980 testes para diagn\u00f3stico [&hellip;]<\/p>\n","protected":false},"author":1,"featured_media":38546,"comment_status":"open","ping_status":"open","sticky":false,"template":"","format":"standard","meta":{"_jetpack_newsletter_access":"","_jetpack_dont_email_post_to_subs":false,"_jetpack_newsletter_tier_id":0,"_jetpack_memberships_contains_paywalled_content":false,"_mbp_banners":[],"_jetpack_feature_clip_id":0,"_jetpack_memberships_contains_paid_content":false,"footnotes":"","jetpack_publicize_message":"","jetpack_publicize_feature_enabled":true,"jetpack_social_post_already_shared":true,"jetpack_social_options":{"image_generator_settings":{"template":"highway","default_image_id":0,"font":"","enabled":false},"version":2},"jetpack_post_was_ever_published":false},"categories":[20],"tags":[],"class_list":["post-38545","post","type-post","status-publish","format-standard","has-post-thumbnail","category-regiao"],"jetpack_publicize_connections":[],"jetpack-related-posts":[],"jetpack_shortlink":"https:\/\/wp.me\/p7Eq1F-a1H","jetpack_sharing_enabled":true,"jetpack_featured_media_url":"https:\/\/i0.wp.com\/guialimeira.com.br\/news\/wp-content\/uploads\/2025\/07\/Duas-acoes-pontuais-realizadas-no-Centro-Civico-atenderam-604-pessoas.jpg?fit=959%2C871&ssl=1","_links":{"self":[{"href":"https:\/\/guialimeira.com.br\/news\/wp-json\/wp\/v2\/posts\/38545","targetHints":{"allow":["GET"]}}],"collection":[{"href":"https:\/\/guialimeira.com.br\/news\/wp-json\/wp\/v2\/posts"}],"about":[{"href":"https:\/\/guialimeira.com.br\/news\/wp-json\/wp\/v2\/types\/post"}],"author":[{"embeddable":true,"href":"https:\/\/guialimeira.com.br\/news\/wp-json\/wp\/v2\/users\/1"}],"replies":[{"embeddable":true,"href":"https:\/\/guialimeira.com.br\/news\/wp-json\/wp\/v2\/comments?post=38545"}],"version-history":[{"count":0,"href":"https:\/\/guialimeira.com.br\/news\/wp-json\/wp\/v2\/posts\/38545\/revisions"}],"wp:featuredmedia":[{"embeddable":true,"href":"https:\/\/guialimeira.com.br\/news\/wp-json\/wp\/v2\/media\/38546"}],"wp:attachment":[{"href":"https:\/\/guialimeira.com.br\/news\/wp-json\/wp\/v2\/media?parent=38545"}],"wp:term":[{"taxonomy":"category","embeddable":true,"href":"https:\/\/guialimeira.com.br\/news\/wp-json\/wp\/v2\/categories?post=38545"},{"taxonomy":"post_tag","embeddable":true,"href":"https:\/\/guialimeira.com.br\/news\/wp-json\/wp\/v2\/tags?post=38545"}],"curies":[{"name":"wp","href":"https:\/\/api.w.org\/{rel}","templated":true}]}}