{"id":38534,"date":"2025-07-11T16:41:43","date_gmt":"2025-07-11T19:41:43","guid":{"rendered":"https:\/\/guialimeira.com.br\/2025\/07\/11\/programacao-de-ferias-totalmente-gratuita-oferecida-pela-prefeitura-continua-no-domingo-13-07-portal-do-municipio-de-piracicaba\/"},"modified":"2025-07-11T16:41:43","modified_gmt":"2025-07-11T19:41:43","slug":"programacao-de-ferias-totalmente-gratuita-oferecida-pela-prefeitura-continua-no-domingo-13-07-portal-do-municipio-de-piracicaba","status":"publish","type":"post","link":"https:\/\/guialimeira.com.br\/news\/programacao-de-ferias-totalmente-gratuita-oferecida-pela-prefeitura-continua-no-domingo-13-07-portal-do-municipio-de-piracicaba\/","title":{"rendered":"programa\u00e7\u00e3o de f\u00e9rias totalmente gratuita oferecida pela Prefeitura continua no domingo, 13\/07 \u2013 Portal do Munic\u00edpio de Piracicaba"},"content":{"rendered":"<p> <br \/>\n<\/p>\n<div>\n<figure class=\"wp-block-image size-large\"><img data-recalc-dims=\"1\" data-lazyloaded=\"1\" data-placeholder-resp=\"1024x576\" fetchpriority=\"high\" decoding=\"async\" width=\"696\" height=\"392\" src=\"https:\/\/i0.wp.com\/piracicaba.sp.gov.br\/wp-content\/uploads\/2025\/07\/Musica-ao-vivo-foi-uma-das-atracoes-da-primeira-edicao-1024x576.jpg?resize=696%2C392&#038;ssl=1\" alt=\"A imagem mostra uma banda de m\u00fasica ambulante tocando em uma ciclovia. H\u00e1 tr\u00eas m\u00fasicos: um tocando trombone, outro uma bateria e um terceiro carregando um caixa de som com o nome &quot;GMP&quot;. Eles est\u00e3o em uma ciclovia de tijolos, com \u00e1rvores e um rio ao fundo. H\u00e1 um menino pequeno assistindo a apresenta\u00e7\u00e3o e um homem parado ao fundo \u00e0 esquerda. Ao fundo, tamb\u00e9m \u00e9 vis\u00edvel uma constru\u00e7\u00e3o moderna e pr\u00e9dios residenciais. O dia est\u00e1 ensolarado. A cena sugere um evento p\u00fablico ou uma apresenta\u00e7\u00e3o informal em um espa\u00e7o p\u00fablico.\" class=\"wp-image-108122\" srcset=\"https:\/\/piracicaba.sp.gov.br\/wp-content\/uploads\/2025\/07\/Musica-ao-vivo-foi-uma-das-atracoes-da-primeira-edicao-1024x576.jpg 1024w, https:\/\/piracicaba.sp.gov.br\/wp-content\/uploads\/2025\/07\/Musica-ao-vivo-foi-uma-das-atracoes-da-primeira-edicao-300x169.jpg 300w, https:\/\/piracicaba.sp.gov.br\/wp-content\/uploads\/2025\/07\/Musica-ao-vivo-foi-uma-das-atracoes-da-primeira-edicao-768x432.jpg 768w, https:\/\/piracicaba.sp.gov.br\/wp-content\/uploads\/2025\/07\/Musica-ao-vivo-foi-uma-das-atracoes-da-primeira-edicao-1536x864.jpg 1536w, https:\/\/piracicaba.sp.gov.br\/wp-content\/uploads\/2025\/07\/Musica-ao-vivo-foi-uma-das-atracoes-da-primeira-edicao.jpg 1600w\" data-sizes=\"(max-width: 1024px) 100vw, 1024px\"\/><figcaption class=\"wp-element-caption\"><strong><em><sub>M\u00fasica ao vivo foi uma das atra\u00e7\u00f5es da primeira edi\u00e7\u00e3o<\/sub><\/em><\/strong><\/figcaption><\/figure>\n<p>A programa\u00e7\u00e3o do MovimentAr \u2013 F\u00e9rias na Avenida, com diversas atividades totalmente gratuitas oferecidas pela Prefeitura de Piracicaba no cal\u00e7ad\u00e3o da avenida Renato Wagner, continua neste domingo, 13\/07, das 9h \u00e0s 12h. No local, crian\u00e7as, jovens, adultos e idosos poder\u00e3o aproveitar diferentes viv\u00eancias esportivas, culturais e de recrea\u00e7\u00e3o. Na ocasi\u00e3o, a avenida Renato Wagner ficar\u00e1 interditada para o tr\u00e1fego de ve\u00edculos, mas bols\u00f5es de estacionamento da via poder\u00e3o ser utilizados para estacionar. A realiza\u00e7\u00e3o \u00e9 das secretarias municipais de Turismo, Cultura e Esportes, em parceria com o Sesc. A programa\u00e7\u00e3o tamb\u00e9m acontecer\u00e1 no dia 20\/07.<\/p>\n<p>Entre as atividades programadas para este domingo est\u00e3o gin\u00e1stica, yoga, atletismo, v\u00f4lei adaptado e karat\u00ea, al\u00e9m de conta\u00e7\u00e3o de hist\u00f3rias, com Carmelina Toledo Piza, e brincadeiras de rua, oferecidas por meio do projeto Ruas do Brincar, do Sesc Piracicaba. Em todas as viv\u00eancias esportivas haver\u00e1 monitoria de equipe t\u00e9cnica de professores da Secretaria de Esportes, visando a seguran\u00e7a na execu\u00e7\u00e3o dos movimentos esportivos. No local estar\u00e3o dispon\u00edveis, ainda, food trucks, com diversas op\u00e7\u00f5es gastron\u00f4micas.\u00a0<\/p>\n<figure class=\"wp-block-image size-large\"><img data-recalc-dims=\"1\" loading=\"lazy\" data-lazyloaded=\"1\" data-placeholder-resp=\"1024x576\" decoding=\"async\" width=\"696\" height=\"392\" src=\"https:\/\/i0.wp.com\/piracicaba.sp.gov.br\/wp-content\/uploads\/2025\/07\/Evento-e-destinado-a-pessoas-de-todas-as-idades-que-podem-aproveitar-diversas-atividades-1024x576.jpg?resize=696%2C392&#038;ssl=1\" alt=\"A imagem mostra uma rua pavimentada com pessoas em ambos os lados. No lado esquerdo, h\u00e1 uma pequena banda tocando instrumentos de sopro. No lado direito, um grupo maior de pessoas est\u00e1 sentado e em p\u00e9, algumas parecendo conversar, outras apenas observando. H\u00e1 \u00e1rvores e vegeta\u00e7\u00e3o em ambos os lados da rua, e edif\u00edcios distantes ao fundo. A atmosfera parece ser tranquila e ensolarada, provavelmente um dia de evento ou reuni\u00e3o comunit\u00e1ria. O c\u00e9u est\u00e1 limpo e azul. H\u00e1 uma torre alta e moderna vis\u00edvel ao fundo, contrastando com a paisagem mais verde e arborizada. O asfalto da rua est\u00e1 limpo e bem conservado. As pessoas est\u00e3o vestidas com roupas casuais e confort\u00e1veis.\" class=\"wp-image-108123\" srcset=\"https:\/\/piracicaba.sp.gov.br\/wp-content\/uploads\/2025\/07\/Evento-e-destinado-a-pessoas-de-todas-as-idades-que-podem-aproveitar-diversas-atividades-1024x576.jpg 1024w, https:\/\/piracicaba.sp.gov.br\/wp-content\/uploads\/2025\/07\/Evento-e-destinado-a-pessoas-de-todas-as-idades-que-podem-aproveitar-diversas-atividades-300x169.jpg 300w, https:\/\/piracicaba.sp.gov.br\/wp-content\/uploads\/2025\/07\/Evento-e-destinado-a-pessoas-de-todas-as-idades-que-podem-aproveitar-diversas-atividades-768x432.jpg 768w, https:\/\/piracicaba.sp.gov.br\/wp-content\/uploads\/2025\/07\/Evento-e-destinado-a-pessoas-de-todas-as-idades-que-podem-aproveitar-diversas-atividades-1536x864.jpg 1536w, https:\/\/piracicaba.sp.gov.br\/wp-content\/uploads\/2025\/07\/Evento-e-destinado-a-pessoas-de-todas-as-idades-que-podem-aproveitar-diversas-atividades.jpg 1600w\" data-sizes=\"(max-width: 1024px) 100vw, 1024px\"\/><figcaption class=\"wp-element-caption\"><strong><em><sub>Evento \u00e9 destinado a pessoas de todas as idades, que podem aproveitar diversas atividades<\/sub><\/em><\/strong><\/figcaption><\/figure>\n<p>\u201cTivemos na estreia da programa\u00e7\u00e3o, no domingo passado, a presen\u00e7a de cerca de 300 pessoas, e esperamos que a popula\u00e7\u00e3o continue participando, aproveitando a manh\u00e3 do domingo para atividades em fam\u00edlia, para um tempo de qualidade, ao ar livre, cultura e gastronomia. E quem desejar poder\u00e1, ainda, fazer um roteiro tur\u00edstico, j\u00e1 que estamos pr\u00f3ximos de diversos pontos tur\u00edsticos da cidade\u201d, disse a titular da Secretaria de Turismo de Piracicaba, Clarissa Quiararia.<\/p>\n<p><strong>EVENTO \u2013<\/strong>\u00a0O nome MovimentAr, com destaque para o Ar no final da palavra, foi pensado para que as fam\u00edlias, pessoas de todas as idades, tanto piracicabanos quanto turistas, aproveitem os domingos de julho para colocar o corpo em movimento, ao ar livre. Al\u00e9m disso, a proposta do Ar \u00e9 alusiva \u00e0 identidade do dialeto piracicabano, que \u00e9 patrim\u00f4nio imaterial da cidade.<\/p>\n<p><strong>TRANSPORTE P\u00daBLICO \u2013<\/strong>\u00a0Quem desejar utilizar o transporte p\u00fablico para chegar \u00e0 avenida Renato Wagner, as linhas de \u00f4nibus que t\u00eam ponto de parada nas proximidades da via s\u00e3o 103 \u2013 Nh\u00f4 Quim, 106 \u2013 Algodoal, 119 \u2013 Godinhos, 120 \u2013 M\u00e1rio Dedini, 123 \u2013 Vila F\u00e1tima, 124 \u2013 Gilda, 126 \u2013 Bosques do Lenheiro, 401 \u2013 \u00c1rtemis, 406 \u2013 Bessy, 444 \u2013 S\u00f4nia \/ Centro, 501 \u2013 Tanquinho, 503 \u2013 Santa Rosa e 505 \u2013 Uninorte. Os hor\u00e1rios e itiner\u00e1rios completos podem ser consultados em piramobilidade.com.br.<\/p>\n<p><strong>ESTACIONAMENTO \u2013<\/strong>\u00a0A\u00a0avenida\u00a0Renato Wagner fica fechada para o tr\u00e1fego de ve\u00edculos durante os dias da programa\u00e7\u00e3o de f\u00e9rias, entretanto, os que optarem por chegar ao local com transporte pr\u00f3prio podem estacionar nos bols\u00f5es de estacionamento liberados na pr\u00f3pria via ou em ruas na regi\u00e3o, como a rua Luiz de Queiroz, as avenidas Beira Rio, Juscelino Kubitschek de Oliveira e Torquato da Silva Leit\u00e3o, al\u00e9m do Parque do Mirante (avenida Dr. Maurice Allain). Caso o participante opte pelo uso de bicicletas, pode estacionar a bike no biciclet\u00e1rio da avenida Renato Wagner.<\/p>\n<\/div>\n<p><br \/>\n<br \/><a href=\"https:\/\/piracicaba.sp.gov.br\/noticias\/movimentar-programacao-de-ferias-totalmente-gratuita-oferecida-pela-prefeitura-continua-no-domingo-13-07\/\" rel=\"noopener\">Informa\u00e7\u00f5es PMP <\/a><\/p>\n","protected":false},"excerpt":{"rendered":"<p>M\u00fasica ao vivo foi uma das atra\u00e7\u00f5es da primeira edi\u00e7\u00e3o A programa\u00e7\u00e3o do MovimentAr \u2013 F\u00e9rias na Avenida, com diversas atividades totalmente gratuitas oferecidas pela Prefeitura de Piracicaba no cal\u00e7ad\u00e3o da avenida Renato Wagner, continua neste domingo, 13\/07, das 9h \u00e0s 12h. No local, crian\u00e7as, jovens, adultos e idosos poder\u00e3o aproveitar diferentes viv\u00eancias esportivas, culturais [&hellip;]<\/p>\n","protected":false},"author":1,"featured_media":38535,"comment_status":"open","ping_status":"open","sticky":false,"template":"","format":"standard","meta":{"_jetpack_newsletter_access":"","_jetpack_dont_email_post_to_subs":false,"_jetpack_newsletter_tier_id":0,"_jetpack_memberships_contains_paywalled_content":false,"_mbp_banners":[],"_jetpack_feature_clip_id":0,"_jetpack_memberships_contains_paid_content":false,"footnotes":"","jetpack_publicize_message":"","jetpack_publicize_feature_enabled":true,"jetpack_social_post_already_shared":true,"jetpack_social_options":{"image_generator_settings":{"template":"highway","default_image_id":0,"font":"","enabled":false},"version":2},"jetpack_post_was_ever_published":false},"categories":[20],"tags":[],"class_list":["post-38534","post","type-post","status-publish","format-standard","has-post-thumbnail","category-regiao"],"jetpack_publicize_connections":[],"jetpack-related-posts":[],"jetpack_shortlink":"https:\/\/wp.me\/p7Eq1F-a1w","jetpack_sharing_enabled":true,"jetpack_featured_media_url":"https:\/\/i0.wp.com\/guialimeira.com.br\/news\/wp-content\/uploads\/2025\/07\/Musica-ao-vivo-foi-uma-das-atracoes-da-primeira-edicao-1024x576.jpg?fit=1024%2C576&ssl=1","_links":{"self":[{"href":"https:\/\/guialimeira.com.br\/news\/wp-json\/wp\/v2\/posts\/38534","targetHints":{"allow":["GET"]}}],"collection":[{"href":"https:\/\/guialimeira.com.br\/news\/wp-json\/wp\/v2\/posts"}],"about":[{"href":"https:\/\/guialimeira.com.br\/news\/wp-json\/wp\/v2\/types\/post"}],"author":[{"embeddable":true,"href":"https:\/\/guialimeira.com.br\/news\/wp-json\/wp\/v2\/users\/1"}],"replies":[{"embeddable":true,"href":"https:\/\/guialimeira.com.br\/news\/wp-json\/wp\/v2\/comments?post=38534"}],"version-history":[{"count":0,"href":"https:\/\/guialimeira.com.br\/news\/wp-json\/wp\/v2\/posts\/38534\/revisions"}],"wp:featuredmedia":[{"embeddable":true,"href":"https:\/\/guialimeira.com.br\/news\/wp-json\/wp\/v2\/media\/38535"}],"wp:attachment":[{"href":"https:\/\/guialimeira.com.br\/news\/wp-json\/wp\/v2\/media?parent=38534"}],"wp:term":[{"taxonomy":"category","embeddable":true,"href":"https:\/\/guialimeira.com.br\/news\/wp-json\/wp\/v2\/categories?post=38534"},{"taxonomy":"post_tag","embeddable":true,"href":"https:\/\/guialimeira.com.br\/news\/wp-json\/wp\/v2\/tags?post=38534"}],"curies":[{"name":"wp","href":"https:\/\/api.w.org\/{rel}","templated":true}]}}