{"id":38461,"date":"2025-07-11T00:26:40","date_gmt":"2025-07-11T03:26:40","guid":{"rendered":"https:\/\/guialimeira.com.br\/2025\/07\/11\/secretaria-de-turismo-divulga-lista-de-restaurantes-selecionados-para-o-7o-festival-gastronomico-portal-do-municipio-de-piracicaba\/"},"modified":"2025-07-11T00:26:40","modified_gmt":"2025-07-11T03:26:40","slug":"secretaria-de-turismo-divulga-lista-de-restaurantes-selecionados-para-o-7o-festival-gastronomico-portal-do-municipio-de-piracicaba","status":"publish","type":"post","link":"https:\/\/guialimeira.com.br\/news\/secretaria-de-turismo-divulga-lista-de-restaurantes-selecionados-para-o-7o-festival-gastronomico-portal-do-municipio-de-piracicaba\/","title":{"rendered":"Secretaria de Turismo divulga lista de restaurantes selecionados para o 7\u00ba Festival Gastron\u00f4mico \u2013 Portal do Munic\u00edpio de Piracicaba"},"content":{"rendered":"<p> <br \/>\n<\/p>\n<div>\n<figure class=\"wp-block-image size-full\"><img data-recalc-dims=\"1\" fetchpriority=\"high\" decoding=\"async\" width=\"696\" height=\"390\" src=\"https:\/\/i0.wp.com\/piracicaba.sp.gov.br\/wp-content\/uploads\/2025\/07\/Foram-selecionados-ao-todo-32-estabelecimentos-para-o-evento.jpg?resize=696%2C390&#038;ssl=1\" alt=\"A imagem mostra uma barraca de comida de rua vibrante e movimentada, repleta de uma variedade de guloseimas deliciosas. No centro da aten\u00e7\u00e3o est\u00e3o v\u00e1rios hamb\u00fargueres suculentos empilhados em bandejas, seus ingredientes frescos vis\u00edveis. Batatas fritas douradas e crocantes est\u00e3o em uma bandeja ao lado, etigando o apetite. Saladas coloridas e vibrantes, cheias de vegetais frescos, tamb\u00e9m est\u00e3o expostas, oferecendo uma op\u00e7\u00e3o mais leve e saud\u00e1vel. Os pratos s\u00e3o apresentados de forma organizada e atraente, com ilumina\u00e7\u00e3o que real\u00e7a suas cores ricas. Ao fundo, um homem est\u00e1 ocupado atendendo os clientes, sua silhueta parcialmente obscurecida, mas sua concentra\u00e7\u00e3o vis\u00edvel. O ambiente \u00e9 um pouco desfocado, mas ainda consegue transmitir a atmosfera animada de um mercado de rua ou evento ao ar livre. A ilumina\u00e7\u00e3o \u00e9 quente e convidativa, criando uma atmosfera aconchegante e convidativa. No geral, a imagem captura a ess\u00eancia de uma experi\u00eancia gastron\u00f4mica casual, divertida e deliciosa.\" class=\"wp-image-108021\" srcset=\"https:\/\/piracicaba.sp.gov.br\/wp-content\/uploads\/2025\/07\/Foram-selecionados-ao-todo-32-estabelecimentos-para-o-evento.jpg 1024w, https:\/\/piracicaba.sp.gov.br\/wp-content\/uploads\/2025\/07\/Foram-selecionados-ao-todo-32-estabelecimentos-para-o-evento-300x168.jpg 300w, https:\/\/piracicaba.sp.gov.br\/wp-content\/uploads\/2025\/07\/Foram-selecionados-ao-todo-32-estabelecimentos-para-o-evento-768x431.jpg 768w\" sizes=\"(max-width: 1024px) 100vw, 1024px\"\/><figcaption class=\"wp-element-caption\"><strong><em><sub>Foram selecionados ao todo 32 estabelecimentos para o evento<\/sub><\/em><\/strong><\/figcaption><\/figure>\n<p>A Prefeitura de Piracicaba,\u00a0por meio da Secretaria Municipal de Turismo, torna p\u00fablica a lista com os nomes dos estabelecimentos gastron\u00f4micos e das cervejarias artesanais selecionadas para participa\u00e7\u00e3o no 7\u00ba Festival Gastron\u00f4mico de Piracicaba \u2013 Comida na Rua, que ser\u00e1 realizado nos dias 1, 2 e 3 de agosto, na pra\u00e7a Jos\u00e9 Bonif\u00e1cio, na regi\u00e3o central da cidade. S\u00e3o ao todo 32 estabelecimentos, sendo 16 de alimenta\u00e7\u00e3o, 8 cervejarias, 3 de drinks, 2 sorveterias e tamb\u00e9m 3 docerias. Agora, os restaurantes devem participar de reuni\u00e3o na Secretaria de Turismo, conforme previsto no edital, que est\u00e1 dispon\u00edvel na \u00edntegra no site da Pasta, em turismopiracicaba.com.br.<\/p>\n<p>Al\u00e9m das exig\u00eancias legais para o funcionamento de um estabelecimento gastron\u00f4mico, a Comiss\u00e3o de Habilita\u00e7\u00e3o avaliou para a sele\u00e7\u00e3o crit\u00e9rios como ingredientes, apresenta\u00e7\u00e3o, criatividade, originalidade, refer\u00eancias culturais, pre\u00e7os e propor\u00e7\u00e3o. No festival, conforme estabelecido no edital, os pratos devem ser comercializados entre R$20 e R$40, e as cervejarias precisam oferecer copos com quantidade de 400 ml de cerveja para o evento, com valores dos copos entre R$15 e R$30. Ser\u00e1 disponibilizado a cada selecionado espa\u00e7o de dois metros de largura e quatro metros de comprimento.<\/p>\n<figure class=\"wp-block-image size-large\"><img data-recalc-dims=\"1\" loading=\"lazy\" decoding=\"async\" width=\"696\" height=\"522\" src=\"https:\/\/i0.wp.com\/piracicaba.sp.gov.br\/wp-content\/uploads\/2025\/07\/Festival-acontecera-em-agosto-na-praca-Jose-Bonifacio-no-centro-da-cidade-1024x768.jpg?resize=696%2C522&#038;ssl=1\" alt=\"A imagem mostra uma feira de comida ao ar livre lotada de pessoas. H\u00e1 muitas barracas de comida, mesas e cadeiras, e um grande n\u00famero de pessoas andando e comendo. O local est\u00e1 coberto por uma estrutura de metal com uma cobertura de lona branca. H\u00e1 \u00e1rvores e vegeta\u00e7\u00e3o ao fundo. A atmosfera parece animada e festiva. As pessoas est\u00e3o vestidas com roupas casuais e parecem estar desfrutando do evento. H\u00e1 uma variedade de op\u00e7\u00f5es de comida dispon\u00edveis, e as pessoas est\u00e3o comprando e comendo em v\u00e1rias barracas. A imagem \u00e9 vibrante e cheia de vida, mostrando a popularidade e o prazer de eventos gastron\u00f4micos ao ar livre\" class=\"wp-image-108022\" srcset=\"https:\/\/piracicaba.sp.gov.br\/wp-content\/uploads\/2025\/07\/Festival-acontecera-em-agosto-na-praca-Jose-Bonifacio-no-centro-da-cidade-1024x768.jpg 1024w, https:\/\/piracicaba.sp.gov.br\/wp-content\/uploads\/2025\/07\/Festival-acontecera-em-agosto-na-praca-Jose-Bonifacio-no-centro-da-cidade-300x225.jpg 300w, https:\/\/piracicaba.sp.gov.br\/wp-content\/uploads\/2025\/07\/Festival-acontecera-em-agosto-na-praca-Jose-Bonifacio-no-centro-da-cidade-768x576.jpg 768w, https:\/\/piracicaba.sp.gov.br\/wp-content\/uploads\/2025\/07\/Festival-acontecera-em-agosto-na-praca-Jose-Bonifacio-no-centro-da-cidade-1536x1152.jpg 1536w, https:\/\/piracicaba.sp.gov.br\/wp-content\/uploads\/2025\/07\/Festival-acontecera-em-agosto-na-praca-Jose-Bonifacio-no-centro-da-cidade.jpg 2000w\" sizes=\"auto, (max-width: 1024px) 100vw, 1024px\"\/><figcaption class=\"wp-element-caption\"><strong><em><sub>Festival acontecer\u00e1 em agosto na pra\u00e7a Jos\u00e9 Bonif\u00e1cio, no centro da cidade<\/sub><\/em><\/strong><\/figcaption><\/figure>\n<p>Os selecionados na categoria alimenta\u00e7\u00e3o foram: A Venda do Matuto, Avvi, Cantina Salvierta, Delicato Bistr\u00f4 Alimenta\u00e7\u00e3o, Empanadeira La Ninha, Estaiada Beira Rio, Kibe do Hassib, Maeh Gastronomia, Meat Steak House, Pintado do Mirante, Seu Arantes Botequim, Small Smash Burger, Smoker Barbecue, The Pizza Map, Umami Culin\u00e1ria Asi\u00e1tica e Vicolo Alto Bar &amp; Cucina.<\/p>\n<p>J\u00e1 as cervejarias aptas \u00e0 participa\u00e7\u00e3o s\u00e3o: A Tutta Birra Cervejaria, Cervejaria Cevada Pura, Dama Bier, Em Nome do Malte, Green Fish Brewing Co., Komtainer Beer, Nh\u00f4 Quim Cervejaria e Sexto Sentido Cervejaria. Quanto \u00e0 categoria drinks, estar\u00e3o no evento Rox Cocktails &amp; Wine, Sucupira e Vitz Bebidas Alco\u00f3licas. As sorveterias ser\u00e3o Bona Bona Sorvetes Criativos e Stab, e os doces ficar\u00e3o sob responsabilidade de Maria Gula Doces, Sucr\u00e9 La Vie e Zuleika\u2019s.<\/p>\n<p>\u201cPela sele\u00e7\u00e3o \u00e9 percept\u00edvel a diversidade gastron\u00f4mica de Piracicaba. Com certeza ser\u00e1 um evento para que piracicabanos e turistas experimentem e conhe\u00e7am mais\u00a0da riqueza do setor no munic\u00edpio, abrangendo a produ\u00e7\u00e3o artesanal de cerveja e os doces, drinks e sorvetes. Menu completo para toda a fam\u00edlia\u201d, falou a titular da Secretaria de Turismo de Piracicaba, Clarissa Quiararia.<\/p>\n<p>Todos os selecionados dever\u00e3o pagar, at\u00e9 dia 15\/08, a taxa de participa\u00e7\u00e3o conforme a categoria. O valor ser\u00e1 integralmente destinado ao Fundo Municipal de Turismo, para investimento no setor.<\/p>\n<figure class=\"wp-block-image size-full\"><img data-recalc-dims=\"1\" loading=\"lazy\" decoding=\"async\" width=\"696\" height=\"464\" src=\"https:\/\/i0.wp.com\/piracicaba.sp.gov.br\/wp-content\/uploads\/2025\/07\/Diversas-opcoes-gastronomicas-estarao-a-disposicao-do-publico.jpg?resize=696%2C464&#038;ssl=1\" alt=\"A imagem mostra v\u00e1rios sandu\u00edches sendo preparados numa cozinha. Um ma\u00e7arico de cozinha est\u00e1 sendo usado para queimar o queijo em um dos sandu\u00edches. Os sandu\u00edches parecem conter camar\u00e3o, abacate e outros ingredientes. Os sandu\u00edches est\u00e3o dispostos em uma superf\u00edcie verde. O fundo da imagem est\u00e1 fora de foco, mas mostra um ambiente de cozinha movimentado. A imagem \u00e9 bem iluminada e colorida, dando uma sensa\u00e7\u00e3o de energia e a\u00e7\u00e3o.\" class=\"wp-image-108023\" srcset=\"https:\/\/piracicaba.sp.gov.br\/wp-content\/uploads\/2025\/07\/Diversas-opcoes-gastronomicas-estarao-a-disposicao-do-publico.jpg 1024w, https:\/\/piracicaba.sp.gov.br\/wp-content\/uploads\/2025\/07\/Diversas-opcoes-gastronomicas-estarao-a-disposicao-do-publico-300x200.jpg 300w, https:\/\/piracicaba.sp.gov.br\/wp-content\/uploads\/2025\/07\/Diversas-opcoes-gastronomicas-estarao-a-disposicao-do-publico-768x512.jpg 768w\" sizes=\"auto, (max-width: 1024px) 100vw, 1024px\"\/><figcaption class=\"wp-element-caption\"><strong><em><sub>Diversas op\u00e7\u00f5es gastron\u00f4micas estar\u00e3o \u00e0 disposi\u00e7\u00e3o do p\u00fablico<\/sub><\/em><\/strong><\/figcaption><\/figure>\n<\/p><\/div>\n<p><br \/>\n<br \/><a href=\"https:\/\/piracicaba.sp.gov.br\/noticias\/secretaria-de-turismo-divulga-lista-de-restaurantes-selecionados-para-o-7o-festival-gastronomico\/\" rel=\"noopener\">Informa\u00e7\u00f5es PMP <\/a><\/p>\n","protected":false},"excerpt":{"rendered":"<p>Foram selecionados ao todo 32 estabelecimentos para o evento A Prefeitura de Piracicaba,\u00a0por meio da Secretaria Municipal de Turismo, torna p\u00fablica a lista com os nomes dos estabelecimentos gastron\u00f4micos e das cervejarias artesanais selecionadas para participa\u00e7\u00e3o no 7\u00ba Festival Gastron\u00f4mico de Piracicaba \u2013 Comida na Rua, que ser\u00e1 realizado nos dias 1, 2 e 3 [&hellip;]<\/p>\n","protected":false},"author":1,"featured_media":38462,"comment_status":"open","ping_status":"open","sticky":false,"template":"","format":"standard","meta":{"_jetpack_newsletter_access":"","_jetpack_dont_email_post_to_subs":false,"_jetpack_newsletter_tier_id":0,"_jetpack_memberships_contains_paywalled_content":false,"_mbp_banners":[],"_jetpack_feature_clip_id":0,"_jetpack_memberships_contains_paid_content":false,"footnotes":"","jetpack_publicize_message":"","jetpack_publicize_feature_enabled":true,"jetpack_social_post_already_shared":true,"jetpack_social_options":{"image_generator_settings":{"template":"highway","default_image_id":0,"font":"","enabled":false},"version":2},"jetpack_post_was_ever_published":false},"categories":[20],"tags":[],"class_list":["post-38461","post","type-post","status-publish","format-standard","has-post-thumbnail","category-regiao"],"jetpack_publicize_connections":[],"jetpack-related-posts":[],"jetpack_shortlink":"https:\/\/wp.me\/p7Eq1F-a0l","jetpack_sharing_enabled":true,"jetpack_featured_media_url":"https:\/\/i0.wp.com\/guialimeira.com.br\/news\/wp-content\/uploads\/2025\/07\/Foram-selecionados-ao-todo-32-estabelecimentos-para-o-evento.jpg?fit=1024%2C574&ssl=1","_links":{"self":[{"href":"https:\/\/guialimeira.com.br\/news\/wp-json\/wp\/v2\/posts\/38461","targetHints":{"allow":["GET"]}}],"collection":[{"href":"https:\/\/guialimeira.com.br\/news\/wp-json\/wp\/v2\/posts"}],"about":[{"href":"https:\/\/guialimeira.com.br\/news\/wp-json\/wp\/v2\/types\/post"}],"author":[{"embeddable":true,"href":"https:\/\/guialimeira.com.br\/news\/wp-json\/wp\/v2\/users\/1"}],"replies":[{"embeddable":true,"href":"https:\/\/guialimeira.com.br\/news\/wp-json\/wp\/v2\/comments?post=38461"}],"version-history":[{"count":0,"href":"https:\/\/guialimeira.com.br\/news\/wp-json\/wp\/v2\/posts\/38461\/revisions"}],"wp:featuredmedia":[{"embeddable":true,"href":"https:\/\/guialimeira.com.br\/news\/wp-json\/wp\/v2\/media\/38462"}],"wp:attachment":[{"href":"https:\/\/guialimeira.com.br\/news\/wp-json\/wp\/v2\/media?parent=38461"}],"wp:term":[{"taxonomy":"category","embeddable":true,"href":"https:\/\/guialimeira.com.br\/news\/wp-json\/wp\/v2\/categories?post=38461"},{"taxonomy":"post_tag","embeddable":true,"href":"https:\/\/guialimeira.com.br\/news\/wp-json\/wp\/v2\/tags?post=38461"}],"curies":[{"name":"wp","href":"https:\/\/api.w.org\/{rel}","templated":true}]}}