{"id":38456,"date":"2025-07-10T23:25:51","date_gmt":"2025-07-11T02:25:51","guid":{"rendered":"https:\/\/guialimeira.com.br\/2025\/07\/10\/defesa-civil-reforca-acoes-preventivas-durante-o-periodo-de-estiagem-em-piracicaba-portal-do-municipio-de-piracicaba\/"},"modified":"2025-07-10T23:25:51","modified_gmt":"2025-07-11T02:25:51","slug":"defesa-civil-reforca-acoes-preventivas-durante-o-periodo-de-estiagem-em-piracicaba-portal-do-municipio-de-piracicaba","status":"publish","type":"post","link":"https:\/\/guialimeira.com.br\/news\/defesa-civil-reforca-acoes-preventivas-durante-o-periodo-de-estiagem-em-piracicaba-portal-do-municipio-de-piracicaba\/","title":{"rendered":"Defesa Civil refor\u00e7a a\u00e7\u00f5es preventivas durante o per\u00edodo de estiagem em Piracicaba \u2013 Portal do Munic\u00edpio de Piracicaba"},"content":{"rendered":"<p> <br \/>\n<\/p>\n<div>\n<figure class=\"wp-block-image size-large\"><img data-recalc-dims=\"1\" fetchpriority=\"high\" decoding=\"async\" width=\"696\" height=\"522\" src=\"https:\/\/i0.wp.com\/piracicaba.sp.gov.br\/wp-content\/uploads\/2025\/07\/Defesa-Civil-reforca-acoes-preventivas-durante-o-periodo-de-estiagem-1024x768.jpg?resize=696%2C522&#038;ssl=1\" alt=\"A imagem mostra duas pessoas colocando um cartaz em uma cerca de metal em um parque. O cartaz apresenta uma foto de Celso, um her\u00f3i na luta contra inc\u00eandios florestais, e uma mensagem sobre os perigos de soltar bal\u00f5es. O cartaz tamb\u00e9m inclui os logotipos da Opera\u00e7\u00e3o SP Sem Fogo e do Governo do Estado de S\u00e3o Paulo. As pessoas na imagem parecem ser bombeiros ou funcion\u00e1rios do governo. A cena \u00e9 iluminada pelo sol, e o fundo mostra \u00e1rvores e grama. A imagem \u00e9 uma propaganda da campanha &quot;SP Sem Fogo&quot;, que visa conscientizar a popula\u00e7\u00e3o sobre os perigos dos inc\u00eandios florestais e do lan\u00e7amento de bal\u00f5es. O cartaz destaca o trabalho de Celso, um her\u00f3i an\u00f4nimo que luta contra os inc\u00eandios, e incentiva as pessoas a denunciarem os casos de soltura de bal\u00f5es. A imagem \u00e9 um exemplo de como o governo de S\u00e3o Paulo est\u00e1 utilizando diferentes meios para disseminar sua mensagem de preven\u00e7\u00e3o e combate a inc\u00eandios.\" class=\"wp-image-108027\" srcset=\"https:\/\/piracicaba.sp.gov.br\/wp-content\/uploads\/2025\/07\/Defesa-Civil-reforca-acoes-preventivas-durante-o-periodo-de-estiagem-1024x768.jpg 1024w, https:\/\/piracicaba.sp.gov.br\/wp-content\/uploads\/2025\/07\/Defesa-Civil-reforca-acoes-preventivas-durante-o-periodo-de-estiagem-300x225.jpg 300w, https:\/\/piracicaba.sp.gov.br\/wp-content\/uploads\/2025\/07\/Defesa-Civil-reforca-acoes-preventivas-durante-o-periodo-de-estiagem-768x576.jpg 768w, https:\/\/piracicaba.sp.gov.br\/wp-content\/uploads\/2025\/07\/Defesa-Civil-reforca-acoes-preventivas-durante-o-periodo-de-estiagem.jpg 1280w\" sizes=\"(max-width: 1024px) 100vw, 1024px\"\/><figcaption class=\"wp-element-caption\">D<strong><em><sub>efesa Civil refor\u00e7a a\u00e7\u00f5es preventivas durante o per\u00edodo de estiagem<\/sub><\/em><\/strong><\/figcaption><\/figure>\n<p>A Defesa Civil de Piracicaba intensificou a\u00e7\u00f5es de preven\u00e7\u00e3o para o per\u00edodo de estiagem, que vai de junho a outubro, com a fixa\u00e7\u00e3o de banners educativos em pontos estrat\u00e9gicos da cidade. A iniciativa integra a Opera\u00e7\u00e3o SP Sem Fogo, desenvolvida em parceria com a Defesa Civil do Estado de S\u00e3o Paulo, e tem como objetivo reduzir os focos de inc\u00eandios florestais, queimadas em \u00e1reas verdes e o risco de acidentes causados pela soltura de bal\u00f5es.<\/p>\n<p>Ao todo, oito banners foram instalados em locais de grande circula\u00e7\u00e3o de pessoas, como as imedia\u00e7\u00f5es da Esalq (Escola Superior de Agricultura Luiz de Queiroz), av. Carlos Botelho, av. 31 de Mar\u00e7o e em frente ao pr\u00e9dio do Centro C\u00edvico. Os banners permanecem expostos at\u00e9 setembro.<\/p>\n<figure class=\"wp-block-image size-large\"><img data-recalc-dims=\"1\" loading=\"lazy\" decoding=\"async\" width=\"696\" height=\"522\" src=\"https:\/\/i0.wp.com\/piracicaba.sp.gov.br\/wp-content\/uploads\/2025\/07\/Celio-dos-Santos-e-Patricia-de-Souza-Santos-da-Defesa-Civil-instalaram-faixa-alertando-sobre-possiveis-deslizamentos-de-rochas-na-regiao-da-pedreira-do-Bongue-1024x768.jpg?resize=696%2C522&#038;ssl=1\" alt=\"A imagem mostra uma faixa grande com um aviso de deslizamento de terra. A faixa est\u00e1 em portugu\u00eas e tem um tri\u00e2ngulo de advert\u00eancia com pedras caindo. H\u00e1 texto que diz &quot;Defesa Civil&quot;, &quot;Protege voc\u00ea&quot;, &quot;Procure um lugar seguro ao menor sinal de deslizamento&quot;, e o logotipo do governo do estado de S\u00e3o Paulo. Duas pessoas uniformizadas de Defesa Civil est\u00e3o em p\u00e9 ao lado da faixa. A faixa est\u00e1 fixada em uma cerca em um ambiente externo com vegeta\u00e7\u00e3o. A imagem parece ter sido tirada durante o dia com boa ilumina\u00e7\u00e3o.\" class=\"wp-image-108026\" srcset=\"https:\/\/piracicaba.sp.gov.br\/wp-content\/uploads\/2025\/07\/Celio-dos-Santos-e-Patricia-de-Souza-Santos-da-Defesa-Civil-instalaram-faixa-alertando-sobre-possiveis-deslizamentos-de-rochas-na-regiao-da-pedreira-do-Bongue-1024x768.jpg 1024w, https:\/\/piracicaba.sp.gov.br\/wp-content\/uploads\/2025\/07\/Celio-dos-Santos-e-Patricia-de-Souza-Santos-da-Defesa-Civil-instalaram-faixa-alertando-sobre-possiveis-deslizamentos-de-rochas-na-regiao-da-pedreira-do-Bongue-300x225.jpg 300w, https:\/\/piracicaba.sp.gov.br\/wp-content\/uploads\/2025\/07\/Celio-dos-Santos-e-Patricia-de-Souza-Santos-da-Defesa-Civil-instalaram-faixa-alertando-sobre-possiveis-deslizamentos-de-rochas-na-regiao-da-pedreira-do-Bongue-768x576.jpg 768w, https:\/\/piracicaba.sp.gov.br\/wp-content\/uploads\/2025\/07\/Celio-dos-Santos-e-Patricia-de-Souza-Santos-da-Defesa-Civil-instalaram-faixa-alertando-sobre-possiveis-deslizamentos-de-rochas-na-regiao-da-pedreira-do-Bongue.jpg 1280w\" sizes=\"auto, (max-width: 1024px) 100vw, 1024px\"\/><figcaption class=\"wp-element-caption\"><strong><em><sub>C\u00e9lio dos Santos e Patr\u00edcia de Souza Santos, da Defesa Civil, instalaram faixa alertando sobre poss\u00edveis deslizamentos de rochas na regi\u00e3o da pedreira do Bongue<\/sub><\/em><\/strong><\/figcaption><\/figure>\n<p>Durante a fase vermelha da Opera\u00e7\u00e3o, ativada justamente neste per\u00edodo mais seco do ano, as a\u00e7\u00f5es de combate ao fogo e de fiscaliza\u00e7\u00e3o s\u00e3o intensificadas, com refor\u00e7o nas campanhas preventivas e na comunica\u00e7\u00e3o junto \u00e0 popula\u00e7\u00e3o.<\/p>\n<p>Al\u00e9m dos banners da campanha estadual, a Defesa Civil tamb\u00e9m instalou uma faixa pr\u00f3xima \u00e0 rotat\u00f3ria da Prefeitura, alertando sobre poss\u00edveis deslizamentos de tochas na regi\u00e3o da pedreira do Bongue. Segundo o coordenador da Defesa Civil, C\u00e9lio Francisco dos Santos, a medida \u00e9 preventiva e serve como alerta para a popula\u00e7\u00e3o.<\/p>\n<p>\u201cA pedreira possui uma vala de conten\u00e7\u00e3o constru\u00edda para proteger a \u00e1rea em caso de desagregamento do talude, e o local \u00e9 monitorado. Contudo, a aten\u00e7\u00e3o da popula\u00e7\u00e3o \u00e9 essencial para evitar riscos\u201d, explicou C\u00e9lio.<\/p>\n<p><strong>PLUVI\u00d4METROS<\/strong>\u00a0\u2013 A equipe da Defesa Civil tamb\u00e9m realizou a manuten\u00e7\u00e3o mensal dos pluvi\u00f4metros instalados em diferentes pontos do munic\u00edpio. Os equipamentos s\u00e3o fundamentais para o monitoramento das chuvas e para orientar a\u00e7\u00f5es preventivas em caso de risco de enchentes ou desastres naturais.<\/p>\n<figure class=\"wp-block-image size-large\"><img data-recalc-dims=\"1\" loading=\"lazy\" decoding=\"async\" width=\"696\" height=\"522\" src=\"https:\/\/i0.wp.com\/piracicaba.sp.gov.br\/wp-content\/uploads\/2025\/07\/Defesa-Civil-realizou-a-manutencao-dos-pluviometros-instalados-em-diferentes-pontos-do-municipio-1024x768.jpg?resize=696%2C522&#038;ssl=1\" alt=\"A imagem mostra dois indiv\u00edduos, um homem e uma mulher, aparentemente envolvidos em uma atividade de monitoramento ou coleta de dados meteorol\u00f3gicos. A mulher, vestindo uniforme escuro com um logo, segura um recipiente met\u00e1lico, possivelmente para coletar amostras de \u00e1gua ou outro material. O homem, tamb\u00e9m uniformizado, com um colete laranja e preto com logotipos, parece estar operando ou inspecionando um equipamento instalado em um poste met\u00e1lico. O equipamento tem sensores e parece ser um instrumento meteorol\u00f3gico. Ao redor, h\u00e1 uma cerca de arame e postes de madeira brancos. No ch\u00e3o, h\u00e1 uma base de concreto com inscri\u00e7\u00f5es, possivelmente indicando uma localiza\u00e7\u00e3o ou c\u00f3digo. O ambiente parece ser externo, em uma \u00e1rea com vegeta\u00e7\u00e3o. A imagem sugere uma atividade profissional relacionada \u00e0 meteorologia ou monitoramento ambiental.\" class=\"wp-image-108028\" srcset=\"https:\/\/piracicaba.sp.gov.br\/wp-content\/uploads\/2025\/07\/Defesa-Civil-realizou-a-manutencao-dos-pluviometros-instalados-em-diferentes-pontos-do-municipio-1024x768.jpg 1024w, https:\/\/piracicaba.sp.gov.br\/wp-content\/uploads\/2025\/07\/Defesa-Civil-realizou-a-manutencao-dos-pluviometros-instalados-em-diferentes-pontos-do-municipio-300x225.jpg 300w, https:\/\/piracicaba.sp.gov.br\/wp-content\/uploads\/2025\/07\/Defesa-Civil-realizou-a-manutencao-dos-pluviometros-instalados-em-diferentes-pontos-do-municipio-768x576.jpg 768w, https:\/\/piracicaba.sp.gov.br\/wp-content\/uploads\/2025\/07\/Defesa-Civil-realizou-a-manutencao-dos-pluviometros-instalados-em-diferentes-pontos-do-municipio.jpg 1280w\" sizes=\"auto, (max-width: 1024px) 100vw, 1024px\"\/><figcaption class=\"wp-element-caption\"><strong><em><sub>Defesa Civil realizou a manuten\u00e7\u00e3o dos pluvi\u00f4metros instalados em diferentes pontos do munic\u00edpio<\/sub><\/em><\/strong><\/figcaption><\/figure>\n<p>Atualmente, o munic\u00edpio conta com cinco pluvi\u00f4metros, sendo quatro autom\u00e1ticos localizados na Rua do Porto, Esalq, av. 31 de Mar\u00e7o, e no bairro Boa Vista,\u00a0al\u00e9m de um pluvi\u00f4metro manual na base da Defesa Civil, na Esta\u00e7\u00e3o da Paulista. As manuten\u00e7\u00f5es, feitas pelo coordenador C\u00e9lio Francisco dos Santos e pela agente Patr\u00edcia de Souza Santos, incluem a limpeza do filtro, agulha, funil e painel dos aparelhos.<\/p>\n<p>Os dados coletados nos aparelhos s\u00e3o enviados ao CGE (Centro de Gerenciamento de Emerg\u00eancias Clim\u00e1ticas da Prefeitura de S\u00e3o Paulo) e ao Cemaden (Centro Nacional de Monitoramento e Alertas de Desastres Naturais), que utilizam as informa\u00e7\u00f5es para o planejamento de a\u00e7\u00f5es emergenciais.\u00a0<\/p>\n<p>A leitura precisa das chuvas tamb\u00e9m \u00e9 essencial para o acompanhamento dos n\u00edveis dos principais cursos d\u2019\u00e1gua do munic\u00edpio, que frequentemente registram ocorr\u00eancias de enchentes: rios Piracicaba e Corumbata\u00ed e o ribeir\u00e3o do Piracicamirim.<\/p>\n<p>\u201cCom o uso dos pluvi\u00f4metros, a Defesa Civil consegue antecipar situa\u00e7\u00f5es de risco e atuar com maior agilidade\u201d, explicou C\u00e9lio.<\/p>\n<\/p><\/div>\n<p><br \/>\n<br \/><a href=\"https:\/\/piracicaba.sp.gov.br\/noticias\/defesa-civil-reforca-acoes-preventivas-durante-o-periodo-de-estiagem-em-piracicaba\/\" rel=\"noopener\">Informa\u00e7\u00f5es PMP <\/a><\/p>\n","protected":false},"excerpt":{"rendered":"<p>Defesa Civil refor\u00e7a a\u00e7\u00f5es preventivas durante o per\u00edodo de estiagem A Defesa Civil de Piracicaba intensificou a\u00e7\u00f5es de preven\u00e7\u00e3o para o per\u00edodo de estiagem, que vai de junho a outubro, com a fixa\u00e7\u00e3o de banners educativos em pontos estrat\u00e9gicos da cidade. A iniciativa integra a Opera\u00e7\u00e3o SP Sem Fogo, desenvolvida em parceria com a Defesa [&hellip;]<\/p>\n","protected":false},"author":1,"featured_media":38457,"comment_status":"open","ping_status":"open","sticky":false,"template":"","format":"standard","meta":{"_jetpack_newsletter_access":"","_jetpack_dont_email_post_to_subs":false,"_jetpack_newsletter_tier_id":0,"_jetpack_memberships_contains_paywalled_content":false,"_mbp_banners":[],"_jetpack_feature_clip_id":0,"_jetpack_memberships_contains_paid_content":false,"footnotes":"","jetpack_publicize_message":"","jetpack_publicize_feature_enabled":true,"jetpack_social_post_already_shared":true,"jetpack_social_options":{"image_generator_settings":{"template":"highway","default_image_id":0,"font":"","enabled":false},"version":2},"jetpack_post_was_ever_published":false},"categories":[20],"tags":[],"class_list":["post-38456","post","type-post","status-publish","format-standard","has-post-thumbnail","category-regiao"],"jetpack_publicize_connections":[],"jetpack-related-posts":[],"jetpack_shortlink":"https:\/\/wp.me\/p7Eq1F-a0g","jetpack_sharing_enabled":true,"jetpack_featured_media_url":"https:\/\/i0.wp.com\/guialimeira.com.br\/news\/wp-content\/uploads\/2025\/07\/Defesa-Civil-reforca-acoes-preventivas-durante-o-periodo-de-estiagem-1024x768.jpg?fit=1024%2C768&ssl=1","_links":{"self":[{"href":"https:\/\/guialimeira.com.br\/news\/wp-json\/wp\/v2\/posts\/38456","targetHints":{"allow":["GET"]}}],"collection":[{"href":"https:\/\/guialimeira.com.br\/news\/wp-json\/wp\/v2\/posts"}],"about":[{"href":"https:\/\/guialimeira.com.br\/news\/wp-json\/wp\/v2\/types\/post"}],"author":[{"embeddable":true,"href":"https:\/\/guialimeira.com.br\/news\/wp-json\/wp\/v2\/users\/1"}],"replies":[{"embeddable":true,"href":"https:\/\/guialimeira.com.br\/news\/wp-json\/wp\/v2\/comments?post=38456"}],"version-history":[{"count":0,"href":"https:\/\/guialimeira.com.br\/news\/wp-json\/wp\/v2\/posts\/38456\/revisions"}],"wp:featuredmedia":[{"embeddable":true,"href":"https:\/\/guialimeira.com.br\/news\/wp-json\/wp\/v2\/media\/38457"}],"wp:attachment":[{"href":"https:\/\/guialimeira.com.br\/news\/wp-json\/wp\/v2\/media?parent=38456"}],"wp:term":[{"taxonomy":"category","embeddable":true,"href":"https:\/\/guialimeira.com.br\/news\/wp-json\/wp\/v2\/categories?post=38456"},{"taxonomy":"post_tag","embeddable":true,"href":"https:\/\/guialimeira.com.br\/news\/wp-json\/wp\/v2\/tags?post=38456"}],"curies":[{"name":"wp","href":"https:\/\/api.w.org\/{rel}","templated":true}]}}