{"id":38451,"date":"2025-07-10T22:24:44","date_gmt":"2025-07-11T01:24:44","guid":{"rendered":"https:\/\/guialimeira.com.br\/2025\/07\/10\/fundo-social-de-solidariedade-recebe-doacao-de-2385-kg-de-roupas-de-inverno-portal-do-municipio-de-piracicaba\/"},"modified":"2025-07-10T22:24:44","modified_gmt":"2025-07-11T01:24:44","slug":"fundo-social-de-solidariedade-recebe-doacao-de-2385-kg-de-roupas-de-inverno-portal-do-municipio-de-piracicaba","status":"publish","type":"post","link":"https:\/\/guialimeira.com.br\/news\/fundo-social-de-solidariedade-recebe-doacao-de-2385-kg-de-roupas-de-inverno-portal-do-municipio-de-piracicaba\/","title":{"rendered":"Fundo Social de Solidariedade recebe doa\u00e7\u00e3o de 23,85 kg de roupas de inverno \u2013 Portal do Munic\u00edpio de Piracicaba"},"content":{"rendered":"<p> <br \/>\n<\/p>\n<div>\n<p>O Fundo Social de Solidariedade de Piracicaba recebeu nesta semana a doa\u00e7\u00e3o de 23,85 kg de roupas de inverno arrecadadas pela empresa CJ do Brasil. As pe\u00e7as, como cal\u00e7as, camisetas, blusas e outros itens, foram reunidas em uma campanha interna promovida entre os colaboradores da empresa e ser\u00e3o destinadas a fam\u00edlias em situa\u00e7\u00e3o de vulnerabilidade social.<\/p>\n<figure class=\"wp-block-image size-full\"><img data-recalc-dims=\"1\" fetchpriority=\"high\" decoding=\"async\" width=\"696\" height=\"696\" src=\"https:\/\/i0.wp.com\/piracicaba.sp.gov.br\/wp-content\/uploads\/2025\/07\/O-Fundo-Social-de-Solidariedade-recebeu-a-doacao-de-2385-kg-de-roupas-de-inverno-arrecadadas-pelos-funcionarios-da-empresa-CJ-do-Brasil.jpg?resize=696%2C696&#038;ssl=1\" alt=\"A imagem mostra tr\u00eas indiv\u00edduos, duas mulheres e um homem, participando de uma campanha de doa\u00e7\u00e3o de agasalhos. Est\u00e3o posicionados em frente a uma caixa de papel\u00e3o grande, onde depositam roupas doadas. A caixa est\u00e1 claramente rotulada com o t\u00edtulo &quot;Campanha do Agasalho 2025&quot; e a frase &quot;Fa\u00e7a sua doa\u00e7\u00e3o aqui&quot;. As pessoas na imagem parecem felizes e engajadas em ajudar a causa. As roupas doadas s\u00e3o vis\u00edveis tanto nas m\u00e3os das pessoas quanto dentro da caixa, mostrando uma variedade de itens como casacos, blusas e cal\u00e7as. O ambiente parece ser um espa\u00e7o interno, possivelmente um local de coleta para a campanha. O fundo \u00e9 neutro e pouco detalhado, focando a aten\u00e7\u00e3o nas pessoas e na caixa de doa\u00e7\u00f5es. A imagem transmite uma mensagem positiva de solidariedade e ajuda ao pr\u00f3ximo.\" class=\"wp-image-108032\" srcset=\"https:\/\/piracicaba.sp.gov.br\/wp-content\/uploads\/2025\/07\/O-Fundo-Social-de-Solidariedade-recebeu-a-doacao-de-2385-kg-de-roupas-de-inverno-arrecadadas-pelos-funcionarios-da-empresa-CJ-do-Brasil.jpg 960w, https:\/\/piracicaba.sp.gov.br\/wp-content\/uploads\/2025\/07\/O-Fundo-Social-de-Solidariedade-recebeu-a-doacao-de-2385-kg-de-roupas-de-inverno-arrecadadas-pelos-funcionarios-da-empresa-CJ-do-Brasil-300x300.jpg 300w, https:\/\/piracicaba.sp.gov.br\/wp-content\/uploads\/2025\/07\/O-Fundo-Social-de-Solidariedade-recebeu-a-doacao-de-2385-kg-de-roupas-de-inverno-arrecadadas-pelos-funcionarios-da-empresa-CJ-do-Brasil-150x150.jpg 150w, https:\/\/piracicaba.sp.gov.br\/wp-content\/uploads\/2025\/07\/O-Fundo-Social-de-Solidariedade-recebeu-a-doacao-de-2385-kg-de-roupas-de-inverno-arrecadadas-pelos-funcionarios-da-empresa-CJ-do-Brasil-768x768.jpg 768w\" sizes=\"(max-width: 960px) 100vw, 960px\"\/><figcaption class=\"wp-element-caption\"><strong><em><sub>O Fundo Social de Solidariedade recebeu a doa\u00e7\u00e3o de 23,85 kg de roupas de inverno arrecadadas pelos funcion\u00e1rios da empresa CJ do Brasil<\/sub><\/em><\/strong><\/figcaption><\/figure>\n<p>A presidente do Fundo Social, Valkiria Callovi, destacou a import\u00e2ncia do envolvimento da iniciativa privada em a\u00e7\u00f5es solid\u00e1rias. \u201cA parceria com empresas como a CJ fortalece muito a campanha. Essas doa\u00e7\u00f5es representam cuidado, solidariedade e empatia com quem mais precisa. Nosso agradecimento a todos os colaboradores que participaram dessa mobiliza\u00e7\u00e3o\u201d, afirmou.<\/p>\n<p>Com presen\u00e7a global e atua\u00e7\u00e3o local, a CJ refor\u00e7a seu compromisso com a responsabilidade social por meio de a\u00e7\u00f5es concretas. \u201cA campanha do agasalho j\u00e1 faz parte do nosso calend\u00e1rio anual. Mobilizar os colaboradores para uma causa t\u00e3o importante \u00e9 gratificante e reafirma o nosso papel junto \u00e0 comunidade\u201d, destacou Natan de Araujo Santo, assessor de comunica\u00e7\u00e3o da CJ do Brasil. A empresa tamb\u00e9m agradeceu ao Fundo Social pela parceria e confian\u00e7a em mais um ano de colabora\u00e7\u00e3o.<\/p>\n<p><strong>BANCO DE ALIMENTOS<\/strong>\u00a0\u2013\u00a0Al\u00e9m das roupas de inverno, a CJ do Brasil tamb\u00e9m realizou a doa\u00e7\u00e3o de alimentos arrecadados durante a Corrida Circuito Cidades Paulistas. Foram entregues ao Fundo Social 207 litros de leite, al\u00e9m de itens como arroz, \u00f3leo de soja, macarr\u00e3o, farinha e feij\u00e3o.<\/p>\n<p>Todos os alimentos ser\u00e3o encaminhados ao Banco de Alimentos de Piracicaba, que atende fam\u00edlias cadastradas no Cad\u00danico (Cadastro \u00danico para Programas Sociais). Os participantes da corrida contribu\u00edram com as doa\u00e7\u00f5es no momento da retirada do kit.<\/p>\n<figure class=\"wp-block-image size-large\"><img data-recalc-dims=\"1\" loading=\"lazy\" decoding=\"async\" width=\"696\" height=\"522\" src=\"https:\/\/i0.wp.com\/piracicaba.sp.gov.br\/wp-content\/uploads\/2025\/07\/A-empresa-CJ-do-Brasil-realizou-a-doacao-de-alimentos-arrecadados-durante-a-Corrida-Circuito-Cidades-Paulistas-para-o-Fundo-Social-1024x768.jpg?resize=696%2C522&#038;ssl=1\" alt=\"A imagem mostra uma mulher de meia-idade, com cabelo castanho claro e olhos claros, sorrindo para a c\u00e2mera. Ela est\u00e1 usando uma blusa verde e est\u00e1 segurando um pacote de arroz. Ao seu lado, h\u00e1 um carrinho de pl\u00e1stico cheio de v\u00e1rios itens de mantimentos, incluindo leite e feij\u00e3o. Ao fundo, h\u00e1 pilhas de caixas de leite empilhadas contra uma parede de tijolos brancos. A cena parece ser um dep\u00f3sito ou armaz\u00e9m. A mulher parece estar envolvida em alguma atividade de doa\u00e7\u00e3o ou distribui\u00e7\u00e3o de alimentos. A ilumina\u00e7\u00e3o \u00e9 suave e natural, e a imagem geral \u00e9 clara e bem focada.\" class=\"wp-image-108031\" srcset=\"https:\/\/piracicaba.sp.gov.br\/wp-content\/uploads\/2025\/07\/A-empresa-CJ-do-Brasil-realizou-a-doacao-de-alimentos-arrecadados-durante-a-Corrida-Circuito-Cidades-Paulistas-para-o-Fundo-Social-1024x768.jpg 1024w, https:\/\/piracicaba.sp.gov.br\/wp-content\/uploads\/2025\/07\/A-empresa-CJ-do-Brasil-realizou-a-doacao-de-alimentos-arrecadados-durante-a-Corrida-Circuito-Cidades-Paulistas-para-o-Fundo-Social-300x225.jpg 300w, https:\/\/piracicaba.sp.gov.br\/wp-content\/uploads\/2025\/07\/A-empresa-CJ-do-Brasil-realizou-a-doacao-de-alimentos-arrecadados-durante-a-Corrida-Circuito-Cidades-Paulistas-para-o-Fundo-Social-768x576.jpg 768w, https:\/\/piracicaba.sp.gov.br\/wp-content\/uploads\/2025\/07\/A-empresa-CJ-do-Brasil-realizou-a-doacao-de-alimentos-arrecadados-durante-a-Corrida-Circuito-Cidades-Paulistas-para-o-Fundo-Social-1536x1152.jpg 1536w, https:\/\/piracicaba.sp.gov.br\/wp-content\/uploads\/2025\/07\/A-empresa-CJ-do-Brasil-realizou-a-doacao-de-alimentos-arrecadados-durante-a-Corrida-Circuito-Cidades-Paulistas-para-o-Fundo-Social-2048x1536.jpg 2048w\" sizes=\"auto, (max-width: 1024px) 100vw, 1024px\"\/><figcaption class=\"wp-element-caption\"><strong><em><sub>A empresa CJ do Brasil realizou a doa\u00e7\u00e3o de alimentos arrecadados durante a Corrida Circuito Cidades Paulistas para o Fundo Social<\/sub><\/em><\/strong><\/figcaption><\/figure>\n<p><strong>DOA\u00c7\u00d5ES<\/strong>\u00a0\u2013 A Campanha do Agasalho 2025, realizada pelo Fundo Social em parceria com a EPTV Campinas, segue at\u00e9 o dia 31\/07 e conta com 20 pontos de arrecada\u00e7\u00e3o espalhados por Piracicaba. A a\u00e7\u00e3o foi lan\u00e7ada em abril e convida a popula\u00e7\u00e3o a doar roupas de inverno masculinas, femininas e infantis, al\u00e9m de cobertores, mantas, luvas, toucas e cal\u00e7ados \u2014 desde que em bom estado de uso.<\/p>\n<p>O Centro C\u00edvico permanece como ponto fixo de arrecada\u00e7\u00e3o durante toda a campanha. A lista completa de locais est\u00e1 dispon\u00edvel no site:\u00a0<a href=\"https:\/\/campanhadoagasalho.eptv.com.br\/\" target=\"_blank\" rel=\"noreferrer noopener\">campanhadoagasalho.eptv.com.br<\/a>\u00a0e abaixo.<\/p>\n<p><strong>Pontos fixos de arrecada\u00e7\u00e3o Piracicaba \u2013 Campanha do Agasalho 2025<\/strong><\/p>\n<ul class=\"wp-block-list\">\n<li>Prefeitura Municipal de Piracicaba \u2013 Rua Cap. Antonio Correa Barbosa, 2.233-Chacara Nazareth<\/li>\n<li>Fundo Social de Solidariedade \u2013 Avenida Dr. Paulo de Moraes, 2.073<\/li>\n<li>Digital Cell e Inform\u00e1tica \u2013 Avenida Dois C\u00f3rregos, 2.266 \u2013 Dois C\u00f3rregos<\/li>\n<li>Teatro Municipal Losso Netto \u2013 Rua Gomes Carneiro, 1.212<\/li>\n<li>FUMEP \u2013 Funda\u00e7\u00e3o Municipal de Ensino Avenida Monsenhor Martinho Salgot, 560<\/li>\n<li>Sindicato dos Contabilistas \u2013 Rua Paschoal Guerrini, 55 \u2013 Castelinho<\/li>\n<li>Bazar Modelo \u2013 Rua Bolivia, 27 \u2013 Piracicamirim<\/li>\n<li>Escola Alcides Guidetti Zagatto \u2013 Rua Heraldo Angeli, s n\u00ba \u2013 Jardim Esplanada<\/li>\n<li>C\u00e2mara de Vereadores de Piracicaba \u2013 Rua Alferes Jos\u00e9 Caetano, 834<\/li>\n<li>APAS Piracicaba \u2013 Associa\u00e7\u00e3o Policial de Assist\u00eancia \u00e0 Saude \u2013 Avenida Dr. Jo\u00e3o Concei\u00e7\u00e3o, 444 \u2013 Paulista<\/li>\n<li>Uniodonto \u2013 2 pontos<\/li>\n<\/ul>\n<p>Rua Alferes Jos\u00e9 Caetano, 1.352<\/p>\n<p>Rua Alferes Jose Caetano, 1.339<\/p>\n<ul class=\"wp-block-list\">\n<li>ACIPI \u2013 Associa\u00e7\u00e3o Comercial e Industrial de Piracicaba \u2013 Rua Pudente de Moraes, 459<\/li>\n<li>Enxuto Supermercados \u2013 Avenida Dr. C\u00e1ssio Paschoal Padovani, 401<\/li>\n<li>Esta\u00e7\u00e3o da Paulista \u2013 Avenida Dr. Paulo de Moares, 1.580<\/li>\n<li>Coop Supermercados \u2013 Av. Prof\u00ba Alberto Vollet Sachs, 2.030<\/li>\n<\/ul>\n<ul class=\"wp-block-list\">\n<li>Associa\u00e7\u00e3o Ecl\u00e9tica \u2013 Rua Santa Cruz, 1.779<\/li>\n<li>Ativa Consultoria Imobili\u00e1ria \u2013 Avenida Brasil, 1.082 \u2013 Cidade Jardim<\/li>\n<li>Instituto Pecege \u2013 Rua Cezira Giovanoni Moretti, 580 \u2013 Santa Rosa<\/li>\n<li>Miguel Im\u00f3veis \u2013 Avenida Independ\u00eancia, 190 \u2013 Centro \u2013 Hor\u00e1rio Comercial<\/li>\n<\/ul><\/div>\n<p><br \/>\n<br \/><a href=\"https:\/\/piracicaba.sp.gov.br\/noticias\/fundo-social-de-solidariedade-recebe-doacao-de-2385-kg-de-roupas-de-inverno\/\" rel=\"noopener\">Informa\u00e7\u00f5es PMP <\/a><\/p>\n","protected":false},"excerpt":{"rendered":"<p>O Fundo Social de Solidariedade de Piracicaba recebeu nesta semana a doa\u00e7\u00e3o de 23,85 kg de roupas de inverno arrecadadas pela empresa CJ do Brasil. As pe\u00e7as, como cal\u00e7as, camisetas, blusas e outros itens, foram reunidas em uma campanha interna promovida entre os colaboradores da empresa e ser\u00e3o destinadas a fam\u00edlias em situa\u00e7\u00e3o de vulnerabilidade [&hellip;]<\/p>\n","protected":false},"author":1,"featured_media":38452,"comment_status":"open","ping_status":"open","sticky":false,"template":"","format":"standard","meta":{"_jetpack_newsletter_access":"","_jetpack_dont_email_post_to_subs":false,"_jetpack_newsletter_tier_id":0,"_jetpack_memberships_contains_paywalled_content":false,"_mbp_banners":[],"_jetpack_feature_clip_id":0,"_jetpack_memberships_contains_paid_content":false,"footnotes":"","jetpack_publicize_message":"","jetpack_publicize_feature_enabled":true,"jetpack_social_post_already_shared":true,"jetpack_social_options":{"image_generator_settings":{"template":"highway","default_image_id":0,"font":"","enabled":false},"version":2},"jetpack_post_was_ever_published":false},"categories":[20],"tags":[],"class_list":["post-38451","post","type-post","status-publish","format-standard","has-post-thumbnail","category-regiao"],"jetpack_publicize_connections":[],"jetpack-related-posts":[],"jetpack_shortlink":"https:\/\/wp.me\/p7Eq1F-a0b","jetpack_sharing_enabled":true,"jetpack_featured_media_url":"https:\/\/i0.wp.com\/guialimeira.com.br\/news\/wp-content\/uploads\/2025\/07\/O-Fundo-Social-de-Solidariedade-recebeu-a-doacao-de-2385-kg-de-roupas-de-inverno-arrecadadas-pelos-f.jpeg?fit=960%2C960&ssl=1","_links":{"self":[{"href":"https:\/\/guialimeira.com.br\/news\/wp-json\/wp\/v2\/posts\/38451","targetHints":{"allow":["GET"]}}],"collection":[{"href":"https:\/\/guialimeira.com.br\/news\/wp-json\/wp\/v2\/posts"}],"about":[{"href":"https:\/\/guialimeira.com.br\/news\/wp-json\/wp\/v2\/types\/post"}],"author":[{"embeddable":true,"href":"https:\/\/guialimeira.com.br\/news\/wp-json\/wp\/v2\/users\/1"}],"replies":[{"embeddable":true,"href":"https:\/\/guialimeira.com.br\/news\/wp-json\/wp\/v2\/comments?post=38451"}],"version-history":[{"count":0,"href":"https:\/\/guialimeira.com.br\/news\/wp-json\/wp\/v2\/posts\/38451\/revisions"}],"wp:featuredmedia":[{"embeddable":true,"href":"https:\/\/guialimeira.com.br\/news\/wp-json\/wp\/v2\/media\/38452"}],"wp:attachment":[{"href":"https:\/\/guialimeira.com.br\/news\/wp-json\/wp\/v2\/media?parent=38451"}],"wp:term":[{"taxonomy":"category","embeddable":true,"href":"https:\/\/guialimeira.com.br\/news\/wp-json\/wp\/v2\/categories?post=38451"},{"taxonomy":"post_tag","embeddable":true,"href":"https:\/\/guialimeira.com.br\/news\/wp-json\/wp\/v2\/tags?post=38451"}],"curies":[{"name":"wp","href":"https:\/\/api.w.org\/{rel}","templated":true}]}}