{"id":38447,"date":"2025-07-10T21:23:40","date_gmt":"2025-07-11T00:23:40","guid":{"rendered":"https:\/\/guialimeira.com.br\/2025\/07\/10\/ferias-no-sitio-leva-espetaculo-circense-ao-engenho-central-no-sabado-12-07-portal-do-municipio-de-piracicaba\/"},"modified":"2025-07-10T21:23:40","modified_gmt":"2025-07-11T00:23:40","slug":"ferias-no-sitio-leva-espetaculo-circense-ao-engenho-central-no-sabado-12-07-portal-do-municipio-de-piracicaba","status":"publish","type":"post","link":"https:\/\/guialimeira.com.br\/news\/ferias-no-sitio-leva-espetaculo-circense-ao-engenho-central-no-sabado-12-07-portal-do-municipio-de-piracicaba\/","title":{"rendered":"F\u00e9rias no S\u00edtio leva espet\u00e1culo circense ao Engenho Central no\u00a0s\u00e1bado,\u00a012\/07 \u2013 Portal do Munic\u00edpio de Piracicaba"},"content":{"rendered":"<p> <br \/>\n<\/p>\n<div>\n<figure class=\"wp-block-image size-large\"><img data-recalc-dims=\"1\" fetchpriority=\"high\" decoding=\"async\" width=\"696\" height=\"557\" src=\"https:\/\/i0.wp.com\/piracicaba.sp.gov.br\/wp-content\/uploads\/2025\/07\/A-apresentacao-gratuita-acontece-dentro-da-exposicao-Ferias-no-Sitio-Foto-Vinicius-Rodrigo-1024x819.jpg?resize=696%2C557&#038;ssl=1\" alt=\"A imagem mostra dois palha\u00e7os, um homem e uma mulher, com narizes de palha\u00e7o vermelhos, segurando bonecos de fantoches. Eles est\u00e3o em frente a um palco de teatro de fantoches colorido com a inscri\u00e7\u00e3o &quot;Teatro de Fantoche&quot;. O homem est\u00e1 usando um chap\u00e9u de palha e uma camisa vermelha, enquanto a mulher est\u00e1 usando um vestido de bolinhas pretas e brancas. Ambos est\u00e3o sorrindo e interagindo com os bonecos. Os bonecos s\u00e3o diversos em termos de ra\u00e7a e g\u00eanero, adicionando um elemento de inclus\u00e3o \u00e0 cena. O fundo \u00e9 um pouco desfocado, mas mostra \u00e1rvores e um c\u00e9u ensolarado, sugerindo um ambiente externo. A imagem como um todo \u00e9 vibrante e alegre, transmitindo uma atmosfera festiva e divertida.\" class=\"wp-image-108040\" srcset=\"https:\/\/piracicaba.sp.gov.br\/wp-content\/uploads\/2025\/07\/A-apresentacao-gratuita-acontece-dentro-da-exposicao-Ferias-no-Sitio-Foto-Vinicius-Rodrigo-1024x819.jpg 1024w, https:\/\/piracicaba.sp.gov.br\/wp-content\/uploads\/2025\/07\/A-apresentacao-gratuita-acontece-dentro-da-exposicao-Ferias-no-Sitio-Foto-Vinicius-Rodrigo-300x240.jpg 300w, https:\/\/piracicaba.sp.gov.br\/wp-content\/uploads\/2025\/07\/A-apresentacao-gratuita-acontece-dentro-da-exposicao-Ferias-no-Sitio-Foto-Vinicius-Rodrigo-768x614.jpg 768w, https:\/\/piracicaba.sp.gov.br\/wp-content\/uploads\/2025\/07\/A-apresentacao-gratuita-acontece-dentro-da-exposicao-Ferias-no-Sitio-Foto-Vinicius-Rodrigo-1536x1229.jpg 1536w, https:\/\/piracicaba.sp.gov.br\/wp-content\/uploads\/2025\/07\/A-apresentacao-gratuita-acontece-dentro-da-exposicao-Ferias-no-Sitio-Foto-Vinicius-Rodrigo-2048x1638.jpg 2048w\" sizes=\"(max-width: 1024px) 100vw, 1024px\"\/><figcaption class=\"wp-element-caption\"><strong><em><sub>A apresenta\u00e7\u00e3o gratuita acontece dentro da exposi\u00e7\u00e3o F\u00e9rias no S\u00edtio \u2013 Foto Vinicius Rodrigo<\/sub><\/em><\/strong><\/figcaption><\/figure>\n<p>A programa\u00e7\u00e3o especial F\u00e9rias no S\u00edtio, promovida pelo Sal\u00e3o Internacional de Humor de Piracicaba, recebe no s\u00e1bado, 12\/07, \u00e0s 15h, a trupe da Cia Atitude Teatro com o espet\u00e1culo Kombi no Circo \u2013 Tampa e Panela. A apresenta\u00e7\u00e3o gratuita integra a exposi\u00e7\u00e3o F\u00e9rias no S\u00edtio no Armaz\u00e9m 8A do Engenho Central e \u00e9 aberta a todos os p\u00fablicos.<\/p>\n<p>Com linguagem acess\u00edvel e formato itinerante, o espet\u00e1culo mistura circo, palha\u00e7aria, teatro, m\u00fasica e improviso. Os artistas Roxane Cavallari e Fernando Cavallari d\u00e3o vida aos palha\u00e7os Tampa e Panela, que divertem o p\u00fablico com situa\u00e7\u00f5es c\u00f4micas e cheias de ternura. A montagem \u00e9 realizada sobre uma charmosa Kombi adaptada como picadeiro ambulante, que transforma qualquer espa\u00e7o em palco e possibilita o acesso \u00e0 arte de forma democr\u00e1tica e criativa.<\/p>\n<figure class=\"wp-block-image size-large\"><img data-recalc-dims=\"1\" loading=\"lazy\" decoding=\"async\" width=\"696\" height=\"557\" src=\"https:\/\/i0.wp.com\/piracicaba.sp.gov.br\/wp-content\/uploads\/2025\/07\/Programacao-conta-com-trupe-da-Cia-Atitude-Teatro-com-o-espetaculo-Kombi-no-Circo-%E2%80%93-Tampa-e-Panela-Foto-Vinicius-Rodrigo-1024x819.jpg?resize=696%2C557&#038;ssl=1\" alt=\"A imagem mostra uma apresenta\u00e7\u00e3o de teatro de fantoches ao ar livre para crian\u00e7as. Um palco improvisado, decorado com um tema circense, est\u00e1 montado sob uma \u00e1rvore. Dois palha\u00e7os interagem com as crian\u00e7as, que est\u00e3o sentadas na grama assistindo \u00e0 apresenta\u00e7\u00e3o. H\u00e1 adultos presentes, alguns observando a apresenta\u00e7\u00e3o e outros aparentemente cuidando das crian\u00e7as. O ambiente \u00e9 descontra\u00eddo e alegre, com um clima festivo. No fundo, \u00e9 poss\u00edvel ver uma igreja e algumas casas, indicando um cen\u00e1rio comunit\u00e1rio ou rural. A ilumina\u00e7\u00e3o sugere que a foto foi tirada durante o dia, provavelmente em uma tarde ensolarada. H\u00e1 tamb\u00e9m um letreiro indicando que o evento \u00e9 um circo gratuito.\" class=\"wp-image-108041\" srcset=\"https:\/\/piracicaba.sp.gov.br\/wp-content\/uploads\/2025\/07\/Programacao-conta-com-trupe-da-Cia-Atitude-Teatro-com-o-espetaculo-Kombi-no-Circo-\u2013-Tampa-e-Panela-Foto-Vinicius-Rodrigo-1024x819.jpg 1024w, https:\/\/piracicaba.sp.gov.br\/wp-content\/uploads\/2025\/07\/Programacao-conta-com-trupe-da-Cia-Atitude-Teatro-com-o-espetaculo-Kombi-no-Circo-\u2013-Tampa-e-Panela-Foto-Vinicius-Rodrigo-300x240.jpg 300w, https:\/\/piracicaba.sp.gov.br\/wp-content\/uploads\/2025\/07\/Programacao-conta-com-trupe-da-Cia-Atitude-Teatro-com-o-espetaculo-Kombi-no-Circo-\u2013-Tampa-e-Panela-Foto-Vinicius-Rodrigo-768x614.jpg 768w, https:\/\/piracicaba.sp.gov.br\/wp-content\/uploads\/2025\/07\/Programacao-conta-com-trupe-da-Cia-Atitude-Teatro-com-o-espetaculo-Kombi-no-Circo-\u2013-Tampa-e-Panela-Foto-Vinicius-Rodrigo-1536x1229.jpg 1536w, https:\/\/piracicaba.sp.gov.br\/wp-content\/uploads\/2025\/07\/Programacao-conta-com-trupe-da-Cia-Atitude-Teatro-com-o-espetaculo-Kombi-no-Circo-\u2013-Tampa-e-Panela-Foto-Vinicius-Rodrigo-2048x1638.jpg 2048w\" sizes=\"auto, (max-width: 1024px) 100vw, 1024px\"\/><figcaption class=\"wp-element-caption\"><strong><em><sub>Programa\u00e7\u00e3o conta com trupe da Cia Atitude Teatro com o espet\u00e1culo \u201cKombi no Circo \u2013 Tampa e Panela\u201d \u2013 Foto Vinicius Rodrigo<\/sub><\/em><\/strong><\/figcaption><\/figure>\n<p>Desde 2008, a Cia Atitude Teatro atua em diferentes territ\u00f3rios com o compromisso de levar cultura, afeto e inclus\u00e3o para diversas comunidades. Com mais de 15 anos de estrada, o grupo j\u00e1 se apresentou em feiras culturais, festivais, teatros, escolas, pra\u00e7as e eventos populares, sempre com foco na arte como ferramenta de transforma\u00e7\u00e3o social. Al\u00e9m das apresenta\u00e7\u00f5es, a trupe tamb\u00e9m desenvolve oficinas, rodas de conversa e projetos socioculturais em escolas e espa\u00e7os comunit\u00e1rios.<\/p>\n<p>\u201cA proposta do F\u00e9rias no S\u00edtio \u00e9 aproximar as fam\u00edlias da arte de forma leve e divertida. Trazer o circo, o teatro e a cultura popular para dentro da programa\u00e7\u00e3o refor\u00e7a nosso compromisso com a forma\u00e7\u00e3o de p\u00fablico e com a ocupa\u00e7\u00e3o criativa dos espa\u00e7os culturais da cidade\u201d, afirma Junior Kadeshi, coordenador do Sal\u00e3o Internacional de Humor de Piracicaba.<\/p>\n<p>A a\u00e7\u00e3o integra a programa\u00e7\u00e3o paralela do Sal\u00e3o Internacional de Humor de Piracicaba e da mostra F\u00e9rias no S\u00edtio, que inclui exposi\u00e7\u00f5es, oficinas e outras atividades culturais voltadas ao p\u00fablico infantil e familiar, realizadas no Armaz\u00e9m 8A durante o m\u00eas de julho.<\/p>\n<p><strong>SERVI\u00c7O<\/strong>\u00a0\u2013 Kombi no Circo: Tampa e Panela \u2013 F\u00e9rias no S\u00edtio.\u00a0 No Armaz\u00e9m 8A do Engenho Central (avenida Dr. Maurice Allain, 454 \u2013 Parque do Engenho Central).\u00a0 S\u00e1bado, 12\/07, \u00e0s 15h. Entrada gratuita.\u00a0 Informa\u00e7\u00f5es: (19) 3403\u20112620.<\/p>\n<\/p><\/div>\n<p><br \/>\n<br \/><a href=\"https:\/\/piracicaba.sp.gov.br\/noticias\/ferias-no-sitio-leva-espetaculo-circense-ao-engenho-central-no-sabado-12-07\/\" rel=\"noopener\">Informa\u00e7\u00f5es PMP <\/a><\/p>\n","protected":false},"excerpt":{"rendered":"<p>A apresenta\u00e7\u00e3o gratuita acontece dentro da exposi\u00e7\u00e3o F\u00e9rias no S\u00edtio \u2013 Foto Vinicius Rodrigo A programa\u00e7\u00e3o especial F\u00e9rias no S\u00edtio, promovida pelo Sal\u00e3o Internacional de Humor de Piracicaba, recebe no s\u00e1bado, 12\/07, \u00e0s 15h, a trupe da Cia Atitude Teatro com o espet\u00e1culo Kombi no Circo \u2013 Tampa e Panela. A apresenta\u00e7\u00e3o gratuita integra a [&hellip;]<\/p>\n","protected":false},"author":1,"featured_media":38448,"comment_status":"open","ping_status":"open","sticky":false,"template":"","format":"standard","meta":{"_jetpack_newsletter_access":"","_jetpack_dont_email_post_to_subs":false,"_jetpack_newsletter_tier_id":0,"_jetpack_memberships_contains_paywalled_content":false,"_mbp_banners":[],"_jetpack_feature_clip_id":0,"_jetpack_memberships_contains_paid_content":false,"footnotes":"","jetpack_publicize_message":"","jetpack_publicize_feature_enabled":true,"jetpack_social_post_already_shared":true,"jetpack_social_options":{"image_generator_settings":{"template":"highway","default_image_id":0,"font":"","enabled":false},"version":2},"jetpack_post_was_ever_published":false},"categories":[20],"tags":[],"class_list":["post-38447","post","type-post","status-publish","format-standard","has-post-thumbnail","category-regiao"],"jetpack_publicize_connections":[],"jetpack-related-posts":[],"jetpack_shortlink":"https:\/\/wp.me\/p7Eq1F-a07","jetpack_sharing_enabled":true,"jetpack_featured_media_url":"https:\/\/i0.wp.com\/guialimeira.com.br\/news\/wp-content\/uploads\/2025\/07\/A-apresentacao-gratuita-acontece-dentro-da-exposicao-Ferias-no-Sitio-Foto-Vinicius-Rodrigo-1024x819.jpeg?fit=1024%2C819&ssl=1","_links":{"self":[{"href":"https:\/\/guialimeira.com.br\/news\/wp-json\/wp\/v2\/posts\/38447","targetHints":{"allow":["GET"]}}],"collection":[{"href":"https:\/\/guialimeira.com.br\/news\/wp-json\/wp\/v2\/posts"}],"about":[{"href":"https:\/\/guialimeira.com.br\/news\/wp-json\/wp\/v2\/types\/post"}],"author":[{"embeddable":true,"href":"https:\/\/guialimeira.com.br\/news\/wp-json\/wp\/v2\/users\/1"}],"replies":[{"embeddable":true,"href":"https:\/\/guialimeira.com.br\/news\/wp-json\/wp\/v2\/comments?post=38447"}],"version-history":[{"count":0,"href":"https:\/\/guialimeira.com.br\/news\/wp-json\/wp\/v2\/posts\/38447\/revisions"}],"wp:featuredmedia":[{"embeddable":true,"href":"https:\/\/guialimeira.com.br\/news\/wp-json\/wp\/v2\/media\/38448"}],"wp:attachment":[{"href":"https:\/\/guialimeira.com.br\/news\/wp-json\/wp\/v2\/media?parent=38447"}],"wp:term":[{"taxonomy":"category","embeddable":true,"href":"https:\/\/guialimeira.com.br\/news\/wp-json\/wp\/v2\/categories?post=38447"},{"taxonomy":"post_tag","embeddable":true,"href":"https:\/\/guialimeira.com.br\/news\/wp-json\/wp\/v2\/tags?post=38447"}],"curies":[{"name":"wp","href":"https:\/\/api.w.org\/{rel}","templated":true}]}}