{"id":38443,"date":"2025-07-10T20:22:41","date_gmt":"2025-07-10T23:22:41","guid":{"rendered":"https:\/\/guialimeira.com.br\/2025\/07\/10\/academia-municipal-recebe-novos-equipamentos-de-musculacao-portal-do-municipio-de-piracicaba\/"},"modified":"2025-07-10T20:22:41","modified_gmt":"2025-07-10T23:22:41","slug":"academia-municipal-recebe-novos-equipamentos-de-musculacao-portal-do-municipio-de-piracicaba","status":"publish","type":"post","link":"https:\/\/guialimeira.com.br\/news\/academia-municipal-recebe-novos-equipamentos-de-musculacao-portal-do-municipio-de-piracicaba\/","title":{"rendered":"Academia Municipal recebe novos equipamentos de muscula\u00e7\u00e3o \u2013 Portal do Munic\u00edpio de Piracicaba"},"content":{"rendered":"<p> <br \/>\n<\/p>\n<div>\n<figure class=\"wp-block-image size-large\"><img data-recalc-dims=\"1\" data-lazyloaded=\"1\" data-placeholder-resp=\"1024x830\" fetchpriority=\"high\" decoding=\"async\" width=\"696\" height=\"564\" src=\"https:\/\/i0.wp.com\/piracicaba.sp.gov.br\/wp-content\/uploads\/2025\/07\/Equipamentos-foram-reorganizados-para-melhorar-a-fluidez-do-local-1024x830.jpg?resize=696%2C564&#038;ssl=1\" alt=\"A imagem mostra uma academia de gin\u00e1stica relativamente espa\u00e7osa com uma variedade de equipamentos de exerc\u00edcios. O ch\u00e3o \u00e9 de madeira escura e polida, e as paredes s\u00e3o pintadas de um tom lavanda claro. O teto apresenta lumin\u00e1rias fluorescentes, fornecendo ilumina\u00e7\u00e3o abundante ao espa\u00e7o. V\u00e1rios indiv\u00edduos est\u00e3o presentes na academia, a maioria aparentemente adultos mais velhos, engajados em diferentes atividades de exerc\u00edcios. Algumas pessoas est\u00e3o usando m\u00e1quinas de muscula\u00e7\u00e3o, enquanto outras parecem estar descansando ou conversando. H\u00e1 uma mistura de equipamentos de muscula\u00e7\u00e3o, incluindo m\u00e1quinas de peso, aparelhos de muscula\u00e7\u00e3o e bicicletas ergom\u00e9tricas. O ambiente parece limpo e bem organizado, com os equipamentos dispostos de forma l\u00f3gica e espa\u00e7osa. H\u00e1 um grande espelho na parede do fundo, refletindo parte da academia e algumas pessoas. No geral, a imagem transmite uma sensa\u00e7\u00e3o de calma e atividade f\u00edsica moderada, sugerindo uma academia voltada para um p\u00fablico mais maduro ou com foco em exerc\u00edcios de baixo impacto.\" class=\"wp-image-108045\" srcset=\"https:\/\/piracicaba.sp.gov.br\/wp-content\/uploads\/2025\/07\/Equipamentos-foram-reorganizados-para-melhorar-a-fluidez-do-local-1024x830.jpg 1024w, https:\/\/piracicaba.sp.gov.br\/wp-content\/uploads\/2025\/07\/Equipamentos-foram-reorganizados-para-melhorar-a-fluidez-do-local-300x243.jpg 300w, https:\/\/piracicaba.sp.gov.br\/wp-content\/uploads\/2025\/07\/Equipamentos-foram-reorganizados-para-melhorar-a-fluidez-do-local-768x623.jpg 768w, https:\/\/piracicaba.sp.gov.br\/wp-content\/uploads\/2025\/07\/Equipamentos-foram-reorganizados-para-melhorar-a-fluidez-do-local.jpg 1333w\" data-sizes=\"(max-width: 1024px) 100vw, 1024px\"\/><figcaption class=\"wp-element-caption\"><strong><em><sub>Equipamentos foram reorganizados para melhorar a fluidez do local<\/sub><\/em><\/strong><\/figcaption><\/figure>\n<p>A academia de muscula\u00e7\u00e3o da Secretaria Municipal de Esportes, Lazer e Atividades Motoras, coordenada pelo setor de atividades motoras e localizada no Est\u00e1dio Municipal Bar\u00e3o da Serra Negra, recebeu novos equipamentos no in\u00edcio do m\u00eas de julho.<\/p>\n<p>Bicicletas ergom\u00e9tricas, esta\u00e7\u00e3o de muscula\u00e7\u00e3o cross 45\u00b0 e de adutor\/abdutor, barras para supino, anilhas, entre outros itens, j\u00e1 est\u00e3o instalados no local. Al\u00e9m disso, houve uma reorganiza\u00e7\u00e3o dos demais equipamentos existentes, o que melhorou a fluidez dos frequentadores do local.<\/p>\n<figure class=\"wp-block-image size-large\"><img data-recalc-dims=\"1\" loading=\"lazy\" data-lazyloaded=\"1\" data-placeholder-resp=\"1024x824\" decoding=\"async\" width=\"696\" height=\"560\" src=\"https:\/\/i0.wp.com\/piracicaba.sp.gov.br\/wp-content\/uploads\/2025\/07\/Novos-equipamentos-1024x824.jpg?resize=696%2C560&#038;ssl=1\" alt=\"A imagem mostra uma academia com dois homens exercitando-se. Um homem est\u00e1 sentado em uma m\u00e1quina de extens\u00e3o de pernas, com os joelhos flexionados e os p\u00e9s apoiados nos pedais. Ele est\u00e1 usando t\u00eanis, shorts e uma camiseta cinza. Um pano azul est\u00e1 pendurado em seu pesco\u00e7o. O outro homem est\u00e1 sentado em uma m\u00e1quina de exerc\u00edcios diferente, parecendo um aparelho de abdu\u00e7\u00e3o e adu\u00e7\u00e3o de pernas. Ele est\u00e1 usando cal\u00e7as e uma camiseta cinza. Ambos os homens parecem estar focados em seus exerc\u00edcios. No fundo, h\u00e1 v\u00e1rias bicicletas ergom\u00e9tricas alinhadas. O piso da academia \u00e9 de madeira. A ilumina\u00e7\u00e3o \u00e9 clara e natural. A atmosfera \u00e9 calma e tranquila.\" class=\"wp-image-108046\" srcset=\"https:\/\/piracicaba.sp.gov.br\/wp-content\/uploads\/2025\/07\/Novos-equipamentos-1024x824.jpg 1024w, https:\/\/piracicaba.sp.gov.br\/wp-content\/uploads\/2025\/07\/Novos-equipamentos-300x241.jpg 300w, https:\/\/piracicaba.sp.gov.br\/wp-content\/uploads\/2025\/07\/Novos-equipamentos-768x618.jpg 768w, https:\/\/piracicaba.sp.gov.br\/wp-content\/uploads\/2025\/07\/Novos-equipamentos.jpg 1361w\" data-sizes=\"(max-width: 1024px) 100vw, 1024px\"\/><figcaption class=\"wp-element-caption\"><strong><em><sub>Os equipamentos est\u00e3o na Academia de muscula\u00e7\u00e3o da Secretaria Municipal de Esportes, Lazer e Atividades Motoras<\/sub><\/em><\/strong><\/figcaption><\/figure>\n<p>C\u00e9lia Folegoti, 62 anos, que frequenta a academia h\u00e1 mais de 10 anos, aprovou a mudan\u00e7a. \u201cFicou \u00f3timo. Os aparelhos est\u00e3o bem melhores. Agrade\u00e7o a Prefeitura pela iniciativa\u201d.<\/p>\n<p>A opini\u00e3o tamb\u00e9m \u00e9 compartilhada por Fernando Lapa, de 56 anos.\u201dOs equipamentos novos eram um pedido antigo de todos que frequentam a academia. Isso faz com quem a gente treine com mais disposi\u00e7\u00e3o\u201d.<\/p>\n<p>O coordenador da academia, Cl\u00e9vis Spada, tamb\u00e9m destacou a chegada desses novos aparelhos. \u201cOs alunos est\u00e3o bastante satisfeitos e animados, pois agora podem treinar com mais variedade, seguran\u00e7a e efici\u00eancia. \u00c9 muito gratificante ver o entusiasmo e a motiva\u00e7\u00e3o de todos, sabendo que estamos investindo na qualidade do atendimento e no bem-estar de cada um\u201d.<\/p>\n<p>De acordo com o secret\u00e1rio municipal de Esportes, Roger Carneiro, a moderniza\u00e7\u00e3o da academia refor\u00e7a o compromisso da Prefeitura em oferecer um espa\u00e7o cada vez melhor para a pr\u00e1tica de atividades f\u00edsicas, promovendo sa\u00fade, qualidade de vida e alegria para toda a comunidade. \u201cAgradecemos a compreens\u00e3o e o apoio de todos durante esse processo de melhorias\u201d.<\/p>\n<p>Atualmente, os alunos s\u00e3o divididos por turmas, com 30 integrantes cada, duas vezes por semana, com uma hora de dura\u00e7\u00e3o por aula. As atividades s\u00e3o coordenadas pelos professores da Secretaria de Esportes.<\/p>\n<p>Recentemente, o setor de atividades motoras promoveu um per\u00edodo para novas inscri\u00e7\u00f5es. Em poucos dias, foram 500 inscri\u00e7\u00f5es efetuadas. Os interessados cadastrados est\u00e3o sendo chamados mediante disponibilidade. Outras informa\u00e7\u00f5es sobre a academia (turmas, hor\u00e1rios e disponibilidade de vagas) podem ser obtidas pelo telefone 3422-0233 e\/ou 3433-4588.<\/p>\n<p>A academia de muscula\u00e7\u00e3o da Prefeitura de Piracicaba fica na rua Silva Jardim, 915, esquina com Rua Moraes Barros, ao lado do port\u00e3o 3 do Est\u00e1dio Bar\u00e3o da Serra Negra.<\/p>\n<\/div>\n<p><br \/>\n<br \/><a href=\"https:\/\/piracicaba.sp.gov.br\/noticias\/academia-municipal-recebe-novos-equipamentos-de-musculacao\/\" rel=\"noopener\">Informa\u00e7\u00f5es PMP <\/a><\/p>\n","protected":false},"excerpt":{"rendered":"<p>Equipamentos foram reorganizados para melhorar a fluidez do local A academia de muscula\u00e7\u00e3o da Secretaria Municipal de Esportes, Lazer e Atividades Motoras, coordenada pelo setor de atividades motoras e localizada no Est\u00e1dio Municipal Bar\u00e3o da Serra Negra, recebeu novos equipamentos no in\u00edcio do m\u00eas de julho. Bicicletas ergom\u00e9tricas, esta\u00e7\u00e3o de muscula\u00e7\u00e3o cross 45\u00b0 e de [&hellip;]<\/p>\n","protected":false},"author":1,"featured_media":38444,"comment_status":"open","ping_status":"open","sticky":false,"template":"","format":"standard","meta":{"_jetpack_newsletter_access":"","_jetpack_dont_email_post_to_subs":false,"_jetpack_newsletter_tier_id":0,"_jetpack_memberships_contains_paywalled_content":false,"_mbp_banners":[],"_jetpack_feature_clip_id":0,"_jetpack_memberships_contains_paid_content":false,"footnotes":"","jetpack_publicize_message":"","jetpack_publicize_feature_enabled":true,"jetpack_social_post_already_shared":true,"jetpack_social_options":{"image_generator_settings":{"template":"highway","default_image_id":0,"font":"","enabled":false},"version":2},"jetpack_post_was_ever_published":false},"categories":[20],"tags":[],"class_list":["post-38443","post","type-post","status-publish","format-standard","has-post-thumbnail","category-regiao"],"jetpack_publicize_connections":[],"jetpack-related-posts":[],"jetpack_shortlink":"https:\/\/wp.me\/p7Eq1F-a03","jetpack_sharing_enabled":true,"jetpack_featured_media_url":"https:\/\/i0.wp.com\/guialimeira.com.br\/news\/wp-content\/uploads\/2025\/07\/Equipamentos-foram-reorganizados-para-melhorar-a-fluidez-do-local-1024x830.jpg?fit=1024%2C830&ssl=1","_links":{"self":[{"href":"https:\/\/guialimeira.com.br\/news\/wp-json\/wp\/v2\/posts\/38443","targetHints":{"allow":["GET"]}}],"collection":[{"href":"https:\/\/guialimeira.com.br\/news\/wp-json\/wp\/v2\/posts"}],"about":[{"href":"https:\/\/guialimeira.com.br\/news\/wp-json\/wp\/v2\/types\/post"}],"author":[{"embeddable":true,"href":"https:\/\/guialimeira.com.br\/news\/wp-json\/wp\/v2\/users\/1"}],"replies":[{"embeddable":true,"href":"https:\/\/guialimeira.com.br\/news\/wp-json\/wp\/v2\/comments?post=38443"}],"version-history":[{"count":0,"href":"https:\/\/guialimeira.com.br\/news\/wp-json\/wp\/v2\/posts\/38443\/revisions"}],"wp:featuredmedia":[{"embeddable":true,"href":"https:\/\/guialimeira.com.br\/news\/wp-json\/wp\/v2\/media\/38444"}],"wp:attachment":[{"href":"https:\/\/guialimeira.com.br\/news\/wp-json\/wp\/v2\/media?parent=38443"}],"wp:term":[{"taxonomy":"category","embeddable":true,"href":"https:\/\/guialimeira.com.br\/news\/wp-json\/wp\/v2\/categories?post=38443"},{"taxonomy":"post_tag","embeddable":true,"href":"https:\/\/guialimeira.com.br\/news\/wp-json\/wp\/v2\/tags?post=38443"}],"curies":[{"name":"wp","href":"https:\/\/api.w.org\/{rel}","templated":true}]}}