{"id":38425,"date":"2025-07-10T18:28:42","date_gmt":"2025-07-10T21:28:42","guid":{"rendered":"https:\/\/guialimeira.com.br\/?p=38425"},"modified":"2025-07-10T18:28:42","modified_gmt":"2025-07-10T21:28:42","slug":"chamamento-publico-comissao-ouve-secretario-de-esporte-joao-gomes","status":"publish","type":"post","link":"https:\/\/guialimeira.com.br\/news\/chamamento-publico-comissao-ouve-secretario-de-esporte-joao-gomes\/","title":{"rendered":"Chamamento p\u00fablico: Comiss\u00e3o ouve secret\u00e1rio de Esporte, Jo\u00e3o Gomes"},"content":{"rendered":"\n<figure class=\"wp-block-gallery has-nested-images columns-default is-cropped wp-block-gallery-1 is-layout-flex wp-block-gallery-is-layout-flex\"><\/figure>\n \r\n<br><img data-recalc-dims=\"1\" decoding=\"async\" src=\"https:\/\/i0.wp.com\/guialimeira.com.br\/wp-content\/uploads\/2025\/07\/Chamamento-publico-Comissao-ouve-secretario-de-Esporte-Joao-Gomes.jpg?w=696&#038;ssl=1\" \/><br><div>\n\t\t\t\t\t<p>Nesta quinta-feira, 10 de julho, a Comiss\u00e3o de Esporte, Cultura e Turismo da C\u00e2mara Municipal ouviu representantes da Prefeitura sobre as regras e execu\u00e7\u00e3o do chamamento p\u00fablico de projetos esportivos em Limeira.\u00a0 Melhorias na execu\u00e7\u00e3o das atividades, dificuldades estruturais, necessidade de investimentos na \u00e1rea e de atualiza\u00e7\u00e3o do marco regulat\u00f3rio foram pautadas.\u00a0\u00a0\u00a0\u00a0<\/p><p>Essas demandas foram levantadas pelos vereadores em reuni\u00e3o realizada <a href=\"https:\/\/www.limeira.sp.leg.br\/noticias\/view\/2025-06-26_comissao-debate-com-entidades-aprimoramentos-nos-chamamentos-publicos-para-projetos-esportivos\" rel=\"noopener\">em 26 de junho<\/a> com entidades selecionadas no edital de<a href=\"https:\/\/ecrie.com.br\/sistema\/conteudos\/arquivo\/a_137_3_2_21092024105653.pdf\" rel=\"noopener\"> 2024<\/a>, e observadas durante as<a href=\"https:\/\/www.limeira.sp.leg.br\/noticias\/view\/2025-03-25_comissao-fiscaliza-projetos-esportivos-de-chamamento-publico\" rel=\"noopener\"> visitas aos centros comunit\u00e1rios<\/a> onde h\u00e1 modalidades do chamamento oferecidas \u00e0 popula\u00e7\u00e3o.\u00a0\u00a0\u00a0\u00a0<\/p><p>Fazem parte da Comiss\u00e3o de Esporte, Cultura e Turismo: Guilherme Guido (PL), presidente; Costa Junior (Podemos), vice-presidente; e Waguinho da Santa Luzia (PP), secret\u00e1rio. Todas as delibera\u00e7\u00f5es foram registradas em <a href=\"https:\/\/consulta.limeira.sp.leg.br\/Sessoes\/Documento\/386052\" rel=\"noopener\">ata<\/a>. O presidente da C\u00e2mara, Everton Ferreira (PSD) e a vereadora Mariana Calsa (MDB)) acompanharam o debate.\u00a0<\/p><p>Estavam presentes representantes de entidades das modalidades de nata\u00e7\u00e3o, jiu-jitsu, kung-fu, karat\u00ea, gin\u00e1stica e futsal, bem como da Associa\u00e7\u00e3o Integrada de Deficientes e Amigos (Ainda). Representando a Prefeitura, participaram o secret\u00e1rio de Esporte e Lazer, Jo\u00e3o Gomes Junior, Soraia Caram da Silva, coordenadora Estrat\u00e9gica do Governo,\u00a0 J\u00falio C\u00e9sar Florindo, diretor Administrativo da pasta.\u00a0\u00a0<\/p><p>O v\u00eddeo da reuni\u00e3o na \u00edntegra est\u00e1 dispon\u00edvel neste <a href=\"https:\/\/www.youtube.com\/watch?v=J-d07fOTzrk\" rel=\"noopener\">link<\/a>.<\/p><p><strong>Amplia\u00e7\u00e3o<\/strong><\/p><p>O presidente da Comiss\u00e3o, Guilherme Guido, defendeu o aumento do or\u00e7amento\u00a0 para a \u00e1rea e o repasse financeiro para o chamamento p\u00fablico de projetos de esporte. \u201cO recurso do chamamento est\u00e1 estagnado desde 2017. S\u00e3o quase dez anos desse importante instrumento de fomento \u00e0 base das atividades esportivas\u201d, declarou.\u00a0\u00a0<\/p><p>O vereador mencionou relat\u00f3rio elaborado pelo Grupo de Apoio ao Desenvolvimento do Esporte Limeirense (Gadel) e entregue ao colegiado <a href=\"https:\/\/www.limeira.sp.leg.br\/noticias\/view\/2025-06-16_comissao-de-esporte-recebe-propostas-para-mudancas-em-chamamento-publico\" rel=\"noopener\">em 16 de junho<\/a>. No documento consta que\u00a0 o percentual repassado ao esporte em rela\u00e7\u00e3o \u00e0 arrecada\u00e7\u00e3o no munic\u00edpio \u00e9 de 1%, enquanto a m\u00e9dia no estado \u00e9 de 2%. Guido contextualizou que no per\u00edodo de 2017 a 2025, houve 38,3% de infla\u00e7\u00e3o acumulada e o recurso do chamamento n\u00e3o foi corrigido.\u00a0<\/p><p>Diante desse cen\u00e1rio, questionou se h\u00e1 planejamento para fazer esse aumento e se h\u00e1 possibilidade de incluir mais modalidades no pr\u00f3ximo edital, como o xadrez.\u00a0<\/p><p><strong>Panorama\u00a0<\/strong>\u00a0<\/p><p>Para o chamamento p\u00fablico, os editais prev\u00eaem R$ 2,7 milh\u00f5es para todos os projetos captados. Por\u00e9m, nem todos os editais conseguem captar as modalidades pretendidas: \u201cdo valor proposto, deve ter sido captado aproximadamente R$ 2,4 milh\u00f5es, portanto R$ 300 mil que sobra \u00e9 absorvido para despesas da Secretaria\u201d, explicou o diretor J\u00falio Florindo. Hoje s\u00e3o 13 entidades captadas, que atendem 40 modalidades, incluindo feminino e masculino.\u00a0<\/p><p>Referente ao valor estagnado, J\u00falio informou que alguns projetos espec\u00edficos tiveram o valor corrigido para mais ou para menos ao longo do tempo, de acordo com a necessidade identificada.\u00a0<\/p><p>Sobre a possibilidade de ampliar o recurso total de R$ 2,7 milh\u00f5es, tanto o secret\u00e1rio como o diretor responderam que essa demanda ser\u00e1 discutida oficialmente em reuni\u00e3o da pasta com o prefeito Murilo F\u00e9lix (Podemos).\u00a0 \u201cAinda n\u00e3o foi fechado se vai haver atualiza\u00e7\u00e3o na LOA [Lei Or\u00e7ament\u00e1ria Anual], para que isso mude no ano que vem. Formalmente n\u00e3o foi feita a conversa com o prefeito. Estamos fazendo todo o remodelamento do processo, ver se existe a possibilidade de inclus\u00e3o de novas modalidades, para apresentar as novas ideias. Nada impede que outras modalidades integrem o edital\u201d, ratificou Jo\u00e3o Gomes.\u00a0\u00a0\u00a0\u00a0\u00a0<\/p><p><strong>Defini\u00e7\u00e3o de m\u00e9tricas<\/strong><\/p><p>O educador f\u00edsico Homero Ferrari, que representa o Gadel, indagou se a Secretaria de Esporte possui m\u00e9tricas para definir quanto \u00e9 destinado para cada modalidade. Ele apontou que o valor repassado n\u00e3o est\u00e1 vinculado ao valor por pessoa atendida e justificou que \u00e9 importante saber como a Prefeitura fixa as metas de atendimento.\u00a0<\/p><p>O secret\u00e1rio esclareceu que est\u00e1 h\u00e1 quatro meses \u00e0 frente da pasta e que ainda n\u00e3o se debru\u00e7ou nesse quesito de estabelecimento dos crit\u00e9rios. Jo\u00e3o Gomes deixou claro que n\u00e3o pensa na quest\u00e3o pol\u00edtica como m\u00e9trica e que acredita no alcance de cada associa\u00e7\u00e3o como par\u00e2metro. Ele sinalizou que pode propor essa quest\u00e3o t\u00e9cnica sugerida para debater com a equipe da Secretaria, considerando que as quest\u00f5es legais sejam seguidas.\u00a0<\/p><p>O diretor contribuiu com o tema levantado e falou da diferen\u00e7a de custo entre as modalidades, citando as aulas de nata\u00e7\u00e3o e de t\u00eanis como exemplos.<\/p><p><strong>Estrutura<\/strong><\/p><p>As m\u00e1s condi\u00e7\u00f5es de infraestrutura nos centros comunit\u00e1rios s\u00e3o relatadas pelas entidades e pela Comiss\u00e3o como desafios a serem enfrentados pela Prefeitura, uma vez que os projetos esportivos do chamamento s\u00e3o realizados nesses espa\u00e7os.\u00a0<\/p><p>Rossano Jacon Chanquetti, da Associa\u00e7\u00e3o de Nadadores e Esportistas de Limeira, alertou que as aulas de nata\u00e7\u00e3o foram interrompidas no inverno porque n\u00e3o h\u00e1 aquecedores nas piscinas p\u00fablicas. \u201cN\u00e3o se trata apenas de aumento de repasse, mas de estrutura. Essa realidade n\u00e3o atinge s\u00f3 a nata\u00e7\u00e3o, mas o atletismo que n\u00e3o tem condi\u00e7\u00e3o nenhuma de treinar sem um espa\u00e7o adequado\u201d, comentou Rossano, que lamentou o fato no m\u00eas de julho, a menos de dois meses para lan\u00e7amento do edital de chamamento, n\u00e3o haver defini\u00e7\u00e3o da Prefeitura sobre o acr\u00e9scimo do repasse para as entidades.\u00a0\u00a0<\/p><p>Os representantes da Secretaria disseram que o processo licitat\u00f3rio foi iniciado para compra dos aquecedores. A previs\u00e3o \u00e9 que a homologa\u00e7\u00e3o da licita\u00e7\u00e3o ocorra at\u00e9 o final do ano e que sejam atendidos os centros esportivos do Jardim Piratininga, do Jardim Esmeralda e o Complexo Aqu\u00e1tico Alberto Savoi.\u00a0<\/p><p><strong>Agendamento<\/strong>\u00a0<\/p><p>O debate acerca do chamamento p\u00fablico do esporte ser\u00e1 retomado no dia 14 de agosto de 2025, \u00e0s 8h30, no Plen\u00e1rio da C\u00e2mara. A reuni\u00e3o desta semana precisou ser interrompida em raz\u00e3o do hor\u00e1rio e da quantidade de quest\u00f5es a serem abordadas.\u00a0<\/p>\t\t\t\t<\/div>\r\n<br>\r\n<br><a href=\"https:\/\/www.limeira.sp.leg.br\/noticias\/view\/2025-07-10_chamamento-publico-comissao-ouve-secretario-de-esporte-joao-gomes\" rel=\"noopener\">Informa\u00e7\u00f5es CML <\/a>","protected":false},"excerpt":{"rendered":"<p>Nesta quinta-feira, 10 de julho, a Comiss\u00e3o de Esporte, Cultura e Turismo da C\u00e2mara Municipal ouviu representantes da Prefeitura sobre as regras e execu\u00e7\u00e3o do chamamento p\u00fablico de projetos esportivos em Limeira.\u00a0 Melhorias na execu\u00e7\u00e3o das atividades, dificuldades estruturais, necessidade de investimentos na \u00e1rea e de atualiza\u00e7\u00e3o do marco regulat\u00f3rio foram pautadas.\u00a0\u00a0\u00a0\u00a0 Essas demandas foram [&hellip;]<\/p>\n","protected":false},"author":1,"featured_media":38424,"comment_status":"open","ping_status":"open","sticky":false,"template":"","format":"standard","meta":{"_jetpack_newsletter_access":"","_jetpack_dont_email_post_to_subs":false,"_jetpack_newsletter_tier_id":0,"_jetpack_memberships_contains_paywalled_content":false,"_mbp_banners":[],"_jetpack_feature_clip_id":0,"_jetpack_memberships_contains_paid_content":false,"footnotes":"","jetpack_publicize_message":"","jetpack_publicize_feature_enabled":true,"jetpack_social_post_already_shared":true,"jetpack_social_options":{"image_generator_settings":{"template":"highway","default_image_id":0,"font":"","enabled":false},"version":2},"jetpack_post_was_ever_published":false},"categories":[19],"tags":[],"class_list":["post-38425","post","type-post","status-publish","format-standard","has-post-thumbnail","category-politica"],"jetpack_publicize_connections":[],"jetpack-related-posts":[],"jetpack_shortlink":"https:\/\/wp.me\/p7Eq1F-9ZL","jetpack_sharing_enabled":true,"jetpack_featured_media_url":"https:\/\/i0.wp.com\/guialimeira.com.br\/news\/wp-content\/uploads\/2025\/07\/Chamamento-publico-Comissao-ouve-secretario-de-Esporte-Joao-Gomes.jpg?fit=1280%2C640&ssl=1","_links":{"self":[{"href":"https:\/\/guialimeira.com.br\/news\/wp-json\/wp\/v2\/posts\/38425","targetHints":{"allow":["GET"]}}],"collection":[{"href":"https:\/\/guialimeira.com.br\/news\/wp-json\/wp\/v2\/posts"}],"about":[{"href":"https:\/\/guialimeira.com.br\/news\/wp-json\/wp\/v2\/types\/post"}],"author":[{"embeddable":true,"href":"https:\/\/guialimeira.com.br\/news\/wp-json\/wp\/v2\/users\/1"}],"replies":[{"embeddable":true,"href":"https:\/\/guialimeira.com.br\/news\/wp-json\/wp\/v2\/comments?post=38425"}],"version-history":[{"count":1,"href":"https:\/\/guialimeira.com.br\/news\/wp-json\/wp\/v2\/posts\/38425\/revisions"}],"predecessor-version":[{"id":38426,"href":"https:\/\/guialimeira.com.br\/news\/wp-json\/wp\/v2\/posts\/38425\/revisions\/38426"}],"wp:featuredmedia":[{"embeddable":true,"href":"https:\/\/guialimeira.com.br\/news\/wp-json\/wp\/v2\/media\/38424"}],"wp:attachment":[{"href":"https:\/\/guialimeira.com.br\/news\/wp-json\/wp\/v2\/media?parent=38425"}],"wp:term":[{"taxonomy":"category","embeddable":true,"href":"https:\/\/guialimeira.com.br\/news\/wp-json\/wp\/v2\/categories?post=38425"},{"taxonomy":"post_tag","embeddable":true,"href":"https:\/\/guialimeira.com.br\/news\/wp-json\/wp\/v2\/tags?post=38425"}],"curies":[{"name":"wp","href":"https:\/\/api.w.org\/{rel}","templated":true}]}}