{"id":38418,"date":"2025-07-10T18:20:39","date_gmt":"2025-07-10T21:20:39","guid":{"rendered":"https:\/\/guialimeira.com.br\/2025\/07\/10\/linha-221-parque-peoria-do-transporte-coletivo-tera-mais-dois-horarios-a-partir-de-amanha-11-07-portal-do-municipio-de-piracicaba\/"},"modified":"2025-07-10T18:20:39","modified_gmt":"2025-07-10T21:20:39","slug":"linha-221-parque-peoria-do-transporte-coletivo-tera-mais-dois-horarios-a-partir-de-amanha-11-07-portal-do-municipio-de-piracicaba","status":"publish","type":"post","link":"https:\/\/guialimeira.com.br\/news\/linha-221-parque-peoria-do-transporte-coletivo-tera-mais-dois-horarios-a-partir-de-amanha-11-07-portal-do-municipio-de-piracicaba\/","title":{"rendered":"Linha 221 \u2013 Parque\u00a0Pe\u00f3ria do transporte coletivo ter\u00e1 mais dois hor\u00e1rios a partir de amanh\u00e3, 11\/07 \u2013 Portal do Munic\u00edpio de Piracicaba"},"content":{"rendered":"<p> <br \/>\n<\/p>\n<div>\n<figure class=\"wp-block-image size-large\"><img data-recalc-dims=\"1\" fetchpriority=\"high\" decoding=\"async\" width=\"696\" height=\"464\" src=\"https:\/\/i0.wp.com\/piracicaba.sp.gov.br\/wp-content\/uploads\/2025\/07\/Linha-221-Pq.-Peoria-do-transporte-coletivo-tera-mais-dois-horarios-a-partir-de-sexta-feira-11.07-1-1024x682.jpg?resize=696%2C464&#038;ssl=1\" alt=\"A imagem mostra um \u00f4nibus azul parado em um terminal de \u00f4nibus. Duas mulheres est\u00e3o andando em dire\u00e7\u00e3o ao \u00f4nibus. Uma das mulheres est\u00e1 usando jeans e uma camiseta branca, e a outra est\u00e1 usando jeans e uma jaqueta preta. H\u00e1 um letreiro acima do \u00f4nibus que diz &quot;105 AL CAMPO&quot;. O n\u00famero do \u00f4nibus \u00e9 32837. O \u00f4nibus tem um s\u00edmbolo de acessibilidade para cadeirantes. H\u00e1 outras pessoas esperando no terminal de \u00f4nibus. O terminal \u00e9 coberto e parece moderno. O ch\u00e3o \u00e9 de concreto e h\u00e1 algumas linhas amarelas no ch\u00e3o. O fundo \u00e9 um pouco escuro, mas \u00e9 poss\u00edvel ver um pouco do c\u00e9u.\" class=\"wp-image-108003\" srcset=\"https:\/\/piracicaba.sp.gov.br\/wp-content\/uploads\/2025\/07\/Linha-221-Pq.-Peoria-do-transporte-coletivo-tera-mais-dois-horarios-a-partir-de-sexta-feira-11.07-1-1024x682.jpg 1024w, https:\/\/piracicaba.sp.gov.br\/wp-content\/uploads\/2025\/07\/Linha-221-Pq.-Peoria-do-transporte-coletivo-tera-mais-dois-horarios-a-partir-de-sexta-feira-11.07-1-300x200.jpg 300w, https:\/\/piracicaba.sp.gov.br\/wp-content\/uploads\/2025\/07\/Linha-221-Pq.-Peoria-do-transporte-coletivo-tera-mais-dois-horarios-a-partir-de-sexta-feira-11.07-1-768x512.jpg 768w, https:\/\/piracicaba.sp.gov.br\/wp-content\/uploads\/2025\/07\/Linha-221-Pq.-Peoria-do-transporte-coletivo-tera-mais-dois-horarios-a-partir-de-sexta-feira-11.07-1.jpg 1280w\" sizes=\"(max-width: 1024px) 100vw, 1024px\"\/><figcaption class=\"wp-element-caption\"><strong><em><sub>Linha 221-Pq. Pe\u00f3ria do transporte coletivo ter\u00e1 mais dois hor\u00e1rios a partir de sexta-feira, 11.07 <\/sub><\/em><\/strong><\/figcaption><\/figure>\n<p>A Secretaria de Seguran\u00e7a P\u00fablica, Tr\u00e2nsito e Transportes informa que, a partir de sexta-feira, 11\/07, a Linha 221 \u2013 Parque Pe\u00f3ria\/TPI (Terminal Piracicamirim), ter\u00e1 mais dois hor\u00e1rios nas viagens em dias \u00fateis: sa\u00edda do TPI \u00e0s 12h45 e sa\u00edda do bairro \u00e0s 13h31.<\/p>\n<p>A medida tem por objetivo atender a solicita\u00e7\u00e3o dos moradores dos bairros beneficiados pela linha, que atende, al\u00e9m do Parque Pe\u00f3ria, os bairros Tupi e Santa Isabel.<\/p>\n<\/p><\/div>\n<p><br \/>\n<br \/><a href=\"https:\/\/piracicaba.sp.gov.br\/noticias\/linha-221-parque-peoria-do-transporte-coletivo-tera-mais-dois-horarios-a-partir-de-amanha-11-07\/\" rel=\"noopener\">Informa\u00e7\u00f5es PMP <\/a><\/p>\n","protected":false},"excerpt":{"rendered":"<p>Linha 221-Pq. Pe\u00f3ria do transporte coletivo ter\u00e1 mais dois hor\u00e1rios a partir de sexta-feira, 11.07 A Secretaria de Seguran\u00e7a P\u00fablica, Tr\u00e2nsito e Transportes informa que, a partir de sexta-feira, 11\/07, a Linha 221 \u2013 Parque Pe\u00f3ria\/TPI (Terminal Piracicamirim), ter\u00e1 mais dois hor\u00e1rios nas viagens em dias \u00fateis: sa\u00edda do TPI \u00e0s 12h45 e sa\u00edda do [&hellip;]<\/p>\n","protected":false},"author":1,"featured_media":38419,"comment_status":"open","ping_status":"open","sticky":false,"template":"","format":"standard","meta":{"_jetpack_newsletter_access":"","_jetpack_dont_email_post_to_subs":false,"_jetpack_newsletter_tier_id":0,"_jetpack_memberships_contains_paywalled_content":false,"_mbp_banners":[],"_jetpack_feature_clip_id":0,"_jetpack_memberships_contains_paid_content":false,"footnotes":"","jetpack_publicize_message":"","jetpack_publicize_feature_enabled":true,"jetpack_social_post_already_shared":true,"jetpack_social_options":{"image_generator_settings":{"template":"highway","default_image_id":0,"font":"","enabled":false},"version":2},"jetpack_post_was_ever_published":false},"categories":[20],"tags":[],"class_list":["post-38418","post","type-post","status-publish","format-standard","has-post-thumbnail","category-regiao"],"jetpack_publicize_connections":[],"jetpack-related-posts":[],"jetpack_shortlink":"https:\/\/wp.me\/p7Eq1F-9ZE","jetpack_sharing_enabled":true,"jetpack_featured_media_url":"https:\/\/i0.wp.com\/guialimeira.com.br\/news\/wp-content\/uploads\/2025\/07\/Linha-221-Pq.-Peoria-do-transporte-coletivo-tera-mais-dois-horarios-a-partir-de-sexta-feira-11.07-1.jpeg?fit=1024%2C682&ssl=1","_links":{"self":[{"href":"https:\/\/guialimeira.com.br\/news\/wp-json\/wp\/v2\/posts\/38418","targetHints":{"allow":["GET"]}}],"collection":[{"href":"https:\/\/guialimeira.com.br\/news\/wp-json\/wp\/v2\/posts"}],"about":[{"href":"https:\/\/guialimeira.com.br\/news\/wp-json\/wp\/v2\/types\/post"}],"author":[{"embeddable":true,"href":"https:\/\/guialimeira.com.br\/news\/wp-json\/wp\/v2\/users\/1"}],"replies":[{"embeddable":true,"href":"https:\/\/guialimeira.com.br\/news\/wp-json\/wp\/v2\/comments?post=38418"}],"version-history":[{"count":0,"href":"https:\/\/guialimeira.com.br\/news\/wp-json\/wp\/v2\/posts\/38418\/revisions"}],"wp:featuredmedia":[{"embeddable":true,"href":"https:\/\/guialimeira.com.br\/news\/wp-json\/wp\/v2\/media\/38419"}],"wp:attachment":[{"href":"https:\/\/guialimeira.com.br\/news\/wp-json\/wp\/v2\/media?parent=38418"}],"wp:term":[{"taxonomy":"category","embeddable":true,"href":"https:\/\/guialimeira.com.br\/news\/wp-json\/wp\/v2\/categories?post=38418"},{"taxonomy":"post_tag","embeddable":true,"href":"https:\/\/guialimeira.com.br\/news\/wp-json\/wp\/v2\/tags?post=38418"}],"curies":[{"name":"wp","href":"https:\/\/api.w.org\/{rel}","templated":true}]}}