{"id":38415,"date":"2025-07-10T18:15:50","date_gmt":"2025-07-10T21:15:50","guid":{"rendered":"https:\/\/guialimeira.com.br\/?p=38415"},"modified":"2025-07-10T18:15:50","modified_gmt":"2025-07-10T21:15:50","slug":"prefeitura-entrega-nova-viatura-a-gcm-de-cordeiropolis-prefeitura-municipal-de-cordeiropolis","status":"publish","type":"post","link":"https:\/\/guialimeira.com.br\/news\/prefeitura-entrega-nova-viatura-a-gcm-de-cordeiropolis-prefeitura-municipal-de-cordeiropolis\/","title":{"rendered":"Prefeitura entrega nova viatura \u00e0 GCM de Cordeir\u00f3polis \u2013 Prefeitura Municipal de Cordeir\u00f3polis"},"content":{"rendered":"<p> <br \/>\n<\/p>\n<div>\n<p>A Guarda Civil Municipal (GCM) de Cordeir\u00f3polis recebeu uma nova viatura, modelo Renault Duster. A entrega ocorreu nesta quinta-feira (10), na Prefeitura, com a presen\u00e7a da prefeita Cristina Saad, do vice-prefeito Anderson Hespanhol Pique e da deputada estadual Let\u00edcia Aguiar. A parlamentar destinou emenda de R$ 100 mil para a compra do carro, que custou R$ 155 mil \u2013 os outros R$ 55 mil foram de contrapartida do munic\u00edpio, pagos em 2025. A viatura deve come\u00e7ar a rodar em breve, ap\u00f3s os tr\u00e2mites burocr\u00e1ticos.<\/p>\n<p>Apesar da emenda ter sido solicitada em 2023, a entrega s\u00f3 ocorreu agora ap\u00f3s o pagamento da contrapartida. \u201cA nova viatura vai melhorar as condi\u00e7\u00f5es de trabalho dos nossos guardas, valorizando as nossas for\u00e7as de seguran\u00e7a e impactando positivamente no atendimento \u00e0 popula\u00e7\u00e3o\u201d, afirmou a prefeita. \u201cFoi um trabalho de gest\u00e3o financeira dos recursos, para que eles n\u00e3o fossem perdidos e pud\u00e9ssemos estruturar melhor a GCM\u201d, pontuou Pique.<\/p>\n<p>\u201cQuanto mais investirmos na guarda municipal, mais segura e pr\u00f3spera ser\u00e1 a cidade de Cordeir\u00f3polis, permitindo, inclusive, que novas empresas se instalem aqui\u201d, disse a deputada Let\u00edcia Aguiar. \u201cA prefeita Cristina e sua equipe demonstram respeito com o dinheiro p\u00fablico ao fazerem todo o esfor\u00e7o para n\u00e3o perder essa emenda e fazer a aquisi\u00e7\u00e3o da nova viatura\u201d, salientou.<\/p>\n<p>Durante a visita de Let\u00edcia Aguiar, a prefeita aproveitou para entregar \u00e0 parlamentar novas solicita\u00e7\u00f5es de emendas parlamentares: para a aquisi\u00e7\u00e3o de equipamentos de inform\u00e1tica para a Patrulha Mirim; para aquisi\u00e7\u00e3o de um ve\u00edculo para o Lar de Idosos Santa In\u00eas; e para novas viaturas para a Guarda Civil Municipal (GCM).<\/p>\n<p>A entrega contou com a presen\u00e7a dos vereadores Paulo C\u00e9sar Morais, Deize Bettin, Vilson Caleffi, Valmir Sanches, Sidnei Gambaro, Rozimar Oliveira e Jos\u00e9 Antonio Rodrigues; secret\u00e1rios municipais; guardas municipais; servidores, agentes da Pol\u00edcia Militar e do Corpo de Bombeiros; al\u00e9m de for\u00e7as de seguran\u00e7a de Araras e Rio Claro.<\/p>\n<figure class=\"wp-block-gallery has-nested-images columns-default is-cropped wp-block-gallery-1 is-layout-flex wp-block-gallery-is-layout-flex\">\n<figure class=\"wp-block-image\"><\/figure>\n<figure class=\"wp-block-image\"><img data-recalc-dims=\"1\" decoding=\"async\" data-attachment-id=\"30793\" data-permalink=\"https:\/\/guialimeira.com.br\/news\/deputada-duda-salabert-diz-ter-genero-alterado-em-visto-para-os-eua\/img20250219204640186-jpg\/\" data-orig-file=\"https:\/\/i0.wp.com\/guialimeira.com.br\/news\/wp-content\/uploads\/2025\/04\/img20250219204640186.jpg?fit=1600%2C800&amp;ssl=1\" data-orig-size=\"1600,800\" data-comments-opened=\"1\" data-image-meta=\"{&quot;aperture&quot;:&quot;0&quot;,&quot;credit&quot;:&quot;&quot;,&quot;camera&quot;:&quot;&quot;,&quot;caption&quot;:&quot;&quot;,&quot;created_timestamp&quot;:&quot;0&quot;,&quot;copyright&quot;:&quot;&quot;,&quot;focal_length&quot;:&quot;0&quot;,&quot;iso&quot;:&quot;0&quot;,&quot;shutter_speed&quot;:&quot;0&quot;,&quot;title&quot;:&quot;&quot;,&quot;orientation&quot;:&quot;0&quot;}\" data-image-title=\"img20250219204640186.jpg\" data-image-description=\"\" data-image-caption=\"\" data-large-file=\"https:\/\/i0.wp.com\/guialimeira.com.br\/news\/wp-content\/uploads\/2025\/04\/img20250219204640186.jpg?fit=696%2C348&amp;ssl=1\" loading=\"lazy\" width=\"696\" height=\"392\" data-id=\"30793\" src=\"https:\/\/i0.wp.com\/guialimeira.com.br\/wp-content\/uploads\/2025\/07\/1752182143_139_Prefeitura-entrega-nova-viatura-a-GCM-de-Cordeiropolis-%E2%80%93-Prefeitura.jpg?resize=696%2C392&#038;ssl=1\" alt=\"\" class=\"wp-image-30793\" \/><\/figure>\n<figure class=\"wp-block-image\"><img data-recalc-dims=\"1\" decoding=\"async\" data-attachment-id=\"30791\" data-permalink=\"https:\/\/guialimeira.com.br\/news\/franca-reconhece-injustica-contra-haiti-por-divida-da-independencia\/pzzb4022-jpg\/\" data-orig-file=\"https:\/\/i0.wp.com\/guialimeira.com.br\/news\/wp-content\/uploads\/2025\/04\/pzzb4022.jpg?fit=1600%2C800&amp;ssl=1\" data-orig-size=\"1600,800\" data-comments-opened=\"1\" data-image-meta=\"{&quot;aperture&quot;:&quot;0&quot;,&quot;credit&quot;:&quot;&quot;,&quot;camera&quot;:&quot;&quot;,&quot;caption&quot;:&quot;&quot;,&quot;created_timestamp&quot;:&quot;0&quot;,&quot;copyright&quot;:&quot;&quot;,&quot;focal_length&quot;:&quot;0&quot;,&quot;iso&quot;:&quot;0&quot;,&quot;shutter_speed&quot;:&quot;0&quot;,&quot;title&quot;:&quot;&quot;,&quot;orientation&quot;:&quot;0&quot;}\" data-image-title=\"pzzb4022.jpg\" data-image-description=\"\" data-image-caption=\"\" data-large-file=\"https:\/\/i0.wp.com\/guialimeira.com.br\/news\/wp-content\/uploads\/2025\/04\/pzzb4022.jpg?fit=696%2C348&amp;ssl=1\" loading=\"lazy\" width=\"696\" height=\"392\" data-id=\"30791\" src=\"https:\/\/i0.wp.com\/guialimeira.com.br\/wp-content\/uploads\/2025\/07\/1752182143_926_Prefeitura-entrega-nova-viatura-a-GCM-de-Cordeiropolis-%E2%80%93-Prefeitura.jpg?resize=696%2C392&#038;ssl=1\" alt=\"\" class=\"wp-image-30791\" \/><\/figure>\n<figure class=\"wp-block-image\"><img data-recalc-dims=\"1\" decoding=\"async\" loading=\"lazy\" width=\"696\" height=\"392\" data-id=\"30792\" src=\"https:\/\/i0.wp.com\/guialimeira.com.br\/wp-content\/uploads\/2025\/07\/1752182143_529_Prefeitura-entrega-nova-viatura-a-GCM-de-Cordeiropolis-%E2%80%93-Prefeitura.jpg?resize=696%2C392&#038;ssl=1\" alt=\"\" class=\"wp-image-30792\" \/><\/figure>\n<figure class=\"wp-block-image\"><img data-recalc-dims=\"1\" decoding=\"async\" loading=\"lazy\" width=\"696\" height=\"1236\" data-id=\"30790\" src=\"https:\/\/i0.wp.com\/guialimeira.com.br\/wp-content\/uploads\/2025\/07\/1752182144_20_Prefeitura-entrega-nova-viatura-a-GCM-de-Cordeiropolis-%E2%80%93-Prefeitura.jpg?resize=696%2C1236&#038;ssl=1\" alt=\"\" class=\"wp-image-30790\" \/><\/figure>\n<figure class=\"wp-block-image\"><img data-recalc-dims=\"1\" decoding=\"async\" data-attachment-id=\"30789\" data-permalink=\"https:\/\/guialimeira.com.br\/news\/governo-de-sp-abre-concurso-publico-para-pesquisador-no-instituto-butantan\/governo-de-sp-abre-concurso-publico-para-pesquisador-no-instituto\/\" data-orig-file=\"https:\/\/i0.wp.com\/guialimeira.com.br\/news\/wp-content\/uploads\/2025\/04\/Governo-de-SP-abre-concurso-publico-para-pesquisador-no-Instituto.jpg?fit=750%2C500&amp;ssl=1\" data-orig-size=\"750,500\" data-comments-opened=\"1\" data-image-meta=\"{&quot;aperture&quot;:&quot;0&quot;,&quot;credit&quot;:&quot;&quot;,&quot;camera&quot;:&quot;&quot;,&quot;caption&quot;:&quot;&quot;,&quot;created_timestamp&quot;:&quot;0&quot;,&quot;copyright&quot;:&quot;&quot;,&quot;focal_length&quot;:&quot;0&quot;,&quot;iso&quot;:&quot;0&quot;,&quot;shutter_speed&quot;:&quot;0&quot;,&quot;title&quot;:&quot;&quot;,&quot;orientation&quot;:&quot;0&quot;}\" data-image-title=\"Governo de SP abre concurso p\u00fablico para pesquisador no Instituto\" data-image-description=\"\" data-image-caption=\"\" data-large-file=\"https:\/\/i0.wp.com\/guialimeira.com.br\/news\/wp-content\/uploads\/2025\/04\/Governo-de-SP-abre-concurso-publico-para-pesquisador-no-Instituto.jpg?fit=696%2C464&amp;ssl=1\" loading=\"lazy\" width=\"696\" height=\"392\" data-id=\"30789\" src=\"https:\/\/i0.wp.com\/guialimeira.com.br\/wp-content\/uploads\/2025\/07\/1752182144_609_Prefeitura-entrega-nova-viatura-a-GCM-de-Cordeiropolis-%E2%80%93-Prefeitura.jpg?resize=696%2C392&#038;ssl=1\" alt=\"\" class=\"wp-image-30789\" \/><\/figure>\n<figure class=\"wp-block-image\"><img data-recalc-dims=\"1\" decoding=\"async\" loading=\"lazy\" width=\"696\" height=\"391\" data-id=\"30788\" src=\"https:\/\/i0.wp.com\/guialimeira.com.br\/wp-content\/uploads\/2025\/07\/1752182144_402_Prefeitura-entrega-nova-viatura-a-GCM-de-Cordeiropolis-%E2%80%93-Prefeitura.jpg?resize=696%2C391&#038;ssl=1\" alt=\"\" class=\"wp-image-30788\" \/><\/figure>\n<\/figure><\/div>\n<p><br \/>\n<br \/><a href=\"https:\/\/www.cordeiropolis.sp.gov.br\/prefeitura-entrega-nova-viatura-a-gcm-de-cordeiropolis\/\" rel=\"noopener\">Informa\u00e7\u00f5es Cordeir\u00f3polis <\/a><\/p>\n","protected":false},"excerpt":{"rendered":"<p>A Guarda Civil Municipal (GCM) de Cordeir\u00f3polis recebeu uma nova viatura, modelo Renault Duster. A entrega ocorreu nesta quinta-feira (10), na Prefeitura, com a presen\u00e7a da prefeita Cristina Saad, do vice-prefeito Anderson Hespanhol Pique e da deputada estadual Let\u00edcia Aguiar. A parlamentar destinou emenda de R$ 100 mil para a compra do carro, que custou [&hellip;]<\/p>\n","protected":false},"author":1,"featured_media":38416,"comment_status":"open","ping_status":"open","sticky":false,"template":"","format":"standard","meta":{"_jetpack_newsletter_access":"","_jetpack_dont_email_post_to_subs":false,"_jetpack_newsletter_tier_id":0,"_jetpack_memberships_contains_paywalled_content":false,"_mbp_banners":[],"_jetpack_feature_clip_id":0,"_jetpack_memberships_contains_paid_content":false,"footnotes":"","jetpack_publicize_message":"","jetpack_publicize_feature_enabled":true,"jetpack_social_post_already_shared":true,"jetpack_social_options":{"image_generator_settings":{"template":"highway","default_image_id":0,"font":"","enabled":false},"version":2},"jetpack_post_was_ever_published":false},"categories":[20],"tags":[],"class_list":["post-38415","post","type-post","status-publish","format-standard","has-post-thumbnail","category-regiao"],"jetpack_publicize_connections":[],"jetpack-related-posts":[],"jetpack_shortlink":"https:\/\/wp.me\/p7Eq1F-9ZB","jetpack_sharing_enabled":true,"jetpack_featured_media_url":"https:\/\/i0.wp.com\/guialimeira.com.br\/news\/wp-content\/uploads\/2025\/07\/Prefeitura-entrega-nova-viatura-a-GCM-de-Cordeiropolis-%E2%80%93-Prefeitura.jpg?fit=2560%2C1920&ssl=1","_links":{"self":[{"href":"https:\/\/guialimeira.com.br\/news\/wp-json\/wp\/v2\/posts\/38415","targetHints":{"allow":["GET"]}}],"collection":[{"href":"https:\/\/guialimeira.com.br\/news\/wp-json\/wp\/v2\/posts"}],"about":[{"href":"https:\/\/guialimeira.com.br\/news\/wp-json\/wp\/v2\/types\/post"}],"author":[{"embeddable":true,"href":"https:\/\/guialimeira.com.br\/news\/wp-json\/wp\/v2\/users\/1"}],"replies":[{"embeddable":true,"href":"https:\/\/guialimeira.com.br\/news\/wp-json\/wp\/v2\/comments?post=38415"}],"version-history":[{"count":1,"href":"https:\/\/guialimeira.com.br\/news\/wp-json\/wp\/v2\/posts\/38415\/revisions"}],"predecessor-version":[{"id":38417,"href":"https:\/\/guialimeira.com.br\/news\/wp-json\/wp\/v2\/posts\/38415\/revisions\/38417"}],"wp:featuredmedia":[{"embeddable":true,"href":"https:\/\/guialimeira.com.br\/news\/wp-json\/wp\/v2\/media\/38416"}],"wp:attachment":[{"href":"https:\/\/guialimeira.com.br\/news\/wp-json\/wp\/v2\/media?parent=38415"}],"wp:term":[{"taxonomy":"category","embeddable":true,"href":"https:\/\/guialimeira.com.br\/news\/wp-json\/wp\/v2\/categories?post=38415"},{"taxonomy":"post_tag","embeddable":true,"href":"https:\/\/guialimeira.com.br\/news\/wp-json\/wp\/v2\/tags?post=38415"}],"curies":[{"name":"wp","href":"https:\/\/api.w.org\/{rel}","templated":true}]}}