{"id":38412,"date":"2025-07-10T17:27:45","date_gmt":"2025-07-10T20:27:45","guid":{"rendered":"https:\/\/guialimeira.com.br\/?p=38412"},"modified":"2025-07-10T17:27:45","modified_gmt":"2025-07-10T20:27:45","slug":"grupo-de-trabalho-do-programa-novo-centro-se-reune-sob-a-presidencia-de-felipe-penedo","status":"publish","type":"post","link":"https:\/\/guialimeira.com.br\/news\/grupo-de-trabalho-do-programa-novo-centro-se-reune-sob-a-presidencia-de-felipe-penedo\/","title":{"rendered":"Grupo de Trabalho do Programa Novo Centro se re\u00fane sob a presid\u00eancia de Felipe Penedo"},"content":{"rendered":"\n<figure class=\"wp-block-gallery has-nested-images columns-default is-cropped wp-block-gallery-1 is-layout-flex wp-block-gallery-is-layout-flex\"><\/figure>\n \r\n<br><img data-recalc-dims=\"1\" decoding=\"async\" src=\"https:\/\/i0.wp.com\/guialimeira.com.br\/wp-content\/uploads\/2025\/07\/Grupo-de-Trabalho-do-Programa-Novo-Centro-se-reune-sob.j.jpeg?w=696&#038;ssl=1\" \/><br><div>\n\t\t\t\t\t<p>Aconteceu, na manh\u00e3 desta quinta-feira, 10 de julho, a primeira reuni\u00e3o do Grupo de Trabalho do Programa Novo Centro, sob a presid\u00eancia do vereador Felipe Penedo (PL) \u2013 que \u00e9 o autor da <a href=\"https:\/\/legislacao.limeira.sp.leg.br\/Limeira-SP\/LeisOrdinarias\/7134-2025\" rel=\"noopener\">Lei N\u00ba 7134\/2025<\/a>, que busca revitalizar a \u00e1rea central de Limeira. O encontro aconteceu no Edif\u00edcio Prada e reuniu representantes da Prefeitura, bem como de entidades do munic\u00edpio que comp\u00f5em o grupo consultivo.<\/p><p>De acordo com o vereador, a reuni\u00e3o marcou o in\u00edcio de uma agenda colaborativa entre o poder p\u00fablico, entidades representativas e moradores para a revitaliza\u00e7\u00e3o do Centro, uma das principais bandeiras do mandato do parlamentar. Estiveram presentes secret\u00e1rios municipais nomeados pelo prefeito Murilo F\u00e9lix (Podemos), representantes da comunidade local e de diversas institui\u00e7\u00f5es, como a Associa\u00e7\u00e3o Comercial e Industrial de Limeira (Acil), Associa\u00e7\u00e3o do Mercado Municipal, Sebrae, Faculdade Einstein, Unicamp, entre outros setores comprometidos com a transforma\u00e7\u00e3o do Centro.<\/p><p>Durante o encontro, foram debatidas a\u00e7\u00f5es estruturantes e imediatas para a regi\u00e3o central, entre elas:<\/p><ul><li>Cria\u00e7\u00e3o de eventos recorrentes para atrair movimento ao Centro;<\/li><li>Instala\u00e7\u00e3o de totens para refor\u00e7ar a seguran\u00e7a urbana;<\/li><li>Estudos de mobilidade e estacionamento;\u00a0\u00a0<\/li><li>Avalia\u00e7\u00e3o do tempo de funcionamento do sem\u00e1foro intermitente;<\/li><li>Parcerias com universidades para elabora\u00e7\u00e3o de projetos;<\/li><li>Melhorias na limpeza urbana e nos servi\u00e7os de zeladoria das pra\u00e7as;<\/li><li>Defini\u00e7\u00e3o de um calend\u00e1rio de reuni\u00f5es quinzenais do grupo de trabalho, com o objetivo de implantar propostas em at\u00e9 180 dias.<\/li><\/ul><p>Para o vereador Felipe Penedo, a reuni\u00e3o representa um marco importante na constru\u00e7\u00e3o de um Centro mais seguro, atrativo e funcional. \u201cO Novo Centro \u00e9 mais do que um projeto f\u00edsico, \u00e9 um compromisso com o cora\u00e7\u00e3o da nossa cidade. Trabalhar em conjunto com a sociedade civil, universidades e o Executivo \u00e9 o caminho para entregar uma Limeira mais acolhedora, viva e economicamente forte\u201d, comentou Penedo.<\/p><p>O parlamentar informou que a proposta \u00e9 que as reuni\u00f5es sigam de forma peri\u00f3dica, com monitoramento dos avan\u00e7os e execu\u00e7\u00e3o das medidas propostas, visando devolver \u00e0 popula\u00e7\u00e3o um centro urbano organizado, valorizado e pulsante.<\/p><p><i>Do Gabinete Parlamentar \u2013 Vereador Felipe Penedo\u00a0 (PL)<\/i><\/p><p><i>*Fotos do Gabinete parlamentar<\/i><\/p><p><strong>As mat\u00e9rias de origem dos Gabinetes Parlamentares s\u00e3o de inteira\u00a0 responsabilidade dos parlamentares e de suas assessorias. S\u00e3o devidamente assinadas e n\u00e3o refletem, necessariamente, a opini\u00e3o institucional da C\u00e2mara Municipal de Limeira.<\/strong><\/p>\t\t\t\t<\/div>\r\n<br>\r\n<br><a href=\"https:\/\/www.limeira.sp.leg.br\/noticias\/view\/2025-07-10_grupo-de-trabalho-do-programa-novo-centro-se-reune-sob-a-presidencia-de-felipe-penedo\" rel=\"noopener\">Informa\u00e7\u00f5es CML <\/a>","protected":false},"excerpt":{"rendered":"<p>Aconteceu, na manh\u00e3 desta quinta-feira, 10 de julho, a primeira reuni\u00e3o do Grupo de Trabalho do Programa Novo Centro, sob a presid\u00eancia do vereador Felipe Penedo (PL) \u2013 que \u00e9 o autor da Lei N\u00ba 7134\/2025, que busca revitalizar a \u00e1rea central de Limeira. O encontro aconteceu no Edif\u00edcio Prada e reuniu representantes da Prefeitura, [&hellip;]<\/p>\n","protected":false},"author":1,"featured_media":38413,"comment_status":"open","ping_status":"open","sticky":false,"template":"","format":"standard","meta":{"_jetpack_newsletter_access":"","_jetpack_dont_email_post_to_subs":false,"_jetpack_newsletter_tier_id":0,"_jetpack_memberships_contains_paywalled_content":false,"_mbp_banners":[],"_jetpack_feature_clip_id":0,"_jetpack_memberships_contains_paid_content":false,"footnotes":"","jetpack_publicize_message":"","jetpack_publicize_feature_enabled":true,"jetpack_social_post_already_shared":true,"jetpack_social_options":{"image_generator_settings":{"template":"highway","default_image_id":0,"font":"","enabled":false},"version":2},"jetpack_post_was_ever_published":false},"categories":[19],"tags":[],"class_list":["post-38412","post","type-post","status-publish","format-standard","has-post-thumbnail","category-politica"],"jetpack_publicize_connections":[],"jetpack-related-posts":[],"jetpack_shortlink":"https:\/\/wp.me\/p7Eq1F-9Zy","jetpack_sharing_enabled":true,"jetpack_featured_media_url":"https:\/\/i0.wp.com\/guialimeira.com.br\/news\/wp-content\/uploads\/2025\/07\/Grupo-de-Trabalho-do-Programa-Novo-Centro-se-reune-sob.jpeg?fit=1280%2C640&ssl=1","_links":{"self":[{"href":"https:\/\/guialimeira.com.br\/news\/wp-json\/wp\/v2\/posts\/38412","targetHints":{"allow":["GET"]}}],"collection":[{"href":"https:\/\/guialimeira.com.br\/news\/wp-json\/wp\/v2\/posts"}],"about":[{"href":"https:\/\/guialimeira.com.br\/news\/wp-json\/wp\/v2\/types\/post"}],"author":[{"embeddable":true,"href":"https:\/\/guialimeira.com.br\/news\/wp-json\/wp\/v2\/users\/1"}],"replies":[{"embeddable":true,"href":"https:\/\/guialimeira.com.br\/news\/wp-json\/wp\/v2\/comments?post=38412"}],"version-history":[{"count":1,"href":"https:\/\/guialimeira.com.br\/news\/wp-json\/wp\/v2\/posts\/38412\/revisions"}],"predecessor-version":[{"id":38414,"href":"https:\/\/guialimeira.com.br\/news\/wp-json\/wp\/v2\/posts\/38412\/revisions\/38414"}],"wp:featuredmedia":[{"embeddable":true,"href":"https:\/\/guialimeira.com.br\/news\/wp-json\/wp\/v2\/media\/38413"}],"wp:attachment":[{"href":"https:\/\/guialimeira.com.br\/news\/wp-json\/wp\/v2\/media?parent=38412"}],"wp:term":[{"taxonomy":"category","embeddable":true,"href":"https:\/\/guialimeira.com.br\/news\/wp-json\/wp\/v2\/categories?post=38412"},{"taxonomy":"post_tag","embeddable":true,"href":"https:\/\/guialimeira.com.br\/news\/wp-json\/wp\/v2\/tags?post=38412"}],"curies":[{"name":"wp","href":"https:\/\/api.w.org\/{rel}","templated":true}]}}