{"id":38407,"date":"2025-07-10T17:19:42","date_gmt":"2025-07-10T20:19:42","guid":{"rendered":"https:\/\/guialimeira.com.br\/2025\/07\/10\/prefeitura-lanca-programa-de-refinanciamento-de-debitos-habitacionais-portal-do-municipio-de-piracicaba\/"},"modified":"2025-07-10T17:19:42","modified_gmt":"2025-07-10T20:19:42","slug":"prefeitura-lanca-programa-de-refinanciamento-de-debitos-habitacionais-portal-do-municipio-de-piracicaba","status":"publish","type":"post","link":"https:\/\/guialimeira.com.br\/news\/prefeitura-lanca-programa-de-refinanciamento-de-debitos-habitacionais-portal-do-municipio-de-piracicaba\/","title":{"rendered":"Prefeitura lan\u00e7a Programa de Refinanciamento de D\u00e9bitos Habitacionais \u2013 Portal do Munic\u00edpio de Piracicaba"},"content":{"rendered":"<p> <br \/>\n<\/p>\n<div>\n<figure class=\"wp-block-image size-large\"><img data-recalc-dims=\"1\" data-lazyloaded=\"1\" data-placeholder-resp=\"1024x768\" fetchpriority=\"high\" decoding=\"async\" width=\"696\" height=\"522\" src=\"https:\/\/i0.wp.com\/piracicaba.sp.gov.br\/wp-content\/uploads\/2025\/07\/O-refinanciamento-podera-ser-feito-por-iniciativa-dos-proprios-moradores-desde-que-estejam-com-pagamentos-em-dia-1024x768.jpg?resize=696%2C522&#038;ssl=1\" alt=\"A imagem mostra uma sala de escrit\u00f3rio moderna e bem iluminada, com v\u00e1rias esta\u00e7\u00f5es de trabalho individuais dispostas em fileiras. As esta\u00e7\u00f5es s\u00e3o separadas por divis\u00f3rias baixas de madeira de tom claro, criando um ambiente de trabalho relativamente privado. Cada esta\u00e7\u00e3o tem um computador, teclado e mouse, sugerindo um ambiente de trabalho informatizado. H\u00e1 tr\u00eas pessoas vis\u00edveis na imagem: uma mulher de cabelo castanho claro, que parece estar ajudando um jovem de cabelo escuro sentado \u00e0 sua frente; e uma terceira pessoa, cuja face n\u00e3o \u00e9 vis\u00edvel, sentada de costas para a c\u00e2mera. A mulher e o jovem est\u00e3o focados nos computadores, sugerindo que est\u00e3o trabalhando em alguma tarefa. A terceira pessoa parece estar esperando ou preenchendo algum formul\u00e1rio. A decora\u00e7\u00e3o da sala \u00e9 minimalista e funcional, com paredes de concreto aparente e um teto com ilumina\u00e7\u00e3o embutida. H\u00e1 um painel de vidro na parede do fundo com desenhos gr\u00e1ficos que parecem representar elementos urbanos, como edif\u00edcios e pontes. Os computadores t\u00eam o logotipo &quot;DATEN&quot; vis\u00edvel na tela, sugerindo que se trata de uma empresa ou organiza\u00e7\u00e3o que utiliza este tipo de equipamento. H\u00e1 tamb\u00e9m um sinal de &quot;Atendimento Comercial&quot; vis\u00edvel em uma das esta\u00e7\u00f5es de trabalho. No geral, a imagem transmite a impress\u00e3o de um ambiente de trabalho profissional, organizado e eficiente. A ilumina\u00e7\u00e3o e a disposi\u00e7\u00e3o dos espa\u00e7os sugerem um ambiente de trabalho confort\u00e1vel e produtivo.\" class=\"wp-image-108011\" srcset=\"https:\/\/piracicaba.sp.gov.br\/wp-content\/uploads\/2025\/07\/O-refinanciamento-podera-ser-feito-por-iniciativa-dos-proprios-moradores-desde-que-estejam-com-pagamentos-em-dia-1024x768.jpg 1024w, https:\/\/piracicaba.sp.gov.br\/wp-content\/uploads\/2025\/07\/O-refinanciamento-podera-ser-feito-por-iniciativa-dos-proprios-moradores-desde-que-estejam-com-pagamentos-em-dia-300x225.jpg 300w, https:\/\/piracicaba.sp.gov.br\/wp-content\/uploads\/2025\/07\/O-refinanciamento-podera-ser-feito-por-iniciativa-dos-proprios-moradores-desde-que-estejam-com-pagamentos-em-dia-768x576.jpg 768w, https:\/\/piracicaba.sp.gov.br\/wp-content\/uploads\/2025\/07\/O-refinanciamento-podera-ser-feito-por-iniciativa-dos-proprios-moradores-desde-que-estejam-com-pagamentos-em-dia-1536x1152.jpg 1536w, https:\/\/piracicaba.sp.gov.br\/wp-content\/uploads\/2025\/07\/O-refinanciamento-podera-ser-feito-por-iniciativa-dos-proprios-moradores-desde-que-estejam-com-pagamentos-em-dia-2048x1536.jpg 2048w\" data-sizes=\"(max-width: 1024px) 100vw, 1024px\"\/><figcaption class=\"wp-element-caption\">O<strong><em><sub> refinanciamento poder\u00e1 ser feito por iniciativa dos pr\u00f3prios moradores, desde que estejam com pagamentos em dia<\/sub><\/em><\/strong><\/figcaption><\/figure>\n<p>A Prefeitura de Piracicaba, por meio da Secretaria Municipal de Habita\u00e7\u00e3o e Regulariza\u00e7\u00e3o Fundi\u00e1ria, instituiu, por meio do decreto 20.573\/25, o Programa de Refinanciamento de D\u00e9bitos Habitacionais, que tem por objetivo a repactua\u00e7\u00e3o do valor das parcelas vencidas e vincendas de contratos firmados com a extinta Emdhap e que hoje est\u00e3o sob a responsabilidade da administra\u00e7\u00e3o municipal e do Fundo Municipal de Habita\u00e7\u00e3o de Interesse Social (Fumhis).<\/p>\n<p>A medida contempla moradores de 14 empreendimentos habitacionais, sendo: Jardim Alvorada, Parque dos Sabi\u00e1s, Jardim Vit\u00f3ria, Vila Liberdade, Altos do Tatuap\u00e9, Jardim dos Ip\u00eas, Jardim Morada do Sol, Jardim Algodoal, Jardim Oriente, Bosques do Lenheiro, M\u00e1rio Dedini, Vila Emdhap, Vila S\u00f4nia e Jardim Sant\u2019Ana, al\u00e9m de benefici\u00e1rios do programa Cesta B\u00e1sica de Materiais de Constru\u00e7\u00e3o.<\/p>\n<p>O refinanciamento poder\u00e1 ser feito por iniciativa dos pr\u00f3prios moradores, desde que estejam com pagamentos em dia, ou de forma compuls\u00f3ria, nos casos em que h\u00e1 parcelas em atraso. Nestes casos, a Secretaria Municipal de Habita\u00e7\u00e3o e Regulariza\u00e7\u00e3o Fundi\u00e1ria ser\u00e1 respons\u00e1vel pela notifica\u00e7\u00e3o do devedor. Caso o mutu\u00e1rio notificado n\u00e3o busque o refinanciamento dentro do prazo, o munic\u00edpio poder\u00e1 tomar medidas como inscri\u00e7\u00e3o do CPF em \u00f3rg\u00e3os de prote\u00e7\u00e3o ao cr\u00e9dito; protesto da d\u00edvida; a\u00e7\u00e3o judicial de cobran\u00e7a e rescis\u00e3o contratual com devolu\u00e7\u00e3o do im\u00f3vel.<\/p>\n<p>Os d\u00e9bitos poder\u00e3o ser refinanciados em at\u00e9 96 parcelas mensais, com condi\u00e7\u00f5es que variam de acordo com o valor devido. O pedido de refinanciamento dever\u00e1 ser feito em at\u00e9 60 dias ap\u00f3s o recebimento da notifica\u00e7\u00e3o<strong>.<\/strong>\u00a0A solicita\u00e7\u00e3o pode ser realizada presencialmente, na sede da secretaria, ou pelo sistema Sem Papel\u00a0(<a href=\"https:\/\/sempapel.piracicaba.sp.gov.br\/\" target=\"_blank\" rel=\"noreferrer noopener\">https:\/\/sempapel.piracicaba.sp.gov.br\/<\/a>). A secretaria fica no 9\u00ba andar do Centro C\u00edvico, situado na rua Antonio Correa Barbosa, 2233, no Centro.<\/p>\n<p>A ades\u00e3o ao programa implica confiss\u00e3o irretrat\u00e1vel do d\u00e9bito, ren\u00fancia a defesas administrativas ou judiciais e compromisso com o pagamento regular das parcelas.\u00a0<\/p>\n<p>\u201cA regulariza\u00e7\u00e3o dos contratos de financiamento da Emdhap \u00e9 uma das prioridades da gest\u00e3o do prefeito Helinho Zanatta\u201d, afirmou o titular da Pasta, \u00c1lvaro Saviani. \u201cNosso compromisso \u00e9 atualizar o cadastro dos mutu\u00e1rios, enfrentar a inadimpl\u00eancia e, principalmente, garantir transpar\u00eancia na gest\u00e3o dos recursos p\u00fablicos. Queremos que todas as fam\u00edlias tenham a oportunidade de regularizar seus im\u00f3veis de forma justa, acess\u00edvel e segura\u201d, completou.<\/p>\n<p><strong>REGULAMENTA\u00c7\u00c3O \u2013<\/strong>\u00a0No referido decreto, foi regulamentado o art. 2\u00ba da Lei n\u00ba 9.877\/2022, consolidando regras e instrumentos que organizam os contratos habitacionais firmados com a extinta Emdhap e com o Fumhis. O decreto representa um avan\u00e7o para as fam\u00edlias de baixa renda que buscam a regulariza\u00e7\u00e3o definitiva da posse e titularidade de seus im\u00f3veis.<\/p>\n<p>Al\u00e9m de tratar da repactua\u00e7\u00e3o de contratos antigos, o texto tamb\u00e9m reconhece ocupa\u00e7\u00f5es anteriores \u00e0 edi\u00e7\u00e3o da lei n\u00ba 9.877\/22 e prev\u00ea a assinatura de contratos formais para regulariza\u00e7\u00e3o da posse, desde que atendam aos crit\u00e9rios t\u00e9cnicos e sociais estabelecidos pela Secretaria Municipal de Habita\u00e7\u00e3o e Regulariza\u00e7\u00e3o Fundi\u00e1ria.<\/p>\n<p>Est\u00e3o contemplados os titulares de contratos com a extinta Emdhap; os ocupantes de im\u00f3veis vinculados \u00e0 antiga empresa, em posse anterior \u00e0 Lei n\u00ba 9.877\/2022 e as fam\u00edlias beneficiadas por contratos do programa Cesta B\u00e1sica. Todos os envolvidos dever\u00e3o estar em posse, uso e gozo regular do im\u00f3vel para assinar o novo contrato ou aditivo, o qual estender\u00e1 as obriga\u00e7\u00f5es tamb\u00e9m aos herdeiros e sucessores.<\/p>\n<p>Conforme as novas regras, os im\u00f3veis adquiridos por meio desses programas devem ser utilizados para moradia pr\u00f3pria da fam\u00edlia benefici\u00e1ria. O uso misto (comercial\/residencial) \u00e9 permitido apenas como complemento de renda, mas est\u00e1 proibida a loca\u00e7\u00e3o, cess\u00e3o ou transfer\u00eancia do im\u00f3vel enquanto n\u00e3o houver quita\u00e7\u00e3o total do financiamento. Caso essas normas sejam desrespeitadas, o contrato pode ser rescindido unilateralmente, e o morador poder\u00e1 ser exclu\u00eddo de futuros programas habitacionais do munic\u00edpio.<\/p>\n<\/div>\n<p><br \/>\n<br \/><a href=\"https:\/\/piracicaba.sp.gov.br\/noticias\/prefeitura-lanca-programa-de-refinanciamento-de-debitos-habitacionais\/\" rel=\"noopener\">Informa\u00e7\u00f5es PMP <\/a><\/p>\n","protected":false},"excerpt":{"rendered":"<p>O refinanciamento poder\u00e1 ser feito por iniciativa dos pr\u00f3prios moradores, desde que estejam com pagamentos em dia A Prefeitura de Piracicaba, por meio da Secretaria Municipal de Habita\u00e7\u00e3o e Regulariza\u00e7\u00e3o Fundi\u00e1ria, instituiu, por meio do decreto 20.573\/25, o Programa de Refinanciamento de D\u00e9bitos Habitacionais, que tem por objetivo a repactua\u00e7\u00e3o do valor das parcelas vencidas [&hellip;]<\/p>\n","protected":false},"author":1,"featured_media":38408,"comment_status":"open","ping_status":"open","sticky":false,"template":"","format":"standard","meta":{"_jetpack_newsletter_access":"","_jetpack_dont_email_post_to_subs":false,"_jetpack_newsletter_tier_id":0,"_jetpack_memberships_contains_paywalled_content":false,"_mbp_banners":[],"_jetpack_feature_clip_id":0,"_jetpack_memberships_contains_paid_content":false,"footnotes":"","jetpack_publicize_message":"","jetpack_publicize_feature_enabled":true,"jetpack_social_post_already_shared":true,"jetpack_social_options":{"image_generator_settings":{"template":"highway","default_image_id":0,"font":"","enabled":false},"version":2},"jetpack_post_was_ever_published":false},"categories":[20],"tags":[],"class_list":["post-38407","post","type-post","status-publish","format-standard","has-post-thumbnail","category-regiao"],"jetpack_publicize_connections":[],"jetpack-related-posts":[],"jetpack_shortlink":"https:\/\/wp.me\/p7Eq1F-9Zt","jetpack_sharing_enabled":true,"jetpack_featured_media_url":"https:\/\/i0.wp.com\/guialimeira.com.br\/news\/wp-content\/uploads\/2025\/07\/O-refinanciamento-podera-ser-feito-por-iniciativa-dos-proprios-moradores-desde-que-estejam-com-pagam.jpeg?fit=1024%2C768&ssl=1","_links":{"self":[{"href":"https:\/\/guialimeira.com.br\/news\/wp-json\/wp\/v2\/posts\/38407","targetHints":{"allow":["GET"]}}],"collection":[{"href":"https:\/\/guialimeira.com.br\/news\/wp-json\/wp\/v2\/posts"}],"about":[{"href":"https:\/\/guialimeira.com.br\/news\/wp-json\/wp\/v2\/types\/post"}],"author":[{"embeddable":true,"href":"https:\/\/guialimeira.com.br\/news\/wp-json\/wp\/v2\/users\/1"}],"replies":[{"embeddable":true,"href":"https:\/\/guialimeira.com.br\/news\/wp-json\/wp\/v2\/comments?post=38407"}],"version-history":[{"count":0,"href":"https:\/\/guialimeira.com.br\/news\/wp-json\/wp\/v2\/posts\/38407\/revisions"}],"wp:featuredmedia":[{"embeddable":true,"href":"https:\/\/guialimeira.com.br\/news\/wp-json\/wp\/v2\/media\/38408"}],"wp:attachment":[{"href":"https:\/\/guialimeira.com.br\/news\/wp-json\/wp\/v2\/media?parent=38407"}],"wp:term":[{"taxonomy":"category","embeddable":true,"href":"https:\/\/guialimeira.com.br\/news\/wp-json\/wp\/v2\/categories?post=38407"},{"taxonomy":"post_tag","embeddable":true,"href":"https:\/\/guialimeira.com.br\/news\/wp-json\/wp\/v2\/tags?post=38407"}],"curies":[{"name":"wp","href":"https:\/\/api.w.org\/{rel}","templated":true}]}}