{"id":38400,"date":"2025-07-10T16:26:48","date_gmt":"2025-07-10T19:26:48","guid":{"rendered":"https:\/\/guialimeira.com.br\/?p=38400"},"modified":"2025-07-10T16:26:48","modified_gmt":"2025-07-10T19:26:48","slug":"comissao-de-saude-debate-situacao-financeira-e-contratual-do-hospital-humanitaria","status":"publish","type":"post","link":"https:\/\/guialimeira.com.br\/news\/comissao-de-saude-debate-situacao-financeira-e-contratual-do-hospital-humanitaria\/","title":{"rendered":"Comiss\u00e3o de Sa\u00fade debate situa\u00e7\u00e3o financeira e contratual do Hospital Humanit\u00e1ria"},"content":{"rendered":"\n<figure class=\"wp-block-gallery has-nested-images columns-default is-cropped wp-block-gallery-1 is-layout-flex wp-block-gallery-is-layout-flex\"><\/figure>\n \r\n<br><img data-recalc-dims=\"1\" decoding=\"async\" src=\"https:\/\/i0.wp.com\/guialimeira.com.br\/wp-content\/uploads\/2025\/07\/Comissao-de-Saude-debate-situacao-financeira-e-contratual-do-Hospital.jpg?w=696&#038;ssl=1\" \/><br><div>\n\t\t\t\t\t<p>Aumento na quantidade de pacientes atendidos de 4 mil para 7 mil por m\u00eas e d\u00e9ficit financeiro do Hospital Sociedade Oper\u00e1ria Humanit\u00e1ria. Esses foram alguns dos desafios apontados pelos representantes da unidade conveniada da Prefeitura de Limeira, durante a reuni\u00e3o da Comiss\u00e3o de Sa\u00fade da C\u00e2mara, nesta quinta-feira, 10 de julho. Os vereadores buscam esclarecimentos sobre quais medidas devem ser alinhadas entre o Poder Executivo e a Humanit\u00e1ria para garantir que o atendimento hospitalar seja aprimorado e adequado \u00e0 demanda do Munic\u00edpio.\u00a0<\/p><p>O presidente da Comiss\u00e3o, Dr. Marcelo Rossi (MDB), abriu o di\u00e1logo destacando o prop\u00f3sito do convite aos representantes da Humanit\u00e1ria: apurar informa\u00e7\u00f5es t\u00e9cnicas e administrativas sobre o funcionamento do Hospital, considerando os recursos p\u00fablicos repassados e as demandas da popula\u00e7\u00e3o. Ele explicou que o colegiado, no exerc\u00edcio da fun\u00e7\u00e3o constitucional, fiscaliza as pol\u00edticas p\u00fablicas de sa\u00fade.\u00a0<\/p><p>\u201cO intuito \u00e9 compreender a atual situa\u00e7\u00e3o, os desafios enfrentados, os crit\u00e9rios de repasses e aplica\u00e7\u00e3o dos recursos p\u00fablicos, bem como as solu\u00e7\u00f5es poss\u00edveis para aprimorar o atendimento\u201d, citou o parlamentar. Segundo Rossi, os gabinetes t\u00eam sido procurados para solicitar a presta\u00e7\u00e3o de contas de como funciona a sa\u00fade na cidade. \u201cEnt\u00e3o para nos auxiliar a ser propagadores de informa\u00e7\u00f5es nada mais justo do que convid\u00e1-los para sanar d\u00favidas e poder entender a din\u00e2mica\u201d, ponderou.\u00a0<\/p><p>Fazem parte do colegiado os vereadores Dr. Marcelo Rossi (MDB), presidente; Z\u00e9 da Farm\u00e1cia (Solidariedade), vice-presidente; e Elias Barbosa (PRTB), secret\u00e1rio. Tamb\u00e9m acompanharam a discuss\u00e3o desta semana o presidente da C\u00e2mara, Everton Ferreira (PSD), Carlinhos do Grotta (PL), Waguinho da Santa Luzia (PP), Mariana Calsa (MDB), M\u00e1rcio do Estacionamento (DC) e Costa J\u00fanior (Podemos).\u00a0<\/p><p>Estavam entre os presentes representando a equipe da Humanit\u00e1ria, a gerente Administrativa, Irene Suselei Von Zuben; Vanildo Aparecido, do departamento Jur\u00eddico; Marco Ant\u00f4nio Dalfr\u00e9 Filho, m\u00e9dico coordenador do Pronto Socorro; Kisy Zambelo, coordenadora do setor pedi\u00e1trico.\u00a0<\/p><p>O debate foi transmitido ao vivo; o v\u00eddeo est\u00e1 dispon\u00edvel na \u00edntegra neste <a href=\"https:\/\/www.youtube.com\/watch?v=gUH-g4ji3y0\" rel=\"noopener\">link<\/a>. J\u00e1 as delibera\u00e7\u00f5es s\u00e3o registradas em <a href=\"https:\/\/consulta.limeira.sp.leg.br\/arquivo?Id=514300\" rel=\"noopener\">ata<\/a>.<\/p><p><strong>Contrato<\/strong><\/p><p>Com dura\u00e7\u00e3o de 12 meses, o contrato entre Humanit\u00e1ria e o poder p\u00fablico abrange o atendimento \u00e0 sa\u00fade da popula\u00e7\u00e3o em unidades de pronto-atendimento (PA) municipal nos bairros Parque Hip\u00f3lito, Jardim Aeroporto, Ab\u00edlio Pedro, al\u00e9m dos servi\u00e7os de\u00a0 pronto-socorro, psiquiatria, ambulat\u00f3rio materno-infantil, ginecologia obstetr\u00edcia, PA Infantil, leito para longa perman\u00eancia na pr\u00f3pria unidade hospitalar da institui\u00e7\u00e3o.\u00a0<\/p><p>O valor mensal repassado pela Prefeitura, segundo Irene Zuben, \u00e9 de R$ 2,8 milh\u00f5es. Como a gest\u00e3o dos recursos p\u00fablicos\u00a0 do Sistema \u00danico de Sa\u00fade (SUS) \u00e9 tripartite, h\u00e1 envio de recursos pelo Governo Federal e pelo Estado (tabela SUS Paulista, que visa complementar os valores pagos pelo Minist\u00e9rio da Sa\u00fade aos hospitais e entidades filantr\u00f3picas): na ordem de R$ 500 mil por m\u00eas, cada.\u00a0\u00a0\u00a0<\/p><p><strong>Demanda e espera<\/strong>\u00a0<\/p><p>A equipe da Humanit\u00e1ria apontou o aumento no n\u00famero de atendimentos de 4 mil para 7 mil por m\u00eas, somente no Hospital. Ao considerar a totalidade somando as demais unidades, como Aeroporto, Hip\u00f3lito e Ab\u00edlio, foram 36 mil atendimentos realizados pela institui\u00e7\u00e3o somente no m\u00eas de junho.\u00a0\u00a0\u00a0<\/p><p>Em rela\u00e7\u00e3o ao tempo de espera dos pacientes, a gest\u00e3o do Hospital salientou que segue a Classifica\u00e7\u00e3o de Risco recomendada pelo Minist\u00e9rio da Sa\u00fade\u00a0 (um sistema para priorizar o atendimento em servi\u00e7os de urg\u00eancia e emerg\u00eancia, baseado no quadro de gravidade cl\u00ednica do paciente). Isso permite que os casos mais graves sejam atendidos mais rapidamente. \u201cSe tem um paciente de 40 anos com quadro de infarto, este ter\u00e1 prioridade em rela\u00e7\u00e3o ao idoso\u201d, exemplificou o m\u00e9dico coordenador do Pronto Socorro.\u00a0<\/p><p>Para casos de menor gravidade, o tempo m\u00e1ximo \u00e9 de 240 minutos, ou seja, quatro horas para ser atendido. Esse p\u00fablico corresponde, segundo Dalfr\u00e9, \u00e0 maior parcela de pacientes que buscam a Humanit\u00e1ria. \u201cDe janeiro a junho, entre 202 mil atendidos, 70% \u00e9 ficha azul\u201d, descreveu o coordenador, fazendo refer\u00eancia ao Protocolo de Manchester, que utiliza cinco cores para identificar o grau de cada paciente.\u00a0<\/p><p>De acordo com o SUS, a cor azul indica situa\u00e7\u00e3o n\u00e3o urgente, que pode ser atendida em unidades b\u00e1sicas de sa\u00fade, por isso, o tempo de espera pode ser de at\u00e9 quatro horas ou superior, a depender da demanda.\u00a0\u00a0\u00a0\u00a0\u00a0\u00a0<\/p><p><strong>Escala m\u00e9dica\u00a0<\/strong><\/p><p>O conv\u00eanio entre a Prefeitura e o Hospital prev\u00ea atualmente a disponibilidade de dois m\u00e9dicos em cada turno. Questionados pela Comiss\u00e3o se \u00e9 vi\u00e1vel a contrata\u00e7\u00e3o de mais profissionais, os representantes do Hospital explicaram que isso depende da atualiza\u00e7\u00e3o do valor do contrato ou de aditivo. Al\u00e9m disso, o quadro para prestar os servi\u00e7os n\u00e3o envolve somente o m\u00e9dico, mas as equipes de enfermagem e de higieniza\u00e7\u00e3o.\u00a0<\/p><p>O colegiado abordou o v\u00eddeo divulgado nas redes sociais pelo prefeito Murilo F\u00e9lix (Podemos) em junho sobre o atendimento. O conte\u00fado exibe visita do prefeito ao local, no qual apontou problemas no tempo de espera e informou que havia apenas um m\u00e9dico atendendo na data. A Humanit\u00e1ria refor\u00e7ou as informa\u00e7\u00f5es fornecidas \u00e0 Comiss\u00e3o por meio de of\u00edcio\u00a0 <a href=\"https:\/\/www.limeira.sp.leg.br\/noticias\/view\/2025-06-26_comissao-recebe-dados-da-prefeitura-sobre-filas-media-e-de-688-novos-pedidos-mensais-para-cirurgias-eletivas\" rel=\"noopener\">no dia 26 de junho<\/a>, quando disponibilizou o relat\u00f3rio dos atendimentos m\u00e9dicos do Pronto Socorro.\u00a0<\/p><p>Segundo a gest\u00e3o do Hospital, no referido plant\u00e3o, os setores de emerg\u00eancia\/urg\u00eancia e observa\u00e7\u00e3o estavam lotados; o que demandou a presen\u00e7a de um m\u00e9dico para atendimento dos pacientes. \u201cSendo assim, como ajustado em conv\u00eanio, o munic\u00edpio paga por dois m\u00e9dicos plantonistas e, com isso, um estava atendendo consultas (porta) e outro na emerg\u00eancia\/urg\u00eancia e observa\u00e7\u00e3o\u201d, declarou no documento.\u00a0 A unidade relatou ainda que na data tamb\u00e9m ocorreu um \u00f3bito de paciente ap\u00f3s quatro paradas card\u00edacas, fato ocorrido entre as 14h15 (primeira parada) e 20h59 (\u00faltima parada).\u00a0<\/p><p><strong>Leitos<\/strong>\u00a0<\/p><p>A estrutura hospitalar da Humanit\u00e1ria disp\u00f5e de oito leitos de Unidade de Terapia Intensiva (UTI) e foi esclarecido pelos gestores como \u00e9 feita a regula\u00e7\u00e3o quando n\u00e3o h\u00e1 vaga para suprir a demanda. Alguns pacientes s\u00e3o entubados e monitorados na sala de pronto-socorro, sendo necess\u00e1ria a busca por leitos via sistema Cross &#8211; Central de Regula\u00e7\u00e3o de Ofertas de Servi\u00e7os de Sa\u00fade, operada pelo Governo do Estado para gerenciar a distribui\u00e7\u00e3o de vagas em servi\u00e7os de sa\u00fade.\u00a0 H\u00e1 casos de pacientes que s\u00e3o encaminhados para interna\u00e7\u00f5es em outras cidades como Piracicaba ou S\u00e3o Carlos.\u00a0<\/p><p><strong>D\u00e9ficit<\/strong>\u00a0<\/p><p>Foi informado aos vereadores que, apesar do acr\u00e9scimo na demanda, mais pacientes atendidos do que o contratado, o recurso financeiro repassado pela Prefeitura n\u00e3o aumentou nos \u00faltimos anos. Esse \u00e9 um dos desafios da gest\u00e3o e que foi pauta de reuni\u00e3o entre a Humanit\u00e1ria e a Secretaria Municipal de Sa\u00fade.\u00a0\u00a0\u00a0<\/p><p>Os representantes da institui\u00e7\u00e3o relataram que na gest\u00e3o passada havia um entendimento jur\u00eddico de que n\u00e3o era poss\u00edvel fazer aditivos nos contratos, sob pena de o Executivo ficar vulner\u00e1vel a ter problemas na presta\u00e7\u00e3o de contas. Contudo, no governo atual h\u00e1 um di\u00e1logo no sentido de que o aditivo contratual pode ser realizado desde que devidamente comprovado que houve mais atendimentos que o previsto.\u00a0<\/p><p>N\u00e3o pode aumentar al\u00e9m do 4,86%, mas pode haver aditivo desde que comprove o aumento da demanda. A gente tem essa esperan\u00e7a. O principal objetivo dessa Comiss\u00e3o \u00e9 fazer leis.\u00a0<\/p><p><strong>Propostas\u00a0<\/strong><\/p><p>O presidente da C\u00e2mara, Everton Ferreira, contribuiu com o debate. \u201cO caminho para uma melhor performance da Humanit\u00e1ria \u00e9 o investimento p\u00fablico com a coparticipa\u00e7\u00e3o da Prefeitura na gest\u00e3o. N\u00f3s j\u00e1 tivemos essa experi\u00eancia onde a Prefeitura se prop\u00f4s a fazer investimentos no Hospital e o administrou conjuntamente durante a pandemia de covid-19; deu muito certo, com o devido encontro de contas e transpar\u00eancia. Foi uma parceria bem vinda. O futuro da sa\u00fade limeirense \u00e9 aperfei\u00e7oar o Hospital Humanit\u00e1ria. Limeira precisa de fortalecimento das institui\u00e7\u00f5es j\u00e1 estabelecidas\u201d, defendeu.\u00a0<\/p><p>A Comiss\u00e3o de Sa\u00fade deliberou, conforme sugest\u00e3o do presidente da Casa, pela expedi\u00e7\u00e3o de of\u00edcio \u00e0 Sociedade Oper\u00e1ria Humanit\u00e1ria para que encaminhe o \u201craio-x dos contratos\u201d, com dados sobre os atendimentos, em cada uma das especialidades, e as equipes que atendem. A finalidade \u00e9 permitir que o colegiado consiga estimar a real demanda do Hospital. \u00a0<\/p>\t\t\t\t<\/div>\r\n<br>\r\n<br><a href=\"https:\/\/www.limeira.sp.leg.br\/noticias\/view\/2025-07-10_comissao-de-saude-debate-situacao-financeira-e-contratual-do-hospital-humanitaria\" rel=\"noopener\">Informa\u00e7\u00f5es CML <\/a>","protected":false},"excerpt":{"rendered":"<p>Aumento na quantidade de pacientes atendidos de 4 mil para 7 mil por m\u00eas e d\u00e9ficit financeiro do Hospital Sociedade Oper\u00e1ria Humanit\u00e1ria. Esses foram alguns dos desafios apontados pelos representantes da unidade conveniada da Prefeitura de Limeira, durante a reuni\u00e3o da Comiss\u00e3o de Sa\u00fade da C\u00e2mara, nesta quinta-feira, 10 de julho. Os vereadores buscam esclarecimentos [&hellip;]<\/p>\n","protected":false},"author":1,"featured_media":38399,"comment_status":"open","ping_status":"open","sticky":false,"template":"","format":"standard","meta":{"_jetpack_newsletter_access":"","_jetpack_dont_email_post_to_subs":false,"_jetpack_newsletter_tier_id":0,"_jetpack_memberships_contains_paywalled_content":false,"_mbp_banners":[],"_jetpack_feature_clip_id":0,"_jetpack_memberships_contains_paid_content":false,"footnotes":"","jetpack_publicize_message":"","jetpack_publicize_feature_enabled":true,"jetpack_social_post_already_shared":true,"jetpack_social_options":{"image_generator_settings":{"template":"highway","default_image_id":0,"font":"","enabled":false},"version":2},"jetpack_post_was_ever_published":false},"categories":[19],"tags":[],"class_list":["post-38400","post","type-post","status-publish","format-standard","has-post-thumbnail","category-politica"],"jetpack_publicize_connections":[],"jetpack-related-posts":[],"jetpack_shortlink":"https:\/\/wp.me\/p7Eq1F-9Zm","jetpack_sharing_enabled":true,"jetpack_featured_media_url":"https:\/\/i0.wp.com\/guialimeira.com.br\/news\/wp-content\/uploads\/2025\/07\/Comissao-de-Saude-debate-situacao-financeira-e-contratual-do-Hospital.jpg?fit=1280%2C640&ssl=1","_links":{"self":[{"href":"https:\/\/guialimeira.com.br\/news\/wp-json\/wp\/v2\/posts\/38400","targetHints":{"allow":["GET"]}}],"collection":[{"href":"https:\/\/guialimeira.com.br\/news\/wp-json\/wp\/v2\/posts"}],"about":[{"href":"https:\/\/guialimeira.com.br\/news\/wp-json\/wp\/v2\/types\/post"}],"author":[{"embeddable":true,"href":"https:\/\/guialimeira.com.br\/news\/wp-json\/wp\/v2\/users\/1"}],"replies":[{"embeddable":true,"href":"https:\/\/guialimeira.com.br\/news\/wp-json\/wp\/v2\/comments?post=38400"}],"version-history":[{"count":1,"href":"https:\/\/guialimeira.com.br\/news\/wp-json\/wp\/v2\/posts\/38400\/revisions"}],"predecessor-version":[{"id":38401,"href":"https:\/\/guialimeira.com.br\/news\/wp-json\/wp\/v2\/posts\/38400\/revisions\/38401"}],"wp:featuredmedia":[{"embeddable":true,"href":"https:\/\/guialimeira.com.br\/news\/wp-json\/wp\/v2\/media\/38399"}],"wp:attachment":[{"href":"https:\/\/guialimeira.com.br\/news\/wp-json\/wp\/v2\/media?parent=38400"}],"wp:term":[{"taxonomy":"category","embeddable":true,"href":"https:\/\/guialimeira.com.br\/news\/wp-json\/wp\/v2\/categories?post=38400"},{"taxonomy":"post_tag","embeddable":true,"href":"https:\/\/guialimeira.com.br\/news\/wp-json\/wp\/v2\/tags?post=38400"}],"curies":[{"name":"wp","href":"https:\/\/api.w.org\/{rel}","templated":true}]}}