{"id":3840,"date":"2024-05-05T17:21:51","date_gmt":"2024-05-05T20:21:51","guid":{"rendered":"https:\/\/guialimeira.com.br\/2024\/05\/05\/governo-de-sp-inicia-arrecadacao-para-vitimas-do-rs-veja-o-que-doar\/"},"modified":"2024-05-05T17:21:51","modified_gmt":"2024-05-05T20:21:51","slug":"governo-de-sp-inicia-arrecadacao-para-vitimas-do-rs-veja-o-que-doar","status":"publish","type":"post","link":"https:\/\/guialimeira.com.br\/news\/governo-de-sp-inicia-arrecadacao-para-vitimas-do-rs-veja-o-que-doar\/","title":{"rendered":"Governo de SP inicia arrecada\u00e7\u00e3o para v\u00edtimas do RS; veja o que doar"},"content":{"rendered":"<p> <br \/>\n<\/p>\n<div id=\"\">&#13;<br \/>\n                                <!-- Title -->&#13;<br \/>\n                                &#13;<br \/>\n&#13;<br \/>\n                                <!-- Excerpt -->&#13;<\/p>\n<p class=\"excerpt\">\u00c1gua pot\u00e1vel, produtos de limpeza e itens de higiene s\u00e3o prioridade para ajudar moradores afetados pelas enchentes<\/p>\n<p>&#13;<br \/>\n&#13;<br \/>\n                                &#13;\n                            <\/p><\/div>\n<div id=\"\">&#13;<\/p>\n<figure id=\"attachment_5878346\" style=\"width: 100%;max-width: 772px\" class=\"wp-caption alignnone\"><img data-recalc-dims=\"1\" decoding=\"async\" loading=\"lazy\" class=\"wp-image-5878346\" src=\"https:\/\/i0.wp.com\/www.saopaulo.sp.gov.br\/wp-content\/uploads\/2024\/05\/20240505_125047-300x169.jpg?resize=696%2C392&#038;ssl=1\" alt=\"Pessoas levando mantimentos\" width=\"696\" height=\"392\" srcset=\"https:\/\/www.saopaulo.sp.gov.br\/wp-content\/uploads\/2024\/05\/20240505_125047-300x169.jpg 300w, https:\/\/www.saopaulo.sp.gov.br\/wp-content\/uploads\/2024\/05\/20240505_125047-1024x577.jpg 1024w, https:\/\/www.saopaulo.sp.gov.br\/wp-content\/uploads\/2024\/05\/20240505_125047-768x432.jpg 768w, https:\/\/www.saopaulo.sp.gov.br\/wp-content\/uploads\/2024\/05\/20240505_125047-1536x865.jpg 1536w, https:\/\/www.saopaulo.sp.gov.br\/wp-content\/uploads\/2024\/05\/20240505_125047-2048x1153.jpg 2048w\" sizes=\"auto, (max-width: 772px) 100vw, 772px\"\/><figcaption class=\"wp-caption-text\">Movimenta\u00e7\u00e3o no domingo no galp\u00e3o do Fundo Social<\/figcaption><\/figure>\n<p>O Fundo Social de S\u00e3o Paulo (FUSSP) e a Defesa Civil come\u00e7aram a receber <a href=\"https:\/\/www.saopaulo.sp.gov.br\/spnoticias\/ultimas-noticias\/governo-de-sp-lanca-campanha-para-arrecadar-doacoes-para-as-vitimas-das-chuvas-no-rs\/\" rel=\"noopener\">doa\u00e7\u00f5es para serem enviadas \u00e0s v\u00edtimas das chuvas no Rio Grande do Sul<\/a> neste domingo (5). A popula\u00e7\u00e3o tamb\u00e9m poder\u00e1 levar donativos para os postos do Poupatempo a partir desta segunda-feira (6). A a\u00e7\u00e3o faz parte da <a href=\"https:\/\/www.saopaulo.sp.gov.br\/spnoticias\/ultimas-noticias\/sp-reforca-ajuda-de-aeronaves-e-profissionais-ao-rs-com-cerca-de-1-300-atendimentos\/\" rel=\"noopener\">mobiliza\u00e7\u00e3o do Governo de S\u00e3o Paulo para ajudar a popula\u00e7\u00e3o ga\u00facha, que tamb\u00e9m conta com equipes de resgate, embarca\u00e7\u00f5es e aeronaves<\/a>.<\/p>\n<p>Pessoas f\u00edsicas, entidades e empresas podem fazer doa\u00e7\u00f5es. Os materiais devem ser entregues no dep\u00f3sito do FUSSP, localizado na Avenida Marechal M\u00e1rio Guedes, 301, no bairro do Jaguar\u00e9, na capital. O local abriu excepcionalmente neste domingo das 8h \u00e0s 17h. Durante a semana, as doa\u00e7\u00f5es poder\u00e3o ser entregues das 8h \u00e0s 17h no mesmo local. O transporte para o Rio Grande do Sul ser\u00e1 feito pelas companhias a\u00e9reas Latam, Gol e Azul, que se voluntariaram para enviar as doa\u00e7\u00f5es devido aos diversos bloqueios nas estradas.<\/p>\n<p>J\u00e1 para quem optar pelas doa\u00e7\u00f5es via Poupatempo, \u00e9 poss\u00edvel enviar os materiais a qualquer uma das 241 unidades da capital, Grande S\u00e3o Paulo, Baixada Santista, Litoral Norte e interior. Todos os itens recebidos no Poupatempo ser\u00e3o destinados ao FUSSP para distribui\u00e7\u00e3o aos atingidos pelas chuvas no Sul.<\/p>\n<p>A prioridade neste momento \u00e9 para \u00e1gua pot\u00e1vel e produtos de limpeza e higiene, itens solicitados pela Defesa Civil do Rio Grande do Sul. Comida e roupas n\u00e3o est\u00e3o entre as principais necessidades neste momento e, por isso, n\u00e3o devem ser enviados.<\/p>\n<p>\u201c\u00c9 s\u00f3 chegar e entregar as doa\u00e7\u00f5es, sem necessidade de cadastro. A recomenda\u00e7\u00e3o \u00e9 que os itens sejam, preferencialmente, lacrados e novos\u201d, explica a chefe de gabinete do FUSSP, Cristina Prado. A campanha n\u00e3o tem data para terminar. O primeiro caminh\u00e3o com produtos deixa o galp\u00e3o na manh\u00e3 desta segunda-feira (6) para transporte a\u00e9reo.<\/p>\n<p>O FUSSP n\u00e3o est\u00e1 recebendo doa\u00e7\u00f5es em Pix ou dinheiro. Quem tiver interesse neste tipo de ajuda precisa procurar os canais oficiais do governo ga\u00facho.<\/p>\n<p>Mas \u00e9 poss\u00edvel auxiliar com trabalho volunt\u00e1rio no dep\u00f3sito de S\u00e3o Paulo para ajudar com transporte e separa\u00e7\u00e3o dos itens. Neste caso, basta comparecer ao local.<\/p>\n<p>Muita gente aproveitou o primeiro dia de campanha para levar sua contribui\u00e7\u00e3o neste domingo. O motorista Carlos Jos\u00e9 Souza de Oliveira realizou a doa\u00e7\u00e3o de itens arrecadados na igreja frequentada por ele. \u201cN\u00f3s vamos ajudar o pr\u00f3ximo, estamos fazendo a nossa parte pelas pessoas que est\u00e3o precisando neste momento.\u201d<\/p>\n<p>O diretor comercial Rafael de Souza \u00e9 ga\u00facho e conta que toda sua fam\u00edlia est\u00e1 empenhada em ajudar \u00e0s v\u00edtimas das enchentes. \u201cEstamos h\u00e1 11 anos em S\u00e3o Paulo e buscamos um lugar para fazer a doa\u00e7\u00e3o. Encontramos o Fundo Social, que est\u00e1 fazendo um papel muito importante. Ent\u00e3o arrecadamos muita coisa em Pix com os amigos, compramos os itens que pediram e viemos entregar.\u201d<\/p>\n<ul>\n<li><strong>Veja a lista de produtos priorit\u00e1rios para doa\u00e7\u00e3o:<\/strong><br \/>\u00c1gua<br \/>\u00c1gua sanit\u00e1ria<br \/>Balde<br \/>Desinfetante<br \/>Detergente<br \/>Detergente em p\u00f3<br \/>Escova para lavar<br \/>Esponja para limpeza<br \/>Esponja de a\u00e7o<br \/>Limpador multi\u00faso<br \/>Luva de l\u00e1tex<br \/>Pano de ch\u00e3o<br \/>Rodo<br \/>Sab\u00e3o em barra<br \/>Sacos de lixo<br \/>Sapon\u00e1ceo<br \/>Vassoura<br \/>Aparelho de barbear<br \/>Creme dental<br \/>Escova de dente<br \/>Fio dental<br \/>Sabonete<br \/>Shampoo e condicionador<\/li>\n<\/ul>\n<p>Outras informa\u00e7\u00f5es sobre as doa\u00e7\u00f5es \u00e0s v\u00edtimas das enchentes no Rio Grande do Sul podem ser acessadas no site do FUSSP <a href=\"http:\/\/fundosocial.sp.gov.br\" rel=\"noopener\">fundosocial.sp.gov.br<\/a>, nas redes oficiais do fundo ou pelos telefones 11 2193-6979 e 11 3238-3944.<\/p>\n<\/p><\/div>\n<p><br \/>\n<br \/><a href=\"https:\/\/www.saopaulo.sp.gov.br\/spnoticias\/governo-de-sp-inicia-arrecadacao-para-vitimas-do-rs-veja-o-que-doar\/\" rel=\"noopener\">Informa\u00e7\u00f5es GOV.SP<\/a><\/p>\n","protected":false},"excerpt":{"rendered":"<p>&#13; &#13; &#13; &#13; &#13; \u00c1gua pot\u00e1vel, produtos de limpeza e itens de higiene s\u00e3o prioridade para ajudar moradores afetados pelas enchentes &#13; &#13; &#13; &#13; Movimenta\u00e7\u00e3o no domingo no galp\u00e3o do Fundo Social O Fundo Social de S\u00e3o Paulo (FUSSP) e a Defesa Civil come\u00e7aram a receber doa\u00e7\u00f5es para serem enviadas \u00e0s v\u00edtimas das [&hellip;]<\/p>\n","protected":false},"author":1,"featured_media":3841,"comment_status":"open","ping_status":"open","sticky":false,"template":"","format":"standard","meta":{"_jetpack_newsletter_access":"","_jetpack_dont_email_post_to_subs":false,"_jetpack_newsletter_tier_id":0,"_jetpack_memberships_contains_paywalled_content":false,"_mbp_banners":[],"_jetpack_feature_clip_id":0,"_jetpack_memberships_contains_paid_content":false,"footnotes":"","jetpack_publicize_message":"","jetpack_publicize_feature_enabled":true,"jetpack_social_post_already_shared":true,"jetpack_social_options":{"image_generator_settings":{"template":"highway","default_image_id":0,"font":"","enabled":false},"version":2},"jetpack_post_was_ever_published":false},"categories":[21],"tags":[],"class_list":["post-3840","post","type-post","status-publish","format-standard","has-post-thumbnail","category-sp-news"],"jetpack_publicize_connections":[],"jetpack-related-posts":[],"jetpack_shortlink":"https:\/\/wp.me\/p7Eq1F-ZW","jetpack_sharing_enabled":true,"jetpack_featured_media_url":"https:\/\/i0.wp.com\/guialimeira.com.br\/news\/wp-content\/uploads\/2024\/05\/Governo-de-SP-inicia-arrecadacao-para-vitimas-do-RS-veja.jpg?fit=300%2C169&ssl=1","_links":{"self":[{"href":"https:\/\/guialimeira.com.br\/news\/wp-json\/wp\/v2\/posts\/3840","targetHints":{"allow":["GET"]}}],"collection":[{"href":"https:\/\/guialimeira.com.br\/news\/wp-json\/wp\/v2\/posts"}],"about":[{"href":"https:\/\/guialimeira.com.br\/news\/wp-json\/wp\/v2\/types\/post"}],"author":[{"embeddable":true,"href":"https:\/\/guialimeira.com.br\/news\/wp-json\/wp\/v2\/users\/1"}],"replies":[{"embeddable":true,"href":"https:\/\/guialimeira.com.br\/news\/wp-json\/wp\/v2\/comments?post=3840"}],"version-history":[{"count":0,"href":"https:\/\/guialimeira.com.br\/news\/wp-json\/wp\/v2\/posts\/3840\/revisions"}],"wp:featuredmedia":[{"embeddable":true,"href":"https:\/\/guialimeira.com.br\/news\/wp-json\/wp\/v2\/media\/3841"}],"wp:attachment":[{"href":"https:\/\/guialimeira.com.br\/news\/wp-json\/wp\/v2\/media?parent=3840"}],"wp:term":[{"taxonomy":"category","embeddable":true,"href":"https:\/\/guialimeira.com.br\/news\/wp-json\/wp\/v2\/categories?post=3840"},{"taxonomy":"post_tag","embeddable":true,"href":"https:\/\/guialimeira.com.br\/news\/wp-json\/wp\/v2\/tags?post=3840"}],"curies":[{"name":"wp","href":"https:\/\/api.w.org\/{rel}","templated":true}]}}