{"id":38397,"date":"2025-07-10T16:18:38","date_gmt":"2025-07-10T19:18:38","guid":{"rendered":"https:\/\/guialimeira.com.br\/2025\/07\/10\/em-parceria-com-o-estado-prefeitura-de-piracicaba-recebe-carreta-da-mamografia-portal-do-municipio-de-piracicaba\/"},"modified":"2025-07-10T16:18:38","modified_gmt":"2025-07-10T19:18:38","slug":"em-parceria-com-o-estado-prefeitura-de-piracicaba-recebe-carreta-da-mamografia-portal-do-municipio-de-piracicaba","status":"publish","type":"post","link":"https:\/\/guialimeira.com.br\/news\/em-parceria-com-o-estado-prefeitura-de-piracicaba-recebe-carreta-da-mamografia-portal-do-municipio-de-piracicaba\/","title":{"rendered":"Em parceria com o Estado, Prefeitura de Piracicaba recebe Carreta da Mamografia \u2013 Portal do Munic\u00edpio de Piracicaba"},"content":{"rendered":"<p> <br \/>\n<\/p>\n<div>\n<figure class=\"wp-block-image size-large\"><img data-recalc-dims=\"1\" data-lazyloaded=\"1\" data-placeholder-resp=\"1024x627\" fetchpriority=\"high\" decoding=\"async\" width=\"696\" height=\"426\" src=\"https:\/\/i0.wp.com\/piracicaba.sp.gov.br\/wp-content\/uploads\/2025\/07\/Carreta-de-Mamografia-Mulheres-de-Peito-SP-chega-a-Estacao-da-Paulista-no-dia-21-de-julho-1-1024x627.jpg?resize=696%2C426&#038;ssl=1\" alt=\"A imagem mostra um caminh\u00e3o-m\u00f3vel rosa vibrante, parte de uma campanha de sa\u00fade p\u00fablica chamada &quot;Mulheres de Peito&quot; do governo do estado de S\u00e3o Paulo. O caminh\u00e3o tem uma escada de acesso e v\u00e1rias mulheres est\u00e3o interagindo com ele. Uma mulher de blusa rosa est\u00e1 perto da entrada, aparentemente esperando ou participando de alguma atividade. Outra mulher, de vestido azul, sobe a escada, enquanto uma terceira, de blusa escura, est\u00e1 no ch\u00e3o pr\u00f3ximo ao caminh\u00e3o. A imagem \u00e9 bem iluminada e mostra detalhes claros do caminh\u00e3o e das pessoas presentes. A repeti\u00e7\u00e3o da frase &quot;S\u00e3o Paulo, Governo do Estado, S\u00e3o Paulo para todos&quot; e o logotipo do governo refor\u00e7am a mensagem da campanha.\" class=\"wp-image-108014\" srcset=\"https:\/\/piracicaba.sp.gov.br\/wp-content\/uploads\/2025\/07\/Carreta-de-Mamografia-Mulheres-de-Peito-SP-chega-a-Estacao-da-Paulista-no-dia-21-de-julho-1-1024x627.jpg 1024w, https:\/\/piracicaba.sp.gov.br\/wp-content\/uploads\/2025\/07\/Carreta-de-Mamografia-Mulheres-de-Peito-SP-chega-a-Estacao-da-Paulista-no-dia-21-de-julho-1-300x184.jpg 300w, https:\/\/piracicaba.sp.gov.br\/wp-content\/uploads\/2025\/07\/Carreta-de-Mamografia-Mulheres-de-Peito-SP-chega-a-Estacao-da-Paulista-no-dia-21-de-julho-1-768x470.jpg 768w, https:\/\/piracicaba.sp.gov.br\/wp-content\/uploads\/2025\/07\/Carreta-de-Mamografia-Mulheres-de-Peito-SP-chega-a-Estacao-da-Paulista-no-dia-21-de-julho-1-1536x941.jpg 1536w, https:\/\/piracicaba.sp.gov.br\/wp-content\/uploads\/2025\/07\/Carreta-de-Mamografia-Mulheres-de-Peito-SP-chega-a-Estacao-da-Paulista-no-dia-21-de-julho-1.jpg 2048w\" data-sizes=\"(max-width: 1024px) 100vw, 1024px\"\/><figcaption class=\"wp-element-caption\"><strong><em><sub>Carreta de Mamografia Mulheres de Peito SP chega a Esta\u00e7\u00e3o da Paulista no dia 21 de julho <\/sub><\/em><\/strong><\/figcaption><\/figure>\n<p>De 21 de julho a 2 de agosto, a Prefeitura de Piracicaba, por meio da Secretaria Municipal de Sa\u00fade, recebe a Carreta da Mamografia do Programa Mulheres de Peito, iniciativa do governo do estado que oferece mamografias gratuitas e visa ampliar o diagn\u00f3stico e o tratamento precoce do c\u00e2ncer de mama.<\/p>\n<p>Para o vice-prefeito e secret\u00e1rio de Sa\u00fade, dr. S\u00e9rgio Pacheco, a a\u00e7\u00e3o \u00e9 importante uma vez que complementa as a\u00e7\u00f5es propostas pela atual gest\u00e3o para redu\u00e7\u00e3o de filas de espera para exames em diversas especialidades. \u201cRecentemente anunciamos que zeramos as filas de espera por mamografia que eram em mais de quatro anos. A mamografia \u00e9 um exame de alta demanda por m\u00e9dicos, por isso, receber estes mutir\u00f5es nos ajuda a atender ainda mais r\u00e1pido a mulher piracicabana\u201d, afirmou.<\/p>\n<p>Para participar, as mulheres com idade entre 50 e 69 anos devem ir a carreta que estar\u00e1 estacionada na Esta\u00e7\u00e3o da Paulista e solicitar o exame gratuito apresentando apenas o RG e cart\u00e3o SUS. Pacientes entre 35 e 49 anos e acima de 70 anos devem apresentar, tamb\u00e9m, o pedido m\u00e9dico.<\/p>\n<figure class=\"wp-block-image size-large\"><img data-recalc-dims=\"1\" loading=\"lazy\" data-lazyloaded=\"1\" data-placeholder-resp=\"1024x577\" decoding=\"async\" width=\"696\" height=\"392\" src=\"https:\/\/i0.wp.com\/piracicaba.sp.gov.br\/wp-content\/uploads\/2025\/07\/Carreta-de-Mamografia-Mulheres-de-Peito-e-um-projeto-de-exames-gratuitos-e-itinerantes-do-governo-de-SP-1024x577.jpg?resize=696%2C392&#038;ssl=1\" alt=\"A imagem mostra um caminh\u00e3o-m\u00f3vel rosa vibrante, com a frase &quot;Mulheres de Peito&quot; escrita em letras grandes e brancas. O caminh\u00e3o parece ser uma unidade m\u00f3vel de sa\u00fade, possivelmente para exames de mama. H\u00e1 imagens de mulheres em janelas cortadas no caminh\u00e3o, e uma mulher de m\u00e1scara est\u00e1 em p\u00e9 na plataforma de acesso. O caminh\u00e3o est\u00e1 estacionado em frente a um pr\u00e9dio de estilo cl\u00e1ssico e h\u00e1 pessoas no fundo. O logotipo do governo de S\u00e3o Paulo est\u00e1 presente no caminh\u00e3o. A imagem sugere uma campanha de sa\u00fade p\u00fablica voltada para o p\u00fablico feminino, focando na preven\u00e7\u00e3o e detec\u00e7\u00e3o precoce do c\u00e2ncer de mama.\" class=\"wp-image-108015\" srcset=\"https:\/\/piracicaba.sp.gov.br\/wp-content\/uploads\/2025\/07\/Carreta-de-Mamografia-Mulheres-de-Peito-e-um-projeto-de-exames-gratuitos-e-itinerantes-do-governo-de-SP-1024x577.jpg 1024w, https:\/\/piracicaba.sp.gov.br\/wp-content\/uploads\/2025\/07\/Carreta-de-Mamografia-Mulheres-de-Peito-e-um-projeto-de-exames-gratuitos-e-itinerantes-do-governo-de-SP-300x169.jpg 300w, https:\/\/piracicaba.sp.gov.br\/wp-content\/uploads\/2025\/07\/Carreta-de-Mamografia-Mulheres-de-Peito-e-um-projeto-de-exames-gratuitos-e-itinerantes-do-governo-de-SP-768x433.jpg 768w, https:\/\/piracicaba.sp.gov.br\/wp-content\/uploads\/2025\/07\/Carreta-de-Mamografia-Mulheres-de-Peito-e-um-projeto-de-exames-gratuitos-e-itinerantes-do-governo-de-SP-1536x866.jpg 1536w, https:\/\/piracicaba.sp.gov.br\/wp-content\/uploads\/2025\/07\/Carreta-de-Mamografia-Mulheres-de-Peito-e-um-projeto-de-exames-gratuitos-e-itinerantes-do-governo-de-SP.jpg 1600w\" data-sizes=\"(max-width: 1024px) 100vw, 1024px\"\/><figcaption class=\"wp-element-caption\"><strong><em><sub>Carreta de Mamografia Mulheres de Peito \u00e9 um projeto de exames gratuitos e itinerantes do governo de SP<\/sub><\/em><\/strong><\/figcaption><\/figure>\n<p>O servi\u00e7o funcionar\u00e1 de segunda a sexta-feira, das 8h \u00e0s 17h, com disponibiliza\u00e7\u00e3o de at\u00e9 50 senhas por dia. Aos s\u00e1bados, o hor\u00e1rio \u00e9 das 8h \u00e0s 12h, com atendimento de at\u00e9 25 mulheres, exceto feriados. A distribui\u00e7\u00e3o de senhas \u00e9 feita por demanda espont\u00e2nea e por ordem de chegada. No dia 21\/07, o atendimento come\u00e7a a partir das 13h. \u201cEm caso de altera\u00e7\u00e3o no exame, as pacientes s\u00e3o encaminhadas a um servi\u00e7o de refer\u00eancia do SUS para a realiza\u00e7\u00e3o de exames complementares ou tratamento\u201d, refor\u00e7ou Daniela Andrade, secret\u00e1ria-executiva de Aten\u00e7\u00e3o Prim\u00e1ria e Secund\u00e1ria.<\/p>\n<figure class=\"wp-block-image size-large\"><img data-recalc-dims=\"1\" loading=\"lazy\" data-lazyloaded=\"1\" data-placeholder-resp=\"721x1024\" decoding=\"async\" width=\"696\" height=\"988\" src=\"https:\/\/i0.wp.com\/piracicaba.sp.gov.br\/wp-content\/uploads\/2025\/07\/Panfleto-Carreta-Piracicaba-721x1024.jpg?resize=696%2C988&#038;ssl=1\" alt=\"A imagem \u00e9 um p\u00f4ster anunciando um evento em Piracicaba, de 21\/07 a 02\/08. O evento oferece servi\u00e7os de sa\u00fade e capacita\u00e7\u00e3o, incluindo mamografia em carretas m\u00f3veis. O p\u00f4ster destaca a frase &quot;ATEN\u00c7\u00c3O PIRACICABA&quot;, em letras grandes e coloridas, sobre um fundo roxo com padr\u00f5es geom\u00e9tricos. Abaixo, h\u00e1 a frase &quot;SA\u00daDE E CAPACITA\u00c7\u00c3O&quot;, tamb\u00e9m em destaque. H\u00e1 informa\u00e7\u00f5es sobre os hor\u00e1rios de funcionamento do evento: segunda a sexta, das 8h \u00e0s 17h, e s\u00e1bado, das 8h \u00e0s 12h. S\u00e3o fornecidas instru\u00e7\u00f5es sobre a documenta\u00e7\u00e3o necess\u00e1ria para a mamografia, dependendo da faixa et\u00e1ria: 35 a 49 anos (pedido m\u00e9dico, cart\u00e3o SUS e RG); 50 a 69 anos (cart\u00e3o SUS e RG); acima de 70 anos (pedido m\u00e9dico, cart\u00e3o SUS e RG). A imagem mostra duas carretas, uma delas claramente identificada como unidade m\u00f3vel de mamografia, com a logo da prefeitura de Piracicaba e a frase &quot;Mulheres de Peito&quot;. A imagem tamb\u00e9m inclui uma vista a\u00e9rea de Piracicaba, mostrando a cidade e uma ponte. O p\u00f4ster \u00e9 profissionalmente projetado, com cores vibrantes e uma tipografia clara e leg\u00edvel. A mensagem principal \u00e9 a oferta de servi\u00e7os de sa\u00fade e capacita\u00e7\u00e3o gratuitos ou de baixo custo para a popula\u00e7\u00e3o de Piracicaba.\" class=\"wp-image-108016\" srcset=\"https:\/\/piracicaba.sp.gov.br\/wp-content\/uploads\/2025\/07\/Panfleto-Carreta-Piracicaba-721x1024.jpg 721w, https:\/\/piracicaba.sp.gov.br\/wp-content\/uploads\/2025\/07\/Panfleto-Carreta-Piracicaba-211x300.jpg 211w, https:\/\/piracicaba.sp.gov.br\/wp-content\/uploads\/2025\/07\/Panfleto-Carreta-Piracicaba-768x1090.jpg 768w, https:\/\/piracicaba.sp.gov.br\/wp-content\/uploads\/2025\/07\/Panfleto-Carreta-Piracicaba-1082x1536.jpg 1082w, https:\/\/piracicaba.sp.gov.br\/wp-content\/uploads\/2025\/07\/Panfleto-Carreta-Piracicaba-1442x2048.jpg 1442w, https:\/\/piracicaba.sp.gov.br\/wp-content\/uploads\/2025\/07\/Panfleto-Carreta-Piracicaba.jpg 1772w\" data-sizes=\"(max-width: 721px) 100vw, 721px\"\/><figcaption class=\"wp-element-caption\"><strong><em><sub>Panfleto Carreta Piracicaba<\/sub><\/em><\/strong><\/figcaption><\/figure>\n<p><strong>ZERANDO FILAS \u2013<\/strong>\u00a0Recentemente, a Secretaria Municipal de Sa\u00fade informou que zerou a fila de exames de mamografia que estavam represados desde 2021. A a\u00e7\u00e3o s\u00f3 foi poss\u00edvel com o aumento na oferta de vagas para estes exames aos pacientes que estavam h\u00e1 mais de quatro anos na fila, por meio de diversos mutir\u00f5es realizados, principalmente, aos finais de semana nos \u00faltimos seis meses.<\/p>\n<p>De acordo com a ger\u00eancia da Aten\u00e7\u00e3o Secund\u00e1ria em Sa\u00fade, em 2024, de 01\/01 a 30\/06, a rede p\u00fablica realizou 2.524 exames de mamografia; no mesmo per\u00edodo de 2025, na atual Administra\u00e7\u00e3o, j\u00e1 foram realizadas 14.565 mamografias, um crescimento de 477%, na oferta pelo exame em apenas seis meses.<\/p>\n<p><strong>MULHERES DE PEITO\u00a0<\/strong>\u2013 Al\u00e9m da carreta, por meio do programa Mulheres de Peito, as mulheres paulistas, com idades entre 50 e 69 anos, tamb\u00e9m podem marcar seus exames de mamografia sem necessidade de pedido m\u00e9dico e de forma gratuita pelo SUS (Sistema \u00danico de Sa\u00fade) por meio do telefone 0800 779 0000. A mamografia \u00e9 marcada via Sistema Informatizado de Regula\u00e7\u00e3o do Estado de S\u00e3o Paulo.<\/p>\n<p>\u00a0<strong>SERVI\u00c7O \u2013\u00a0<\/strong>Carreta da Mamografia em Piracicaba. De 21 de julho a 2 de agosto. Atendimento de segunda a sexta-feira, das 8h \u00e0s 17h, e, aos s\u00e1bados, das 8h \u00e0s 12h (exceto feriados); no dia 21\/07, o in\u00edcio do atendimento ser\u00e1 \u00e0s 13h. A Esta\u00e7\u00e3o da Paulista fica \u00e0 avenida Dr. Paulo de Moraes, 1.580.<\/p>\n<\/div>\n<p><br \/>\n<br \/><a href=\"https:\/\/piracicaba.sp.gov.br\/noticias\/em-parceria-com-o-estado-prefeitura-de-piracicaba-recebe-carreta-da-mamografia\/\" rel=\"noopener\">Informa\u00e7\u00f5es PMP <\/a><\/p>\n","protected":false},"excerpt":{"rendered":"<p>Carreta de Mamografia Mulheres de Peito SP chega a Esta\u00e7\u00e3o da Paulista no dia 21 de julho De 21 de julho a 2 de agosto, a Prefeitura de Piracicaba, por meio da Secretaria Municipal de Sa\u00fade, recebe a Carreta da Mamografia do Programa Mulheres de Peito, iniciativa do governo do estado que oferece mamografias gratuitas [&hellip;]<\/p>\n","protected":false},"author":1,"featured_media":38398,"comment_status":"open","ping_status":"open","sticky":false,"template":"","format":"standard","meta":{"_jetpack_newsletter_access":"","_jetpack_dont_email_post_to_subs":false,"_jetpack_newsletter_tier_id":0,"_jetpack_memberships_contains_paywalled_content":false,"_mbp_banners":[],"_jetpack_feature_clip_id":0,"_jetpack_memberships_contains_paid_content":false,"footnotes":"","jetpack_publicize_message":"","jetpack_publicize_feature_enabled":true,"jetpack_social_post_already_shared":true,"jetpack_social_options":{"image_generator_settings":{"template":"highway","default_image_id":0,"font":"","enabled":false},"version":2},"jetpack_post_was_ever_published":false},"categories":[20],"tags":[],"class_list":["post-38397","post","type-post","status-publish","format-standard","has-post-thumbnail","category-regiao"],"jetpack_publicize_connections":[],"jetpack-related-posts":[],"jetpack_shortlink":"https:\/\/wp.me\/p7Eq1F-9Zj","jetpack_sharing_enabled":true,"jetpack_featured_media_url":"https:\/\/i0.wp.com\/guialimeira.com.br\/news\/wp-content\/uploads\/2025\/07\/Carreta-de-Mamografia-Mulheres-de-Peito-SP-chega-a-Estacao-da-Paulista-no-dia-21-de-julho-1-1024x627.jpeg?fit=1024%2C627&ssl=1","_links":{"self":[{"href":"https:\/\/guialimeira.com.br\/news\/wp-json\/wp\/v2\/posts\/38397","targetHints":{"allow":["GET"]}}],"collection":[{"href":"https:\/\/guialimeira.com.br\/news\/wp-json\/wp\/v2\/posts"}],"about":[{"href":"https:\/\/guialimeira.com.br\/news\/wp-json\/wp\/v2\/types\/post"}],"author":[{"embeddable":true,"href":"https:\/\/guialimeira.com.br\/news\/wp-json\/wp\/v2\/users\/1"}],"replies":[{"embeddable":true,"href":"https:\/\/guialimeira.com.br\/news\/wp-json\/wp\/v2\/comments?post=38397"}],"version-history":[{"count":0,"href":"https:\/\/guialimeira.com.br\/news\/wp-json\/wp\/v2\/posts\/38397\/revisions"}],"wp:featuredmedia":[{"embeddable":true,"href":"https:\/\/guialimeira.com.br\/news\/wp-json\/wp\/v2\/media\/38398"}],"wp:attachment":[{"href":"https:\/\/guialimeira.com.br\/news\/wp-json\/wp\/v2\/media?parent=38397"}],"wp:term":[{"taxonomy":"category","embeddable":true,"href":"https:\/\/guialimeira.com.br\/news\/wp-json\/wp\/v2\/categories?post=38397"},{"taxonomy":"post_tag","embeddable":true,"href":"https:\/\/guialimeira.com.br\/news\/wp-json\/wp\/v2\/tags?post=38397"}],"curies":[{"name":"wp","href":"https:\/\/api.w.org\/{rel}","templated":true}]}}