{"id":38393,"date":"2025-07-10T15:25:51","date_gmt":"2025-07-10T18:25:51","guid":{"rendered":"https:\/\/guialimeira.com.br\/?p=38393"},"modified":"2025-07-10T15:25:51","modified_gmt":"2025-07-10T18:25:51","slug":"camara-aprova-mocao-de-reconhecimento-para-delegacao-de-limeira-pela-participacao-nos-jogos-regionais-da-3a-idade","status":"publish","type":"post","link":"https:\/\/guialimeira.com.br\/news\/camara-aprova-mocao-de-reconhecimento-para-delegacao-de-limeira-pela-participacao-nos-jogos-regionais-da-3a-idade\/","title":{"rendered":"C\u00e2mara aprova mo\u00e7\u00e3o de reconhecimento para delega\u00e7\u00e3o de Limeira pela participa\u00e7\u00e3o nos Jogos Regionais da 3\u00aa Idade"},"content":{"rendered":"\n<figure class=\"wp-block-gallery has-nested-images columns-default is-cropped wp-block-gallery-1 is-layout-flex wp-block-gallery-is-layout-flex\"><\/figure>\n \r\n<br><img data-recalc-dims=\"1\" decoding=\"async\" src=\"https:\/\/i0.wp.com\/guialimeira.com.br\/wp-content\/uploads\/2025\/07\/Camara-aprova-mocao-de-reconhecimento-para-delegacao-de-Limeira-pela.jpeg?w=696&#038;ssl=1\" \/><br><div>\n\t\t\t\t\t<p>Em sess\u00e3o ordin\u00e1ria nesta segunda-feira, 7 de julho, a C\u00e2mara aprovou a <a href=\"https:\/\/consulta.limeira.sp.leg.br\/Documentos\/Documento\/383842\" rel=\"noopener\">Mo\u00e7\u00e3o de Reconhecimento N\u00ba 158\/2025<\/a> \u00e0 delega\u00e7\u00e3o de Limeira pela participa\u00e7\u00e3o no 27\u00ba Jogos Regionais da Terceira Idade (Jomi). A homenagem foi protocolada pelo vereador Dr. Marcelo Rossi (MDB).<\/p><p>De acordo com a propositura, o 27\u00ba Jomi foi realizado entre os dias 18 e 24 de julho em S\u00e3o Jo\u00e3o da Boa Vista, reunindo atletas acima de 60 anos, e antecede a disputa com atletas classificados de todo o Estado, que acontece em setembro, na mesma cidade.<\/p><p>O parlamentar informou no documento que Limeira foi representada por 95 atletas e por equipes de apoio, nas modalidades de atletismo, bocha, damas, xadrez, dan\u00e7a de sal\u00e3o, malha, t\u00eanis de mesa, t\u00eanis, voleibol adaptado, nata\u00e7\u00e3o, truco e domin\u00f3.<\/p><p>\u201cA participa\u00e7\u00e3o dos limeirenses na disputa vai muito al\u00e9m do cunho esportivo, pois a valoriza\u00e7\u00e3o dos idosos estimula o respeito, a dignidade e serve de exemplo para as futuras gera\u00e7\u00f5es\u201d, afirmou Dr. Marcelo Rossi, destacando que a sa\u00fade e o esporte caminham juntos e s\u00e3o fundamentais para o bem-estar f\u00edsico e mental em todas as fases da vida.<\/p><p>Na propositura, o vereador ressalta ainda que, apesar dos desafios, Limeira tem potencial para se tornar refer\u00eancia nacional em pol\u00edticas p\u00fablicas para a popula\u00e7\u00e3o idosa.<\/p><p>Lida e aprovada em Plen\u00e1rio, a Mo\u00e7\u00e3o foi encaminhada ao presidente do Centro de Promo\u00e7\u00e3o Social Municipal (Ceprosom), Dimas Peruzza, ao secret\u00e1rio de Esporte, Jo\u00e3o Luiz Gomes, e \u00e0 equipe da Secretaria Municipal de Esporte que acompanha e d\u00e1 suporte aos atletas durante a competi\u00e7\u00e3o.<\/p><p><i>Do Gabinete Parlamentar \u2013 Vereador\u00a0 Dr. Marcelo Rossi (MDB)<\/i><\/p><p><strong>As mat\u00e9rias de origem dos Gabinetes Parlamentares s\u00e3o de inteira\u00a0 responsabilidade dos parlamentares e de suas assessorias. S\u00e3o devidamente assinadas e n\u00e3o refletem, necessariamente, a opini\u00e3o institucional da C\u00e2mara Municipal de Limeira.\u00a0\u00a0<\/strong><\/p>\t\t\t\t<\/div>\r\n<br>\r\n<br><a href=\"https:\/\/www.limeira.sp.leg.br\/noticias\/view\/2025-07-10_camara-aprova-mocao-de-reconhecimento-para-delegacao-de-limeira-pela-participacao-nos-jogos-regionais-da-3-idade\" rel=\"noopener\">Informa\u00e7\u00f5es CML <\/a>","protected":false},"excerpt":{"rendered":"<p>Em sess\u00e3o ordin\u00e1ria nesta segunda-feira, 7 de julho, a C\u00e2mara aprovou a Mo\u00e7\u00e3o de Reconhecimento N\u00ba 158\/2025 \u00e0 delega\u00e7\u00e3o de Limeira pela participa\u00e7\u00e3o no 27\u00ba Jogos Regionais da Terceira Idade (Jomi). A homenagem foi protocolada pelo vereador Dr. Marcelo Rossi (MDB). De acordo com a propositura, o 27\u00ba Jomi foi realizado entre os dias 18 [&hellip;]<\/p>\n","protected":false},"author":1,"featured_media":38392,"comment_status":"open","ping_status":"open","sticky":false,"template":"","format":"standard","meta":{"_jetpack_newsletter_access":"","_jetpack_dont_email_post_to_subs":false,"_jetpack_newsletter_tier_id":0,"_jetpack_memberships_contains_paywalled_content":false,"_mbp_banners":[],"_jetpack_feature_clip_id":0,"_jetpack_memberships_contains_paid_content":false,"footnotes":"","jetpack_publicize_message":"","jetpack_publicize_feature_enabled":true,"jetpack_social_post_already_shared":true,"jetpack_social_options":{"image_generator_settings":{"template":"highway","default_image_id":0,"font":"","enabled":false},"version":2},"jetpack_post_was_ever_published":false},"categories":[19],"tags":[],"class_list":["post-38393","post","type-post","status-publish","format-standard","has-post-thumbnail","category-politica"],"jetpack_publicize_connections":[],"jetpack-related-posts":[],"jetpack_shortlink":"https:\/\/wp.me\/p7Eq1F-9Zf","jetpack_sharing_enabled":true,"jetpack_featured_media_url":"https:\/\/i0.wp.com\/guialimeira.com.br\/news\/wp-content\/uploads\/2025\/07\/Camara-aprova-mocao-de-reconhecimento-para-delegacao-de-Limeira-pela.jpeg?fit=1280%2C640&ssl=1","_links":{"self":[{"href":"https:\/\/guialimeira.com.br\/news\/wp-json\/wp\/v2\/posts\/38393","targetHints":{"allow":["GET"]}}],"collection":[{"href":"https:\/\/guialimeira.com.br\/news\/wp-json\/wp\/v2\/posts"}],"about":[{"href":"https:\/\/guialimeira.com.br\/news\/wp-json\/wp\/v2\/types\/post"}],"author":[{"embeddable":true,"href":"https:\/\/guialimeira.com.br\/news\/wp-json\/wp\/v2\/users\/1"}],"replies":[{"embeddable":true,"href":"https:\/\/guialimeira.com.br\/news\/wp-json\/wp\/v2\/comments?post=38393"}],"version-history":[{"count":1,"href":"https:\/\/guialimeira.com.br\/news\/wp-json\/wp\/v2\/posts\/38393\/revisions"}],"predecessor-version":[{"id":38394,"href":"https:\/\/guialimeira.com.br\/news\/wp-json\/wp\/v2\/posts\/38393\/revisions\/38394"}],"wp:featuredmedia":[{"embeddable":true,"href":"https:\/\/guialimeira.com.br\/news\/wp-json\/wp\/v2\/media\/38392"}],"wp:attachment":[{"href":"https:\/\/guialimeira.com.br\/news\/wp-json\/wp\/v2\/media?parent=38393"}],"wp:term":[{"taxonomy":"category","embeddable":true,"href":"https:\/\/guialimeira.com.br\/news\/wp-json\/wp\/v2\/categories?post=38393"},{"taxonomy":"post_tag","embeddable":true,"href":"https:\/\/guialimeira.com.br\/news\/wp-json\/wp\/v2\/tags?post=38393"}],"curies":[{"name":"wp","href":"https:\/\/api.w.org\/{rel}","templated":true}]}}