{"id":38380,"date":"2025-07-10T09:19:48","date_gmt":"2025-07-10T12:19:48","guid":{"rendered":"https:\/\/guialimeira.com.br\/?p=38380"},"modified":"2025-07-10T09:19:48","modified_gmt":"2025-07-10T12:19:48","slug":"presidente-da-camara-recebe-conselheiros-tutelares-e-discute-politicas-ao-setor","status":"publish","type":"post","link":"https:\/\/guialimeira.com.br\/news\/presidente-da-camara-recebe-conselheiros-tutelares-e-discute-politicas-ao-setor\/","title":{"rendered":"Presidente da C\u00e2mara recebe conselheiros tutelares e discute pol\u00edticas ao setor"},"content":{"rendered":"\n<figure class=\"wp-block-gallery has-nested-images columns-default is-cropped wp-block-gallery-1 is-layout-flex wp-block-gallery-is-layout-flex\"><\/figure>\n \r\n<br><img data-recalc-dims=\"1\" decoding=\"async\" src=\"https:\/\/i0.wp.com\/guialimeira.com.br\/wp-content\/uploads\/2025\/07\/Presidente-da-Camara-recebe-conselheiros-tutelares-e-discute-politicas-ao.jpg?w=696&#038;ssl=1\" \/><br><div>\n\t\t\t\t\t<p>O presidente da C\u00e2mara Municipal de Limeira, vereador Everton Ferreira (PSD), recebeu nesta ter\u00e7a-feira, 8 de julho, representantes dos Conselhos Tutelares 1, 2 e 3 para discutir pol\u00edticas p\u00fablicas voltadas \u00e0 prote\u00e7\u00e3o das crian\u00e7as e adolescentes. Entre os assuntos abordados, est\u00e1 a necessidade de melhoria da estrutura oferecida atualmente aos conselheiros e a constru\u00e7\u00e3o de uma legisla\u00e7\u00e3o que possibilite o debate destes temas por meio de audi\u00eancia p\u00fablica.\u00a0<\/p><p>De acordo com Everton, \u00e9 importante que C\u00e2mara e Conselho Tutelar estejam mais pr\u00f3ximos, possibilitando aos vereadores que acompanhem de perto as principais problem\u00e1ticas enfrentadas pelos conselheiros e busquem por meio da fiscaliza\u00e7\u00e3o as melhorias necess\u00e1rias. \u201cUma das nossas ideias \u00e9 termos uma lei que garanta um espa\u00e7o ao Conselho Tutelar. Estamos sempre ouvindo as sugest\u00f5es e formulando uma proposta que sirva realmente para ajudar nesse processo\u201d, afirmou.\u00a0<\/p><p>A principal ideia \u00e9 que seja realizado, ao menos anualmente, uma audi\u00eancia p\u00fablica que apresente um pouco do trabalho realizado pelo Conselho Tutelar. Isso permitir\u00e1, conforme o vereador, um melhor planejamento das pol\u00edticas p\u00fablicas voltadas \u00e0 preven\u00e7\u00e3o, prote\u00e7\u00e3o e garantia dos direitos da crian\u00e7a e do adolescente. \u201cA inten\u00e7\u00e3o \u00e9 envolver a C\u00e2mara, com seus vereadores, e a comunidade para discutirmos pol\u00edticas p\u00fablicas referentes \u00e0 crian\u00e7a e ao adolescente, bem como auxiliar os Poderes Executivo e Legislativo nas decis\u00f5es pol\u00edticas\u201d, falou.\u00a0<\/p><p>Segundos os conselheiros tutelares, um dos problemas est\u00e1 na consolida\u00e7\u00e3o dos dados dos atendimentos. Por isso a import\u00e2ncia de implanta\u00e7\u00e3o do chamado Sipia-CT (Sistema de Informa\u00e7\u00e3o para a Inf\u00e2ncia e Adolesc\u00eancia \u2013 M\u00f3dulo Conselho Tutelar), uma plataforma do governo federal que auxilia na sistematiza\u00e7\u00e3o, an\u00e1lise e dissemina\u00e7\u00e3o de informa\u00e7\u00f5es detalhadas sobre a prote\u00e7\u00e3o dos direitos das crian\u00e7as e adolescentes, tanto em \u00e2mbito local como estadual e nacional.\u00a0<\/p><p>Durante o encontro, tamb\u00e9m discutiram sobre a necessidade de melhorar a estrutura das atuais sedes dos Conselhos Tutelares, que devem ter espa\u00e7os para reuni\u00f5es e que garantam sigilo, bem como melhores equipamentos, como computadores mais modernos.\u00a0<\/p><p>Participaram da reuni\u00e3o os conselheiros tutelares Adriana Tamiosso de Freitas, Ana C\u00e9lia Costa da Silva, Denis Matias dos Santos, Felipe Nathan Reis, Joyce Fernanda Santos Marini, Ludma Pereira Gon\u00e7alves de Oliveira e M\u00f4nica Aline Brum.<\/p><p>*Do Gabinete da Presid\u00eancia<\/p><p><strong>As mat\u00e9rias de origem dos Gabinetes s\u00e3o de inteira responsabilidade de suas assessorias.<\/strong><\/p>\t\t\t\t<\/div>\r\n<br>\r\n<br><a href=\"https:\/\/www.limeira.sp.leg.br\/noticias\/view\/2025-07-10_presidente-da-camara-recebe-conselheiros-tutelares-e-discute-politicas-ao-setor\" rel=\"noopener\">Informa\u00e7\u00f5es CML <\/a>","protected":false},"excerpt":{"rendered":"<p>O presidente da C\u00e2mara Municipal de Limeira, vereador Everton Ferreira (PSD), recebeu nesta ter\u00e7a-feira, 8 de julho, representantes dos Conselhos Tutelares 1, 2 e 3 para discutir pol\u00edticas p\u00fablicas voltadas \u00e0 prote\u00e7\u00e3o das crian\u00e7as e adolescentes. Entre os assuntos abordados, est\u00e1 a necessidade de melhoria da estrutura oferecida atualmente aos conselheiros e a constru\u00e7\u00e3o de [&hellip;]<\/p>\n","protected":false},"author":1,"featured_media":38379,"comment_status":"open","ping_status":"open","sticky":false,"template":"","format":"standard","meta":{"_jetpack_newsletter_access":"","_jetpack_dont_email_post_to_subs":false,"_jetpack_newsletter_tier_id":0,"_jetpack_memberships_contains_paywalled_content":false,"_mbp_banners":[],"_jetpack_feature_clip_id":0,"_jetpack_memberships_contains_paid_content":false,"footnotes":"","jetpack_publicize_message":"","jetpack_publicize_feature_enabled":true,"jetpack_social_post_already_shared":true,"jetpack_social_options":{"image_generator_settings":{"template":"highway","default_image_id":0,"font":"","enabled":false},"version":2},"jetpack_post_was_ever_published":false},"categories":[19],"tags":[],"class_list":["post-38380","post","type-post","status-publish","format-standard","has-post-thumbnail","category-politica"],"jetpack_publicize_connections":[],"jetpack-related-posts":[],"jetpack_shortlink":"https:\/\/wp.me\/p7Eq1F-9Z2","jetpack_sharing_enabled":true,"jetpack_featured_media_url":"https:\/\/i0.wp.com\/guialimeira.com.br\/news\/wp-content\/uploads\/2025\/07\/Presidente-da-Camara-recebe-conselheiros-tutelares-e-discute-politicas-ao.jpg?fit=1280%2C640&ssl=1","_links":{"self":[{"href":"https:\/\/guialimeira.com.br\/news\/wp-json\/wp\/v2\/posts\/38380","targetHints":{"allow":["GET"]}}],"collection":[{"href":"https:\/\/guialimeira.com.br\/news\/wp-json\/wp\/v2\/posts"}],"about":[{"href":"https:\/\/guialimeira.com.br\/news\/wp-json\/wp\/v2\/types\/post"}],"author":[{"embeddable":true,"href":"https:\/\/guialimeira.com.br\/news\/wp-json\/wp\/v2\/users\/1"}],"replies":[{"embeddable":true,"href":"https:\/\/guialimeira.com.br\/news\/wp-json\/wp\/v2\/comments?post=38380"}],"version-history":[{"count":1,"href":"https:\/\/guialimeira.com.br\/news\/wp-json\/wp\/v2\/posts\/38380\/revisions"}],"predecessor-version":[{"id":38381,"href":"https:\/\/guialimeira.com.br\/news\/wp-json\/wp\/v2\/posts\/38380\/revisions\/38381"}],"wp:featuredmedia":[{"embeddable":true,"href":"https:\/\/guialimeira.com.br\/news\/wp-json\/wp\/v2\/media\/38379"}],"wp:attachment":[{"href":"https:\/\/guialimeira.com.br\/news\/wp-json\/wp\/v2\/media?parent=38380"}],"wp:term":[{"taxonomy":"category","embeddable":true,"href":"https:\/\/guialimeira.com.br\/news\/wp-json\/wp\/v2\/categories?post=38380"},{"taxonomy":"post_tag","embeddable":true,"href":"https:\/\/guialimeira.com.br\/news\/wp-json\/wp\/v2\/tags?post=38380"}],"curies":[{"name":"wp","href":"https:\/\/api.w.org\/{rel}","templated":true}]}}