{"id":38365,"date":"2025-07-09T00:39:19","date_gmt":"2025-07-09T03:39:19","guid":{"rendered":"https:\/\/guialimeira.com.br\/2025\/07\/09\/secretaria-de-agricultura-abastecimento-e-meio-ambiente-reforca-prazo-para-entrega-de-relatorio-por-citricultores\/"},"modified":"2025-07-09T00:39:19","modified_gmt":"2025-07-09T03:39:19","slug":"secretaria-de-agricultura-abastecimento-e-meio-ambiente-reforca-prazo-para-entrega-de-relatorio-por-citricultores","status":"publish","type":"post","link":"https:\/\/guialimeira.com.br\/news\/secretaria-de-agricultura-abastecimento-e-meio-ambiente-reforca-prazo-para-entrega-de-relatorio-por-citricultores\/","title":{"rendered":"Secretaria de Agricultura, Abastecimento e Meio Ambiente refor\u00e7a prazo para entrega de\u00a0relat\u00f3rio\u00a0por citricultores"},"content":{"rendered":"<p> <br \/>\n<\/p>\n<div>\n<figure class=\"wp-block-image size-large\"><img data-recalc-dims=\"1\" data-lazyloaded=\"1\" data-placeholder-resp=\"1024x682\" fetchpriority=\"high\" decoding=\"async\" width=\"696\" height=\"464\" src=\"https:\/\/i0.wp.com\/piracicaba.sp.gov.br\/wp-content\/uploads\/2025\/07\/Entrega-do-relatorio-e-obrigatoria-para-que-a-equipe-tecnica-da-Defesa-Agropecuaria-obtenha-informacoes-precisas-sobre-pragas-e-doencas-que-afetam-os-citros-1024x682.jpg?resize=696%2C464&#038;ssl=1\" alt=\"A imagem mostra um homem asi\u00e1tico de meia-idade, usando um chap\u00e9u de palha, colhendo laranjas de uma \u00e1rvore carregada de frutas. Ele est\u00e1 vestido com uma camisa xadrez vermelho e branco. Suas m\u00e3os est\u00e3o suavemente envolvendo galhos de laranjeira, e ele parece estar selecionando cuidadosamente as laranjas para colher. O fundo \u00e9 um pomar verdejante, com mais laranjeiras vis\u00edveis, sugerindo uma colheita abundante. A ilumina\u00e7\u00e3o \u00e9 natural e suave, criando uma atmosfera pac\u00edfica e buc\u00f3lica. A express\u00e3o no rosto do homem \u00e9 serena e concentrada, transmitindo cuidado e respeito pelo trabalho que est\u00e1 realizando. A imagem como um todo evoca uma sensa\u00e7\u00e3o de tranquilidade e conex\u00e3o com a natureza.\" class=\"wp-image-107960\" srcset=\"https:\/\/piracicaba.sp.gov.br\/wp-content\/uploads\/2025\/07\/Entrega-do-relatorio-e-obrigatoria-para-que-a-equipe-tecnica-da-Defesa-Agropecuaria-obtenha-informacoes-precisas-sobre-pragas-e-doencas-que-afetam-os-citros-1024x682.jpg 1024w, https:\/\/piracicaba.sp.gov.br\/wp-content\/uploads\/2025\/07\/Entrega-do-relatorio-e-obrigatoria-para-que-a-equipe-tecnica-da-Defesa-Agropecuaria-obtenha-informacoes-precisas-sobre-pragas-e-doencas-que-afetam-os-citros-300x200.jpg 300w, https:\/\/piracicaba.sp.gov.br\/wp-content\/uploads\/2025\/07\/Entrega-do-relatorio-e-obrigatoria-para-que-a-equipe-tecnica-da-Defesa-Agropecuaria-obtenha-informacoes-precisas-sobre-pragas-e-doencas-que-afetam-os-citros-768x512.jpg 768w, https:\/\/piracicaba.sp.gov.br\/wp-content\/uploads\/2025\/07\/Entrega-do-relatorio-e-obrigatoria-para-que-a-equipe-tecnica-da-Defesa-Agropecuaria-obtenha-informacoes-precisas-sobre-pragas-e-doencas-que-afetam-os-citros-1536x1024.jpg 1536w, https:\/\/piracicaba.sp.gov.br\/wp-content\/uploads\/2025\/07\/Entrega-do-relatorio-e-obrigatoria-para-que-a-equipe-tecnica-da-Defesa-Agropecuaria-obtenha-informacoes-precisas-sobre-pragas-e-doencas-que-afetam-os-citros.jpg 2000w\" data-sizes=\"(max-width: 1024px) 100vw, 1024px\"\/><figcaption class=\"wp-element-caption\"><strong><em><sub>Young farmers are collecting orange with a smile. Modern agricultural concepts.<\/sub><\/em><\/strong><\/figcaption><\/figure>\n<p>A Secretaria de Agricultura, Abastecimento e Meio Ambiente refor\u00e7a aos produtores de citros que o prazo para envio do relat\u00f3rio Cancro\/Greening se encerra na pr\u00f3xima ter\u00e7a-feira, 15\/07. O documento \u00e9 obrigat\u00f3rio e deve ser preenchido por meio do sistema informatizado Gedave (Gest\u00e3o de Defesa Animal e Vegetal).<\/p>\n<p>O relat\u00f3rio deve reunir os resultados das vistorias trimestrais realizadas entre 1\u00ba de janeiro e 30 de junho de 2025 em todas as plantas c\u00edtricas da propriedade, com foco na detec\u00e7\u00e3o do Cancro C\u00edtrico e do Greening. No Estado de S\u00e3o Paulo, a entrega \u00e9 obrigat\u00f3ria, conforme estabelecido pela Coordenadoria de Defesa Agropecu\u00e1ria da Secretaria de Agricultura e Abastecimento, e tem como objetivo subsidiar a\u00e7\u00f5es de controle e preven\u00e7\u00e3o das doen\u00e7as.<\/p>\n<p>Segundo o engenheiro agr\u00f4nomo da Pasta Municipal, Felipe Morais Del Lama, o relat\u00f3rio \u00e9 uma ferramenta estrat\u00e9gica para o monitoramento da citricultura local. \u201cTanto o Cancro C\u00edtrico quanto o Greening causam preju\u00edzos significativos aos produtores e representam riscos \u00e0s propriedades vizinhas, j\u00e1 que s\u00e3o doen\u00e7as de f\u00e1cil dissemina\u00e7\u00e3o. No caso do Greening, o controle do psil\u00eddeo, inseto vetor, exige vigil\u00e2ncia constante\u201d, explica.<\/p>\n<p>Para mais informa\u00e7\u00f5es ou esclarecimentos, os produtores podem entrar em contato com a Secretaria de Agricultura, Abastecimento e Meio Ambiente, pelo telefone (19) 3437-4000, ou com a Coordenadoria de Defesa Agropecu\u00e1ria, no n\u00famero (19) 3433-5309.<\/p>\n<\/div>\n<p><br \/>\n<br \/><a href=\"https:\/\/piracicaba.sp.gov.br\/noticias\/secretaria-de-agricultura-abastecimento-e-meio-ambiente-reforca-prazo-para-entrega-de-relatorio-por-citricultores\/\" rel=\"noopener\">Informa\u00e7\u00f5es PMP <\/a><\/p>\n","protected":false},"excerpt":{"rendered":"<p>Young farmers are collecting orange with a smile. Modern agricultural concepts. A Secretaria de Agricultura, Abastecimento e Meio Ambiente refor\u00e7a aos produtores de citros que o prazo para envio do relat\u00f3rio Cancro\/Greening se encerra na pr\u00f3xima ter\u00e7a-feira, 15\/07. O documento \u00e9 obrigat\u00f3rio e deve ser preenchido por meio do sistema informatizado Gedave (Gest\u00e3o de Defesa [&hellip;]<\/p>\n","protected":false},"author":1,"featured_media":38366,"comment_status":"open","ping_status":"open","sticky":false,"template":"","format":"standard","meta":{"_jetpack_newsletter_access":"","_jetpack_dont_email_post_to_subs":false,"_jetpack_newsletter_tier_id":0,"_jetpack_memberships_contains_paywalled_content":false,"_mbp_banners":[],"_jetpack_feature_clip_id":0,"_jetpack_memberships_contains_paid_content":false,"footnotes":"","jetpack_publicize_message":"","jetpack_publicize_feature_enabled":true,"jetpack_social_post_already_shared":true,"jetpack_social_options":{"image_generator_settings":{"template":"highway","default_image_id":0,"font":"","enabled":false},"version":2},"jetpack_post_was_ever_published":false},"categories":[20],"tags":[],"class_list":["post-38365","post","type-post","status-publish","format-standard","has-post-thumbnail","category-regiao"],"jetpack_publicize_connections":[],"jetpack-related-posts":[],"jetpack_shortlink":"https:\/\/wp.me\/p7Eq1F-9YN","jetpack_sharing_enabled":true,"jetpack_featured_media_url":"https:\/\/i0.wp.com\/guialimeira.com.br\/news\/wp-content\/uploads\/2025\/07\/Entrega-do-relatorio-e-obrigatoria-para-que-a-equipe-tecnica-da-Defesa-Agropecuaria-obtenha-informac.jpeg?fit=1024%2C682&ssl=1","_links":{"self":[{"href":"https:\/\/guialimeira.com.br\/news\/wp-json\/wp\/v2\/posts\/38365","targetHints":{"allow":["GET"]}}],"collection":[{"href":"https:\/\/guialimeira.com.br\/news\/wp-json\/wp\/v2\/posts"}],"about":[{"href":"https:\/\/guialimeira.com.br\/news\/wp-json\/wp\/v2\/types\/post"}],"author":[{"embeddable":true,"href":"https:\/\/guialimeira.com.br\/news\/wp-json\/wp\/v2\/users\/1"}],"replies":[{"embeddable":true,"href":"https:\/\/guialimeira.com.br\/news\/wp-json\/wp\/v2\/comments?post=38365"}],"version-history":[{"count":0,"href":"https:\/\/guialimeira.com.br\/news\/wp-json\/wp\/v2\/posts\/38365\/revisions"}],"wp:featuredmedia":[{"embeddable":true,"href":"https:\/\/guialimeira.com.br\/news\/wp-json\/wp\/v2\/media\/38366"}],"wp:attachment":[{"href":"https:\/\/guialimeira.com.br\/news\/wp-json\/wp\/v2\/media?parent=38365"}],"wp:term":[{"taxonomy":"category","embeddable":true,"href":"https:\/\/guialimeira.com.br\/news\/wp-json\/wp\/v2\/categories?post=38365"},{"taxonomy":"post_tag","embeddable":true,"href":"https:\/\/guialimeira.com.br\/news\/wp-json\/wp\/v2\/tags?post=38365"}],"curies":[{"name":"wp","href":"https:\/\/api.w.org\/{rel}","templated":true}]}}